{"id":423,"date":"2015-12-02T15:34:02","date_gmt":"2015-12-02T14:34:02","guid":{"rendered":"http:\/\/www.infopoint.cz\/polsko\/?p=423"},"modified":"2025-05-30T15:57:13","modified_gmt":"2025-05-30T13:57:13","slug":"stonozka","status":"publish","type":"post","link":"https:\/\/www.infopoint.cz\/polsko\/stonozka\/","title":{"rendered":"Stono\u017eka"},"content":{"rendered":"<p>V pond\u011bl\u00ed r\u00e1no m\u011b probudila hn\u011bd\u00e1 stono\u017eka. Lezla po strop\u011b sm\u011brem k posteli. Byla asi 30 cm dlouh\u00e1 a pln\u00e1 \u0161t\u011btin. Kdy\u017e dolezla p\u0159esn\u011b nad moji hlavu, tak se pustila dol\u016f. Sko\u010dila mi rovnou na krk. Intuitivn\u011b jsem po n\u00ed \u0161\u00e1hl pravou rukou ve snaze ji chytit a zahodit pry\u010d. A to m\u011b tot\u00e1ln\u011b probralo. Otev\u0159u o\u010di a stono\u017eka nikde. O to v\u011bt\u0161\u00ed bylo p\u0159ekvapen\u00ed, kdy\u017e jsem rozt\u00e1hl \u017ealuzie&#8230; Na zahrad\u011b byl lehk\u00fd popra\u0161ek sn\u011bhu. V\u00edtej zimo!<a href=\"\/\/www.infopoint.cz\/polsko\/wp-content\/uploads\/sites\/22\/2015\/12\/P1000506_m1.jpg\"><img loading=\"lazy\" decoding=\"async\" class=\"aligncenter wp-image-427 size-medium\" src=\"\/\/www.infopoint.cz\/polsko\/wp-content\/uploads\/sites\/22\/2015\/12\/P1000506_m1-300x225.jpg\" alt=\"zima p\u0159i\u0161la mezi n\u00e1s\" width=\"300\" height=\"225\" srcset=\"https:\/\/www.infopoint.cz\/polsko\/wp-content\/uploads\/sites\/22\/2015\/12\/P1000506_m1-300x225.jpg 300w, https:\/\/www.infopoint.cz\/polsko\/wp-content\/uploads\/sites\/22\/2015\/12\/P1000506_m1-690x518.jpg 690w, https:\/\/www.infopoint.cz\/polsko\/wp-content\/uploads\/sites\/22\/2015\/12\/P1000506_m1.jpg 800w\" sizes=\"auto, (max-width: 300px) 100vw, 300px\" \/><\/a><\/p>\n<p>&nbsp;<\/p>\n<p>&nbsp;<\/p>\n","protected":false},"excerpt":{"rendered":"<p>V pond\u011bl\u00ed r\u00e1no m\u011b probudila hn\u011bd\u00e1 stono\u017eka. Lezla po strop\u011b sm\u011brem k posteli. Byla asi 30 cm dlouh\u00e1 a pln\u00e1 \u0161t\u011btin. Kdy\u017e dolezla p\u0159esn\u011b nad moji hlavu, tak se pustila dol\u016f. Sko\u010dila mi rovnou na krk. Intuitivn\u011b jsem po n\u00ed \u0161\u00e1hl pravou rukou ve snaze ji chytit a zahodit pry\u010d. A to m\u011b tot\u00e1ln\u011b probralo. [&hellip;]<\/p>\n","protected":false},"author":2,"featured_media":0,"comment_status":"open","ping_status":"closed","sticky":false,"template":"","format":"standard","meta":{"ngg_post_thumbnail":0,"footnotes":""},"categories":[20],"tags":[],"class_list":["post-423","post","type-post","status-publish","format-standard","hentry","category-tipy"],"_links":{"self":[{"href":"https:\/\/www.infopoint.cz\/polsko\/wp-json\/wp\/v2\/posts\/423","targetHints":{"allow":["GET"]}}],"collection":[{"href":"https:\/\/www.infopoint.cz\/polsko\/wp-json\/wp\/v2\/posts"}],"about":[{"href":"https:\/\/www.infopoint.cz\/polsko\/wp-json\/wp\/v2\/types\/post"}],"author":[{"embeddable":true,"href":"https:\/\/www.infopoint.cz\/polsko\/wp-json\/wp\/v2\/users\/2"}],"replies":[{"embeddable":true,"href":"https:\/\/www.infopoint.cz\/polsko\/wp-json\/wp\/v2\/comments?post=423"}],"version-history":[{"count":11,"href":"https:\/\/www.infopoint.cz\/polsko\/wp-json\/wp\/v2\/posts\/423\/revisions"}],"predecessor-version":[{"id":6242,"href":"https:\/\/www.infopoint.cz\/polsko\/wp-json\/wp\/v2\/posts\/423\/revisions\/6242"}],"wp:attachment":[{"href":"https:\/\/www.infopoint.cz\/polsko\/wp-json\/wp\/v2\/media?parent=423"}],"wp:term":[{"taxonomy":"category","embeddable":true,"href":"https:\/\/www.infopoint.cz\/polsko\/wp-json\/wp\/v2\/categories?post=423"},{"taxonomy":"post_tag","embeddable":true,"href":"https:\/\/www.infopoint.cz\/polsko\/wp-json\/wp\/v2\/tags?post=423"}],"curies":[{"name":"wp","href":"https:\/\/api.w.org\/{rel}","templated":true}]}}