{"id":4290,"date":"2017-11-14T17:59:06","date_gmt":"2017-11-14T16:59:06","guid":{"rendered":"http:\/\/www.infopoint.cz\/polsko\/?p=4290"},"modified":"2017-11-17T18:00:07","modified_gmt":"2017-11-17T17:00:07","slug":"polsko-na-cele-obrody-evropy-pochod-ve-znameni-rodina-laska-k-vlasti-vira-v-boha","status":"publish","type":"post","link":"https:\/\/www.infopoint.cz\/polsko\/polsko-na-cele-obrody-evropy-pochod-ve-znameni-rodina-laska-k-vlasti-vira-v-boha\/","title":{"rendered":"Polsko na \u010dele obrody Evropy. Pochod ve znamen\u00ed &#8222;Rodina, l\u00e1ska k vlasti, v\u00edra v Boha&#8220;"},"content":{"rendered":"<blockquote><p>Pol\u00e1ci se ve sv\u00e9 historii v\u017edy dok\u00e1zali postavit jak\u00e9koliv zv\u016fli nebo nesvobod\u011b, a\u0165 ji\u017e se jednalo o nacistickou nebo komunistickou totalitu a je tomu i v sou\u010dasnosti, kdy se polsk\u00e1 ve\u0159ejnost stav\u00ed na odpor bruselsk\u00e9 byrokracii.<\/p><\/blockquote>\n<p>Zdroj: <a href=\"https:\/\/roberttroska.blog.idnes.cz\/blog.aspx?c=633865\">https:\/\/roberttroska.blog.idnes.cz\/blog.aspx?c=633865<\/a><\/p>\n","protected":false},"excerpt":{"rendered":"<p>Pol\u00e1ci se ve sv\u00e9 historii v\u017edy dok\u00e1zali postavit jak\u00e9koliv zv\u016fli nebo nesvobod\u011b, a\u0165 ji\u017e se jednalo o nacistickou nebo komunistickou totalitu a je tomu i v sou\u010dasnosti, kdy se polsk\u00e1 ve\u0159ejnost stav\u00ed na odpor bruselsk\u00e9 byrokracii. Zdroj: https:\/\/roberttroska.blog.idnes.cz\/blog.aspx?c=633865<\/p>\n","protected":false},"author":2,"featured_media":0,"comment_status":"open","ping_status":"closed","sticky":false,"template":"","format":"standard","meta":{"ngg_post_thumbnail":0,"footnotes":""},"categories":[24],"tags":[],"class_list":["post-4290","post","type-post","status-publish","format-standard","hentry","category-zajimavosti"],"_links":{"self":[{"href":"https:\/\/www.infopoint.cz\/polsko\/wp-json\/wp\/v2\/posts\/4290","targetHints":{"allow":["GET"]}}],"collection":[{"href":"https:\/\/www.infopoint.cz\/polsko\/wp-json\/wp\/v2\/posts"}],"about":[{"href":"https:\/\/www.infopoint.cz\/polsko\/wp-json\/wp\/v2\/types\/post"}],"author":[{"embeddable":true,"href":"https:\/\/www.infopoint.cz\/polsko\/wp-json\/wp\/v2\/users\/2"}],"replies":[{"embeddable":true,"href":"https:\/\/www.infopoint.cz\/polsko\/wp-json\/wp\/v2\/comments?post=4290"}],"version-history":[{"count":1,"href":"https:\/\/www.infopoint.cz\/polsko\/wp-json\/wp\/v2\/posts\/4290\/revisions"}],"predecessor-version":[{"id":4291,"href":"https:\/\/www.infopoint.cz\/polsko\/wp-json\/wp\/v2\/posts\/4290\/revisions\/4291"}],"wp:attachment":[{"href":"https:\/\/www.infopoint.cz\/polsko\/wp-json\/wp\/v2\/media?parent=4290"}],"wp:term":[{"taxonomy":"category","embeddable":true,"href":"https:\/\/www.infopoint.cz\/polsko\/wp-json\/wp\/v2\/categories?post=4290"},{"taxonomy":"post_tag","embeddable":true,"href":"https:\/\/www.infopoint.cz\/polsko\/wp-json\/wp\/v2\/tags?post=4290"}],"curies":[{"name":"wp","href":"https:\/\/api.w.org\/{rel}","templated":true}]}}