{"id":4314,"date":"2017-11-28T09:37:05","date_gmt":"2017-11-28T08:37:05","guid":{"rendered":"http:\/\/www.infopoint.cz\/polsko\/?p=4314"},"modified":"2017-11-29T09:39:29","modified_gmt":"2017-11-29T08:39:29","slug":"pred-50-lety-vyjel-polsky-fiat-125p-v-cssr-jich-jezdilo-pres-80-tisic","status":"publish","type":"post","link":"https:\/\/www.infopoint.cz\/polsko\/pred-50-lety-vyjel-polsky-fiat-125p-v-cssr-jich-jezdilo-pres-80-tisic\/","title":{"rendered":"P\u0159ed 50 lety vyjel polsk\u00fd Fiat 125p, v \u010cSSR jich jezdilo p\u0159es 80 tis\u00edc"},"content":{"rendered":"<blockquote>\n<div class=\"opener\">Polsk\u00fd automobilov\u00fd pr\u016fmysl je spojen zejm\u00e9na s v\u00fdrobou licen\u010dn\u00edch fiat\u016f. Jedn\u00edm z nej\u00fasp\u011b\u0161n\u011bj\u0161\u00edch byl krom\u011b \u201emalucha\u201c (Fiat 126p) automobil Fiat 125p, kter\u00fd se za\u010dal vyr\u00e1b\u011bt p\u0159ed 50 lety, 28. listopadu 1967.<\/div>\n<\/blockquote>\n<p>Zdroj: <a href=\"https:\/\/auto.idnes.cz\/fiat-125p-polski-010-\/auto_ojetiny.aspx?c=A171128_091921_auto_ojetiny_fdv\">https:\/\/auto.idnes.cz\/fiat-125p-polski-010-\/auto_ojetiny.aspx?c=A171128_091921_auto_ojetiny_fdv<\/a><\/p>\n","protected":false},"excerpt":{"rendered":"<p>Polsk\u00fd automobilov\u00fd pr\u016fmysl je spojen zejm\u00e9na s v\u00fdrobou licen\u010dn\u00edch fiat\u016f. Jedn\u00edm z nej\u00fasp\u011b\u0161n\u011bj\u0161\u00edch byl krom\u011b \u201emalucha\u201c (Fiat 126p) automobil Fiat 125p, kter\u00fd se za\u010dal vyr\u00e1b\u011bt p\u0159ed 50 lety, 28. listopadu 1967. Zdroj: https:\/\/auto.idnes.cz\/fiat-125p-polski-010-\/auto_ojetiny.aspx?c=A171128_091921_auto_ojetiny_fdv<\/p>\n","protected":false},"author":2,"featured_media":0,"comment_status":"open","ping_status":"closed","sticky":false,"template":"","format":"standard","meta":{"ngg_post_thumbnail":0,"footnotes":""},"categories":[24],"tags":[27],"class_list":["post-4314","post","type-post","status-publish","format-standard","hentry","category-zajimavosti","tag-auta"],"_links":{"self":[{"href":"https:\/\/www.infopoint.cz\/polsko\/wp-json\/wp\/v2\/posts\/4314","targetHints":{"allow":["GET"]}}],"collection":[{"href":"https:\/\/www.infopoint.cz\/polsko\/wp-json\/wp\/v2\/posts"}],"about":[{"href":"https:\/\/www.infopoint.cz\/polsko\/wp-json\/wp\/v2\/types\/post"}],"author":[{"embeddable":true,"href":"https:\/\/www.infopoint.cz\/polsko\/wp-json\/wp\/v2\/users\/2"}],"replies":[{"embeddable":true,"href":"https:\/\/www.infopoint.cz\/polsko\/wp-json\/wp\/v2\/comments?post=4314"}],"version-history":[{"count":2,"href":"https:\/\/www.infopoint.cz\/polsko\/wp-json\/wp\/v2\/posts\/4314\/revisions"}],"predecessor-version":[{"id":4316,"href":"https:\/\/www.infopoint.cz\/polsko\/wp-json\/wp\/v2\/posts\/4314\/revisions\/4316"}],"wp:attachment":[{"href":"https:\/\/www.infopoint.cz\/polsko\/wp-json\/wp\/v2\/media?parent=4314"}],"wp:term":[{"taxonomy":"category","embeddable":true,"href":"https:\/\/www.infopoint.cz\/polsko\/wp-json\/wp\/v2\/categories?post=4314"},{"taxonomy":"post_tag","embeddable":true,"href":"https:\/\/www.infopoint.cz\/polsko\/wp-json\/wp\/v2\/tags?post=4314"}],"curies":[{"name":"wp","href":"https:\/\/api.w.org\/{rel}","templated":true}]}}