{"id":4317,"date":"2017-11-03T09:51:27","date_gmt":"2017-11-03T08:51:27","guid":{"rendered":"http:\/\/www.infopoint.cz\/polsko\/?p=4317"},"modified":"2020-06-24T09:39:49","modified_gmt":"2020-06-24T07:39:49","slug":"cesko-ma-nove-velvyslance-v-polsku-afghanistanu-a-makedonii","status":"publish","type":"post","link":"https:\/\/www.infopoint.cz\/polsko\/cesko-ma-nove-velvyslance-v-polsku-afghanistanu-a-makedonii\/","title":{"rendered":"\u010cesko m\u00e1 nov\u00e9 velvyslance v Polsku, Afgh\u00e1nist\u00e1nu a Makedonii"},"content":{"rendered":"<blockquote><p>N\u011bkolik nov\u00fdch \u010desk\u00fdch velvyslanc\u016f nastoupilo v \u0159\u00edjnu ofici\u00e1ln\u011b do \u010dela ambas\u00e1d. Sv\u00e9 pov\u011b\u0159ovac\u00ed listiny p\u0159edali velvyslanci v Kuvajtu, Afgh\u00e1nist\u00e1nu a Makedonii. Nov\u00e9 zastoupen\u00ed m\u00e1 \u010cesk\u00e1 republika tak\u00e9 v Polsku, kde ale nov\u00fd velvyslanec Ivan Jest\u0159\u00e1b zat\u00edm odevzdal pouze kopii pov\u011b\u0159en\u00ed, sd\u011blilo v p\u00e1tek ministerstvo zahrani\u010d\u00ed.<\/p><\/blockquote>\n<p>Zdroj: <a href=\"https:\/\/www.tyden.cz\/rubriky\/domaci\/cesko-ma-nove-velvyslance-v-polsku-afghanistanu-a-makedonii_453213.html\">https:\/\/www.tyden.cz\/rubriky\/domaci\/cesko-ma-nove-velvyslance-v-polsku-afghanistanu-a-makedonii_453213.html<\/a><\/p>\n<p>Struktura: <a href=\"http:\/\/www.mzv.cz\/warsaw\/cz\/o_velvyslanectvi\/organizacni_struktura_velvyslanectvi\/index.html\">http:\/\/www.mzv.cz\/warsaw\/cz\/o_velvyslanectvi\/organizacni_struktura_velvyslanectvi\/index.html<\/a><\/p>\n<p>Vzd\u011bl\u00e1n\u00ed: <a href=\"http:\/\/www.parlamentnilisty.cz\/arena\/monitor\/Zaoralku-vzdyt-ten-clovek-ma-MGIMO-Novy-funkcionar-ministerstva-zahranici-budi-rozruch-371883\">http:\/\/www.parlamentnilisty.cz\/arena\/monitor\/Zaoralku-vzdyt-ten-clovek-ma-MGIMO-Novy-funkcionar-ministerstva-zahranici-budi-rozruch-371883<\/a><\/p>\n<p>Fotografie: <a href=\"http:\/\/www.mzv.cz\/jnp\/cz\/udalosti_a_media\/galerie_fotografii\/byvali_ministri\/karel_schwarzenberg\/x2013_04_11_navsteva_armenie.html\">http:\/\/www.mzv.cz\/jnp\/cz\/udalosti_a_media\/galerie_fotografii\/byvali_ministri\/karel_schwarzenberg\/x2013_04_11_navsteva_armenie.html<\/a><\/p>\n<p><a href=\"http:\/\/www.mzv.cz\/warsaw\/cz\/zpravy_a_udalosti\/novy_cesky_velvyslanec_v_polsku_dr_ivan.html\">http:\/\/www.mzv.cz\/warsaw\/cz\/zpravy_a_udalosti\/novy_cesky_velvyslanec_v_polsku_dr_ivan.html<\/a><\/p>\n<p>&nbsp;<\/p>\n","protected":false},"excerpt":{"rendered":"<p>N\u011bkolik nov\u00fdch \u010desk\u00fdch velvyslanc\u016f nastoupilo v \u0159\u00edjnu ofici\u00e1ln\u011b do \u010dela ambas\u00e1d. Sv\u00e9 pov\u011b\u0159ovac\u00ed listiny p\u0159edali velvyslanci v Kuvajtu, Afgh\u00e1nist\u00e1nu a Makedonii. Nov\u00e9 zastoupen\u00ed m\u00e1 \u010cesk\u00e1 republika tak\u00e9 v Polsku, kde ale nov\u00fd velvyslanec Ivan Jest\u0159\u00e1b zat\u00edm odevzdal pouze kopii pov\u011b\u0159en\u00ed, sd\u011blilo v p\u00e1tek ministerstvo zahrani\u010d\u00ed. Zdroj: https:\/\/www.tyden.cz\/rubriky\/domaci\/cesko-ma-nove-velvyslance-v-polsku-afghanistanu-a-makedonii_453213.html Struktura: http:\/\/www.mzv.cz\/warsaw\/cz\/o_velvyslanectvi\/organizacni_struktura_velvyslanectvi\/index.html Vzd\u011bl\u00e1n\u00ed: http:\/\/www.parlamentnilisty.cz\/arena\/monitor\/Zaoralku-vzdyt-ten-clovek-ma-MGIMO-Novy-funkcionar-ministerstva-zahranici-budi-rozruch-371883 Fotografie: http:\/\/www.mzv.cz\/jnp\/cz\/udalosti_a_media\/galerie_fotografii\/byvali_ministri\/karel_schwarzenberg\/x2013_04_11_navsteva_armenie.html http:\/\/www.mzv.cz\/warsaw\/cz\/zpravy_a_udalosti\/novy_cesky_velvyslanec_v_polsku_dr_ivan.html &nbsp;<\/p>\n","protected":false},"author":2,"featured_media":0,"comment_status":"open","ping_status":"closed","sticky":false,"template":"","format":"standard","meta":{"ngg_post_thumbnail":0,"footnotes":""},"categories":[24],"tags":[33],"class_list":["post-4317","post","type-post","status-publish","format-standard","hentry","category-zajimavosti","tag-diplomacie"],"_links":{"self":[{"href":"https:\/\/www.infopoint.cz\/polsko\/wp-json\/wp\/v2\/posts\/4317","targetHints":{"allow":["GET"]}}],"collection":[{"href":"https:\/\/www.infopoint.cz\/polsko\/wp-json\/wp\/v2\/posts"}],"about":[{"href":"https:\/\/www.infopoint.cz\/polsko\/wp-json\/wp\/v2\/types\/post"}],"author":[{"embeddable":true,"href":"https:\/\/www.infopoint.cz\/polsko\/wp-json\/wp\/v2\/users\/2"}],"replies":[{"embeddable":true,"href":"https:\/\/www.infopoint.cz\/polsko\/wp-json\/wp\/v2\/comments?post=4317"}],"version-history":[{"count":4,"href":"https:\/\/www.infopoint.cz\/polsko\/wp-json\/wp\/v2\/posts\/4317\/revisions"}],"predecessor-version":[{"id":4321,"href":"https:\/\/www.infopoint.cz\/polsko\/wp-json\/wp\/v2\/posts\/4317\/revisions\/4321"}],"wp:attachment":[{"href":"https:\/\/www.infopoint.cz\/polsko\/wp-json\/wp\/v2\/media?parent=4317"}],"wp:term":[{"taxonomy":"category","embeddable":true,"href":"https:\/\/www.infopoint.cz\/polsko\/wp-json\/wp\/v2\/categories?post=4317"},{"taxonomy":"post_tag","embeddable":true,"href":"https:\/\/www.infopoint.cz\/polsko\/wp-json\/wp\/v2\/tags?post=4317"}],"curies":[{"name":"wp","href":"https:\/\/api.w.org\/{rel}","templated":true}]}}