{"id":4324,"date":"2017-11-11T20:06:03","date_gmt":"2017-11-11T19:06:03","guid":{"rendered":"http:\/\/www.infopoint.cz\/polsko\/?p=4324"},"modified":"2017-12-01T20:07:32","modified_gmt":"2017-12-01T19:07:32","slug":"svatek-nezavislosti","status":"publish","type":"post","link":"https:\/\/www.infopoint.cz\/polsko\/svatek-nezavislosti\/","title":{"rendered":"Sv\u00e1tek nez\u00e1vislosti"},"content":{"rendered":"<p>Polsko slav\u00ed 11. listopadu sv\u00e1tek nez\u00e1vislosti, jako p\u0159ipom\u00ednku sjednocen\u00ed \u010d\u00e1st\u00ed \u00fazem\u00ed zabran\u00fdch&nbsp;<a href=\"https:\/\/cs.wikipedia.org\/wiki\/Rusko\" data-saferedirecturl=\"https:\/\/www.google.com\/url?hl=cs&amp;q=https:\/\/cs.wikipedia.org\/wiki\/Rusko&amp;source=gmail&amp;ust=1512232948861000&amp;usg=AFQjCNFBhTG9z5DdefLQ2FKOlOX1NhSj6g\">Ruskem<\/a>,&nbsp;<a href=\"https:\/\/cs.wikipedia.org\/wiki\/N%C4%9Bmecko\" data-saferedirecturl=\"https:\/\/www.google.com\/url?hl=cs&amp;q=https:\/\/cs.wikipedia.org\/wiki\/N%25C4%259Bmecko&amp;source=gmail&amp;ust=1512232948861000&amp;usg=AFQjCNGkvqkxpGJw5F-LiPvIAGC6TByZjQ\">N\u011bmeckem<\/a>&nbsp;a&nbsp;<a href=\"https:\/\/cs.wikipedia.org\/wiki\/Rakousko\" data-saferedirecturl=\"https:\/\/www.google.com\/url?hl=cs&amp;q=https:\/\/cs.wikipedia.org\/wiki\/Rakousko&amp;source=gmail&amp;ust=1512232948861000&amp;usg=AFQjCNHFZFI-4oHy5TPMLxgeAUSGYHfVqQ\">Rakouskem<\/a> na konci 18. stolet\u00ed . Ka\u017ed\u00fd rok se u t\u00e9to p\u0159\u00edle\u017eitosti b\u011b\u017e\u00ed v&nbsp;ka\u017ed\u00e9m v\u011bt\u0161\u00edm polsk\u00e9m m\u011bst\u011b tzv. Bieg Niepodleglosci. Nejinak je tomu ve Var\u0161av\u011b. Letos ji\u017e po dvac\u00e1t\u00e9 dev\u00e1t\u00e9 b\u011b\u017e\u00ed \u010dervenobil\u00fd proud b\u011b\u017ec\u016f, p\u0159ipom\u00ednaj\u00edc\u00ed polskou vlajku, trasu dlouhou 10km. A v&nbsp;tomto proudu m\u011bla letos \u010cesk\u00e1 republika minim\u00e1ln\u011b jednoho z\u00e1stupce.<\/p>\n<p>Jeho \u00fa\u010dast za\u010dala v&nbsp;\u010dervenci nez\u00e1vaznou debatou na grilova\u010dce u koleg\u016f, fin\u00e1ln\u00ed z\u00e1vazek byl stvrzen online p\u0159ihl\u00e1\u0161kou a zaplacen\u00edm startovn\u00edho poplatku 50 PLN. Nastala doba tvrd\u00e9 p\u0159\u00edpravy \u2013 tr\u00e9nink 3x t\u00fddn\u011b v&nbsp;Kab\u00e1tsk\u00e9m lese. Nejednalo se o pouhou \u00fa\u010dast, ale tak\u00e9 o dob\u011bhnut\u00ed v&nbsp;dan\u00e9m \u010dase \u2013 pod 60 minut. Z\u00e1vod se bl\u00ed\u017eil, do tr\u00e9ninku zasahovalo po\u010das\u00ed a jin\u00e9 nep\u0159edv\u00eddateln\u00e9 ud\u00e1losti. P\u0159\u00edprava vyvrcholila 27. listopadu vyzvednut\u00edm \u201epakietu\u201c \u2013 b\u00edl\u00e9ho b\u011b\u017eeck\u00e9ho trika, startovn\u00edho \u010d\u00edsla a n\u011bkolika dal\u0161\u00edch drobnost\u00ed.<\/p>\n<p>Tak, a je tady 11.listopad. Ji\u017e od devat\u00e9 hodiny se za\u010d\u00ednaj\u00ed sch\u00e1zet b\u011b\u017eci. Jsou v&nbsp;m\u011bstsk\u00e9 doprav\u011b snadno identifikovateln\u00ed sv\u00fdmi b\u011b\u017eeck\u00fdmi \u00fabory. Shroma\u017e\u010fuj\u00ed se v&nbsp;okol\u00ed n\u00e1kupn\u00edho centra Arkadia, odkud z\u00e1vod startuje. A\u010dkoli jsou obchody v&nbsp;tento sv\u00e1te\u010dn\u00ed den zav\u0159en\u00e9, Arkadia prask\u00e1 ve \u0161vech. Osmn\u00e1ct tis\u00edc z\u00e1vodn\u00edk\u016f se v&nbsp;jej\u00edch \u00fatrob\u00e1ch a okol\u00ed p\u0159ipravuj\u00ed na b\u011bh. Je zima a fouk\u00e1 ledov\u00fd v\u00edtr. Start t\u011bch nejrychlej\u0161\u00edch za\u010d\u00edn\u00e1 p\u0159esn\u011b 11.11. v&nbsp;11:11 hodin. Postupn\u011b doch\u00e1z\u00ed i na skupinu b\u011b\u017e\u00edc\u00ed v&nbsp;\u010dasov\u00e9m limitu 57-60min. Po startu rodinn\u00e1 podpora nevydr\u017e\u00ed a rychle se jde ukr\u00fdt p\u0159ed v\u011btrem do Costa Cafe v \u00fatrob\u00e1ch n\u00e1kupn\u00edho centra. Tepl\u00e9 kapu\u010d\u00edno a \u00fa\u017easn\u00fd svatomartinsk\u00fd rohl\u00ed\u010dek bodne. Do Arkadii se vracej\u00ed prvn\u00ed finalist\u00e9. Po hodin\u011b jdu hledat man\u017eela. Jeliko\u017e jsme si nedomluvili m\u00edsto, sama sob\u011b p\u0159izn\u00e1v\u00e1m, \u017ee potkat ho v&nbsp;tom obrovsk\u00e9 davu bude zcela nemo\u017en\u00e9. Po patn\u00e1ctiminutov\u00e9m post\u00e1v\u00e1n\u00ed u jednoho ze vstupu do n\u00e1kupn\u00edho centra se instinktivn\u011b vyd\u00e1v\u00e1m na m\u00edsto na\u0161\u00ed p\u0159\u00edpravy a nal\u00e9z\u00e1m vy\u010derpan\u00e9ho, ale \u0161\u0165astn\u00e9ho man\u017eela. Dob\u011bhl ve sv\u00e9m osobn\u00edm rekordu 59 minut a na hrudi se mu t\u0159\u00edm\u00e1 pam\u011btnick\u00e1 medaile.<\/p>\n<p>Sv\u00e1te\u010dn\u00ed dopoledne kon\u010d\u00edme spole\u010dn\u011b s&nbsp;polsk\u00fdmi, n\u011bmeck\u00fdmi a holandsk\u00fdmi zn\u00e1m\u00fdmi v&nbsp;restauraci nad pizzou, kach\u00fdnkou, t\u011bstovinami \u2013 prost\u011b nad t\u00edm, co m\u00e1 ka\u017ed\u00fd r\u00e1d a na co se po n\u00e1ro\u010dn\u00e9m v\u00fdkonu c\u00edt\u00ed.<\/p>\n<p>Napsala: \u0160\u00e1rka<\/p>\n","protected":false},"excerpt":{"rendered":"<p>Polsko slav\u00ed 11. listopadu sv\u00e1tek nez\u00e1vislosti, jako p\u0159ipom\u00ednku sjednocen\u00ed \u010d\u00e1st\u00ed \u00fazem\u00ed zabran\u00fdch&nbsp;Ruskem,&nbsp;N\u011bmeckem&nbsp;a&nbsp;Rakouskem na konci 18. stolet\u00ed . Ka\u017ed\u00fd rok se u t\u00e9to p\u0159\u00edle\u017eitosti b\u011b\u017e\u00ed v&nbsp;ka\u017ed\u00e9m v\u011bt\u0161\u00edm polsk\u00e9m m\u011bst\u011b tzv. Bieg Niepodleglosci. Nejinak je tomu ve Var\u0161av\u011b. Letos ji\u017e po dvac\u00e1t\u00e9 dev\u00e1t\u00e9 b\u011b\u017e\u00ed \u010dervenobil\u00fd proud b\u011b\u017ec\u016f, p\u0159ipom\u00ednaj\u00edc\u00ed polskou vlajku, trasu dlouhou 10km. A v&nbsp;tomto proudu m\u011bla [&hellip;]<\/p>\n","protected":false},"author":2,"featured_media":0,"comment_status":"open","ping_status":"closed","sticky":false,"template":"","format":"standard","meta":{"ngg_post_thumbnail":0,"footnotes":""},"categories":[24],"tags":[],"class_list":["post-4324","post","type-post","status-publish","format-standard","hentry","category-zajimavosti"],"_links":{"self":[{"href":"https:\/\/www.infopoint.cz\/polsko\/wp-json\/wp\/v2\/posts\/4324","targetHints":{"allow":["GET"]}}],"collection":[{"href":"https:\/\/www.infopoint.cz\/polsko\/wp-json\/wp\/v2\/posts"}],"about":[{"href":"https:\/\/www.infopoint.cz\/polsko\/wp-json\/wp\/v2\/types\/post"}],"author":[{"embeddable":true,"href":"https:\/\/www.infopoint.cz\/polsko\/wp-json\/wp\/v2\/users\/2"}],"replies":[{"embeddable":true,"href":"https:\/\/www.infopoint.cz\/polsko\/wp-json\/wp\/v2\/comments?post=4324"}],"version-history":[{"count":1,"href":"https:\/\/www.infopoint.cz\/polsko\/wp-json\/wp\/v2\/posts\/4324\/revisions"}],"predecessor-version":[{"id":4325,"href":"https:\/\/www.infopoint.cz\/polsko\/wp-json\/wp\/v2\/posts\/4324\/revisions\/4325"}],"wp:attachment":[{"href":"https:\/\/www.infopoint.cz\/polsko\/wp-json\/wp\/v2\/media?parent=4324"}],"wp:term":[{"taxonomy":"category","embeddable":true,"href":"https:\/\/www.infopoint.cz\/polsko\/wp-json\/wp\/v2\/categories?post=4324"},{"taxonomy":"post_tag","embeddable":true,"href":"https:\/\/www.infopoint.cz\/polsko\/wp-json\/wp\/v2\/tags?post=4324"}],"curies":[{"name":"wp","href":"https:\/\/api.w.org\/{rel}","templated":true}]}}