{"id":4328,"date":"2017-12-01T20:16:04","date_gmt":"2017-12-01T19:16:04","guid":{"rendered":"http:\/\/www.infopoint.cz\/polsko\/?p=4328"},"modified":"2017-12-01T21:05:44","modified_gmt":"2017-12-01T20:05:44","slug":"coming-out-2017","status":"publish","type":"post","link":"https:\/\/www.infopoint.cz\/polsko\/coming-out-2017\/","title":{"rendered":"Coming Out 2017"},"content":{"rendered":"<p>Dne\u0161n\u00ed&nbsp; K\u010c byl mimo\u0159\u00e1dn\u011bj\u0161\u00ed ne\u017e jindy, po 2 m\u011bs\u00edc\u00edch se se\u0161lo kompletn\u00ed&nbsp; &#8222;zdrav\u00e9 j\u00e1dro'&#8220; na\u0161\u00ed parti\u010dky, p\u0159i\u0161la toti\u017e i Maru\u0161ka a to dokonce i s eco jahodami!&nbsp; Mimo\u0159\u00e1dn\u00e1 byla i v\u00fdstava a mimo\u0159\u00e1dn\u011b v\u00fdborn\u00fd i ob\u00eddek (a tak\u00e9 mimo\u0159\u00e1dn\u011b rychle jsem toto shrnut\u00ed napsala, jen po jednom upozorn\u011bn\u00ed Danu\u0161ky..)<\/p>\n<p>Co u\u017e nebylo tak mimo\u0159\u00e1dn\u00e9ho, ale kr\u00e1sn\u011b tradi\u010dn\u00edho, v\u00fdborn\u00fd za\u010d\u00e1tek dne s kaf\u00ed\u010dkem a dobr\u016ftkami (v\u010detn\u011b Margitky pudingu), odborn\u00e9 diskuse t\u0159eba o soli a hlubok\u00e9 filosofick\u00e9 \u00favahy, fronta na z\u00e1chod p\u0159ed odchodem na autobus, burza l\u00edstk\u016f MHD, hlu\u010dn\u00e1 j\u00edzda autobusem a sp\u011bch p\u0159i zp\u00e1te\u010dn\u00ed cest\u011b z na\u0161eho v\u00fdletu.<\/p>\n<p><a class=\"ngg-fancybox\" title=\" \" href=\"https:\/\/www.infopoint.cz\/polsko\/wp-content\/uploads\/sites\/22\/nggallery\/coming_out_2017\/m07.jpg\" rel=\"\" data-image-id=\"1275\" data-src=\"https:\/\/www.infopoint.cz\/polsko\/wp-content\/uploads\/sites\/22\/nggallery\/coming_out_2017\/m07.jpg\" data-thumbnail=\"https:\/\/www.infopoint.cz\/polsko\/wp-content\/uploads\/sites\/22\/nggallery\/coming_out_2017\/thumbs\/thumbs_m07.jpg\" data-title=\"m07\" data-description=\" \"><img decoding=\"async\" class=\"ngg-singlepic ngg-left alignleft\" src=\"https:\/\/www.infopoint.cz\/polsko\/wp-content\/uploads\/sites\/22\/nggallery\/coming_out_2017\/thumbs\/thumbs_m07.jpg\" alt=\"m07\"><\/a>Kulturn\u00ed \u010d\u00e1st dne\u0161n\u00edho dne byla tentokr\u00e1t zam\u011b\u0159ena na prohl\u00eddku a hlavn\u011b na\u0161e odborn\u00e1&nbsp;hodnocen\u00ed 37 absolventsk\u00fdch prac\u00ed student\u016f dev\u00edti fakult Akademie v\u00fdtvarn\u00fdch um\u011bn\u00ed ve Var\u0161av\u011b.<\/p>\n<p>U\u017e samotn\u00fd prostor v\u00fdstavy nazvan\u00e9 <a href=\"https:\/\/www.facebook.com\/ASP.COMING.OuT\/\">Coming Out 2017<\/a> byl zvl\u00e1\u0161tn\u00ed, Reduta Banku Polskiego na adrese <a href=\"https:\/\/maps.google.com\/?q=Biela%C5%84ska+10&amp;entry=gmail&amp;source=g\">Biela\u0144ska 10<\/a> (pobl\u00ed\u017e Placu Bankowego).&nbsp;<\/p>\n<p>V 18. stolet\u00ed tu byla mincovna kr\u00e1le Stanislava Augusta Poniatowsk\u00e9ho. <a class=\"ngg-fancybox\" title=\" \" href=\"https:\/\/www.infopoint.cz\/polsko\/wp-content\/uploads\/sites\/22\/nggallery\/coming_out_2017\/m02.jpg\" rel=\"\" data-image-id=\"1270\" data-src=\"https:\/\/www.infopoint.cz\/polsko\/wp-content\/uploads\/sites\/22\/nggallery\/coming_out_2017\/m02.jpg\" data-thumbnail=\"https:\/\/www.infopoint.cz\/polsko\/wp-content\/uploads\/sites\/22\/nggallery\/coming_out_2017\/thumbs\/thumbs_m02.jpg\" data-title=\"m02\" data-description=\" \"><img decoding=\"async\" class=\"ngg-singlepic ngg-right alignright\" src=\"https:\/\/www.infopoint.cz\/polsko\/wp-content\/uploads\/sites\/22\/nggallery\/coming_out_2017\/thumbs\/thumbs_m02.jpg\" alt=\"m02\"><\/a>Na po\u010d\u00e1tku 20. stolet\u00ed byla zbo\u0159ena, aby ji nahradila nov\u00e1 budova Rusk\u00e9 st\u00e1tn\u00ed banky. Po obnoven\u00ed nez\u00e1vislosti se zde nach\u00e1zel polsk\u00fd N\u00e1rodn\u00ed fond \u00fav\u011br\u016f. B\u011bhem druh\u00e9 sv\u011btov\u00e9 v\u00e1lky byla budova s\u00eddlem banky emis\u00ed. V roce 1944, b\u011bhem Var\u0161avsk\u00e9ho povst\u00e1n\u00ed, byla budova a jej\u00ed okol\u00ed m\u00edstem t\u011b\u017ek\u00fdch boj\u016f. Zachovalo se pouze z\u00e1padn\u00ed k\u0159\u00eddlo. Dnes je budova zrekonstruovana, zachov\u00e1ny&nbsp; jsou p\u016fvodn\u00ed surov\u00e9 cihlov\u00e9 st\u011bny a prostor je pronaj\u00edm\u00e1n, nap\u0159. na svatby.)<\/p>\n<p>Pr\u00e1ce byly opravdu zaj\u00edmav\u00e9 a ka\u017ed\u00fd z n\u00e1s si odnesl sv\u016fj pohled a n\u00e1zor na tvorbu talentovan\u00fdch mlad\u00fdch um\u011blc\u016f (Danu\u0161ka si nav\u00edc odnesla i kr\u00e1snou kn\u00ed\u017eku o v\u00fdstav\u011b). M\u011b nap\u0159\u00edklad zaujalo ztv\u00e1rn\u011bn\u00ed \u00fazkosti, bezmoci a omezen\u00ed od Katarzyny Rozwadowskiej-Myjak v pr\u00e1ci nazvan\u00e9 S\u00fdrie uprchl\u00edci.&nbsp;<\/p>\n<p><a class=\"ngg-fancybox\" title=\" \" href=\"https:\/\/www.infopoint.cz\/polsko\/wp-content\/uploads\/sites\/22\/nggallery\/coming_out_2017\/m04.jpg\" rel=\"\" data-image-id=\"1272\" data-src=\"https:\/\/www.infopoint.cz\/polsko\/wp-content\/uploads\/sites\/22\/nggallery\/coming_out_2017\/m04.jpg\" data-thumbnail=\"https:\/\/www.infopoint.cz\/polsko\/wp-content\/uploads\/sites\/22\/nggallery\/coming_out_2017\/thumbs\/thumbs_m04.jpg\" data-title=\"m04\" data-description=\" \"><img decoding=\"async\" class=\"ngg-singlepic ngg-left alignleft\" src=\"https:\/\/www.infopoint.cz\/polsko\/wp-content\/uploads\/sites\/22\/nggallery\/coming_out_2017\/thumbs\/thumbs_m04.jpg\" alt=\"m04\"><\/a>Zaj\u00edmav\u00e1 byla pro v\u0161echny z n\u00e1s i Natalia Bimer s prac\u00ed nazvanou Dosp\u00edv\u00e1n\u00ed.<\/p>\n<p>Symbolizuje proces p\u0159em\u011bny, narozen\u00ed a dosp\u00edv\u00e1n\u00ed. P\u0159i t\u00e9to zm\u011bn\u011b jsme sv\u00fdm zp\u016fsobem odizolov\u00e1ni od vn\u011bj\u0161\u00edho sv\u011bta, soust\u0159ed\u00edme se toti\u017e na vlastn\u00ed probl\u00e9my a svoje vnit\u0159n\u00ed hodnoty.&nbsp;<\/p>\n<p>Natalie pou\u017eila kousky r\u00fd\u017eov\u00e9ho pap\u00edru poti\u0161t\u011bn\u00e9ho \u0161upinami ryb, kter\u00fd um\u00edstila na kovovou konstrukci tvaru kokonu. D\u00edky pr\u016fhledn<a class=\"ngg-fancybox\" title=\" \" href=\"https:\/\/www.infopoint.cz\/polsko\/wp-content\/uploads\/sites\/22\/nggallery\/coming_out_2017\/m03.jpg\" rel=\"\" data-image-id=\"1271\" data-src=\"https:\/\/www.infopoint.cz\/polsko\/wp-content\/uploads\/sites\/22\/nggallery\/coming_out_2017\/m03.jpg\" data-thumbnail=\"https:\/\/www.infopoint.cz\/polsko\/wp-content\/uploads\/sites\/22\/nggallery\/coming_out_2017\/thumbs\/thumbs_m03.jpg\" data-title=\"m03\" data-description=\" \"><img decoding=\"async\" class=\"ngg-singlepic ngg-right alignright\" src=\"https:\/\/www.infopoint.cz\/polsko\/wp-content\/uploads\/sites\/22\/nggallery\/coming_out_2017\/thumbs\/thumbs_m03.jpg\" alt=\"m03\"><\/a>osti materi\u00e1lu je vnit\u0159ek tohoto \u00fatvaru dob\u0159e prosv\u011btlen\u00fd a mal\u00fdm otvorem je tak vid\u011bt postavi\u010dka zto\u010den\u00e1 do embrion\u00e1ln\u00ed pozice. Je to 3D tisk\u00e1rnou vytvo\u0159en\u00fd odlitek samotn\u00e9 autorky. Celek tak p\u0159edstavuje malou Natalii schoulena do jej\u00ed vlastn\u00ed kukly, obraz jej\u00ed existence, jej\u00ed soukromou kuklu, kter\u00e1 ji chr\u00e1n\u00ed ne p\u0159ed sebe samou, ale p\u0159ed vn\u011bj\u0161\u00edm sv\u011btem.&nbsp;&nbsp;<\/p>\n<p>\u0160koda jen, \u017ee tu nebyly k otestov\u00e1n\u00ed i absolventsk\u00e9 pr\u00e1ce talentovan\u00fdch kucha\u0159\u016f a cukr\u00e1\u0159\u016f. &#8222;Vyhnal&#8220; n\u00e1s toti\u017e hlad.<\/p>\n<p><a class=\"ngg-fancybox\" title=\" \" href=\"https:\/\/www.infopoint.cz\/polsko\/wp-content\/uploads\/sites\/22\/nggallery\/coming_out_2017\/m15.jpg\" rel=\"\" data-image-id=\"1283\" data-src=\"https:\/\/www.infopoint.cz\/polsko\/wp-content\/uploads\/sites\/22\/nggallery\/coming_out_2017\/m15.jpg\" data-thumbnail=\"https:\/\/www.infopoint.cz\/polsko\/wp-content\/uploads\/sites\/22\/nggallery\/coming_out_2017\/thumbs\/thumbs_m15.jpg\" data-title=\"m15\" data-description=\" \"><img decoding=\"async\" class=\"ngg-singlepic ngg-left alignleft\" src=\"https:\/\/www.infopoint.cz\/polsko\/wp-content\/uploads\/sites\/22\/nggallery\/coming_out_2017\/thumbs\/thumbs_m15.jpg\" alt=\"m15\"><\/a>N\u00e1\u0161 ob\u00eddek v restauraci <a href=\"https:\/\/www.infopoint.cz\/polsko\/thaisty\/\">Thaisty<\/a> byl opravdu vynikaj\u00edc\u00ed, pro\u010d&nbsp;jsme tu nebyli u\u017e n\u011bkdy d\u0159\u00edve?<\/p>\n<p>Tak jsme si rozj\u00edmali, diskutovali a pl\u00e1novali i bohu\u017eel posledn\u00ed setk\u00e1n\u00ed s Helenkou (jen tady ale ve Var\u0161av\u011b!, jinak se s n\u00ed samoz\u0159ejm\u011b nelou\u010d\u00edme, sl\u00edbila zalo\u017eit v Praze pobo\u010dku &#8222;kulturn\u00edch \u010dtvrtk\u016f&#8220;!)&#8230; a nastal \u010das zakon\u010dit spole\u010dn\u00fd kr\u00e1sn\u00fd v\u00fdlet a rychle na tramvaj a do \u0161koly (p\u0159ijeli jsme pozd\u011b, proto\u017ee tramvaj nejela, jen autobus..).<\/p>\n<div>\n<p>Napsala pro <a href=\"https:\/\/www.infopoint.cz\/polsko\/category\/kulturni-ctvrtky\/\">kulturn\u00ed \u010dtvrtek<\/a> 30.11.2017: Monika<\/p>\n<p><a href=\"https:\/\/www.infopoint.cz\/polsko\/fotogalerie\/rok-2017\/\">M\u016f\u017eete se tak\u00e9 pod\u00edvat na ostatn\u00ed fotografie.<\/a><\/p>\n<\/div>\n","protected":false},"excerpt":{"rendered":"<p>Dne\u0161n\u00ed&nbsp; K\u010c byl mimo\u0159\u00e1dn\u011bj\u0161\u00ed ne\u017e jindy, po 2 m\u011bs\u00edc\u00edch se se\u0161lo kompletn\u00ed&nbsp; &#8222;zdrav\u00e9 j\u00e1dro&#8217;&#8220; na\u0161\u00ed parti\u010dky, p\u0159i\u0161la toti\u017e i Maru\u0161ka a to dokonce i s eco jahodami!&nbsp; Mimo\u0159\u00e1dn\u00e1 byla i v\u00fdstava a mimo\u0159\u00e1dn\u011b v\u00fdborn\u00fd i ob\u00eddek (a tak\u00e9 mimo\u0159\u00e1dn\u011b rychle jsem toto shrnut\u00ed napsala, jen po jednom upozorn\u011bn\u00ed Danu\u0161ky..) Co u\u017e nebylo tak mimo\u0159\u00e1dn\u00e9ho, ale [&hellip;]<\/p>\n","protected":false},"author":2,"featured_media":0,"comment_status":"open","ping_status":"closed","sticky":false,"template":"","format":"standard","meta":{"ngg_post_thumbnail":0,"footnotes":""},"categories":[2],"tags":[],"class_list":["post-4328","post","type-post","status-publish","format-standard","hentry","category-kulturni-ctvrtky"],"_links":{"self":[{"href":"https:\/\/www.infopoint.cz\/polsko\/wp-json\/wp\/v2\/posts\/4328","targetHints":{"allow":["GET"]}}],"collection":[{"href":"https:\/\/www.infopoint.cz\/polsko\/wp-json\/wp\/v2\/posts"}],"about":[{"href":"https:\/\/www.infopoint.cz\/polsko\/wp-json\/wp\/v2\/types\/post"}],"author":[{"embeddable":true,"href":"https:\/\/www.infopoint.cz\/polsko\/wp-json\/wp\/v2\/users\/2"}],"replies":[{"embeddable":true,"href":"https:\/\/www.infopoint.cz\/polsko\/wp-json\/wp\/v2\/comments?post=4328"}],"version-history":[{"count":7,"href":"https:\/\/www.infopoint.cz\/polsko\/wp-json\/wp\/v2\/posts\/4328\/revisions"}],"predecessor-version":[{"id":4377,"href":"https:\/\/www.infopoint.cz\/polsko\/wp-json\/wp\/v2\/posts\/4328\/revisions\/4377"}],"wp:attachment":[{"href":"https:\/\/www.infopoint.cz\/polsko\/wp-json\/wp\/v2\/media?parent=4328"}],"wp:term":[{"taxonomy":"category","embeddable":true,"href":"https:\/\/www.infopoint.cz\/polsko\/wp-json\/wp\/v2\/categories?post=4328"},{"taxonomy":"post_tag","embeddable":true,"href":"https:\/\/www.infopoint.cz\/polsko\/wp-json\/wp\/v2\/tags?post=4328"}],"curies":[{"name":"wp","href":"https:\/\/api.w.org\/{rel}","templated":true}]}}