{"id":433,"date":"2015-12-06T14:50:45","date_gmt":"2015-12-06T13:50:45","guid":{"rendered":"http:\/\/www.infopoint.cz\/polsko\/?p=433"},"modified":"2016-03-09T11:02:01","modified_gmt":"2016-03-09T10:02:01","slug":"mistri-pastelu-a-mecenas-bronislaw-krystall","status":"publish","type":"post","link":"https:\/\/www.infopoint.cz\/polsko\/mistri-pastelu-a-mecenas-bronislaw-krystall\/","title":{"rendered":"Mist\u0159i pastel\u016f a Bronis\u0142aw Krystall"},"content":{"rendered":"<p><a class=\"ngg-fancybox\" title=\" \" href=\"\/\/www.infopoint.cz\/polsko\/wp-content\/uploads\/sites\/22\/nggallery\/mistri-pastelu-a-mecenas-bronislaw-krystall\/m012.jpg\" rel=\"\" data-image-id=\"68\" data-src=\"\/\/www.infopoint.cz\/polsko\/wp-content\/uploads\/sites\/22\/nggallery\/mistri-pastelu-a-mecenas-bronislaw-krystall\/m012.jpg\" data-thumbnail=\"\/\/www.infopoint.cz\/polsko\/wp-content\/uploads\/sites\/22\/nggallery\/mistri-pastelu-a-mecenas-bronislaw-krystall\/thumbs\/thumbs_m012.jpg\" data-title=\"m012\" data-description=\" \"><img decoding=\"async\" class=\"ngg-singlepic ngg-left alignleft\" src=\"\/\/www.infopoint.cz\/polsko\/wp-content\/uploads\/sites\/22\/nggallery\/mistri-pastelu-a-mecenas-bronislaw-krystall\/thumbs\/thumbs_m012.jpg\" alt=\"m012\" \/><\/a>Origin\u00e1ln\u00ed n\u00e1zev v\u00fdstav zn\u00ed &#8222;<a href=\"\/\/www.mnw.art.pl\/wystawy\/mistrzowie-pastelu-brod-marteau-do-witkacego-kolekcja-muzeum-narodowego-w-warszawiebr,25.html\">Mistrzowie pastelu. Od Marteau do Witkacego<\/a>&#8220; a &#8222;<a href=\"\/\/www.mnw.art.pl\/en\/temporary-exhibitions\/bronislaw-krystall-bequest,17.html\">Bronis\u0142aw Krystall. Testament<\/a>&#8222;. Jsou k vid\u011bn\u00ed v <a href=\"\/\/www.mnw.art.pl\/en\/contact\/\">N\u00e1rodn\u00edm muzeu ve Var\u0161av\u011b<\/a>. V\u00fdstava obsahuje t\u00e9m\u011b\u0159 250 pastel\u016f ze sb\u00edrek N\u00e1rodn\u00edho muzea ve Var\u0161av\u011b. Je to unik\u00e1tn\u00ed v\u00fdstava tohoto druhu, proto\u017ee pastely jsou velmi citliv\u00e9 na mechanick\u00e9 po\u0161kozen\u00ed.<\/p>\n<p>Jsou zde p\u0159edstaveny obrazy z obdob\u00ed po\u010d\u00e1tku t\u00e9to techniky a\u017e po prvn\u00ed polovinu 20. stolet\u00ed. P\u0159ekvapilo m\u011b, mno\u017estv\u00ed d\u011btsk\u00fdch n\u00e1v\u0161t\u011bvn\u00edk\u016f, \u017ee by budouc\u00ed mal\u00ed\u0159i&#8230;?<\/p>\n<p><a class=\"ngg-fancybox\" title=\" \" href=\"\/\/www.infopoint.cz\/polsko\/wp-content\/uploads\/sites\/22\/nggallery\/mistri-pastelu-a-mecenas-bronislaw-krystall\/m014.jpg\" rel=\"\" data-image-id=\"70\" data-src=\"\/\/www.infopoint.cz\/polsko\/wp-content\/uploads\/sites\/22\/nggallery\/mistri-pastelu-a-mecenas-bronislaw-krystall\/m014.jpg\" data-thumbnail=\"\/\/www.infopoint.cz\/polsko\/wp-content\/uploads\/sites\/22\/nggallery\/mistri-pastelu-a-mecenas-bronislaw-krystall\/thumbs\/thumbs_m014.jpg\" data-title=\"m014\" data-description=\" \"><img decoding=\"async\" class=\"ngg-singlepic ngg-right alignright\" src=\"\/\/www.infopoint.cz\/polsko\/wp-content\/uploads\/sites\/22\/nggallery\/mistri-pastelu-a-mecenas-bronislaw-krystall\/thumbs\/thumbs_m014.jpg\" alt=\"m014\" \/><\/a>Druh\u00e1 v\u00fdstava se nesla v duchu sb\u011bratelsk\u00e9m. Tedy krom\u011b obraz\u016f bylo k vid\u011bn\u00ed dal\u0161\u00edch jin\u00fdch p\u0159edm\u011bt\u016f, ilustrovan\u00fdch knih, n\u00e1bytku a n\u00e1dob\u00ed. Je velmi pozitivn\u00ed, \u017ee se najdou lid\u00e9 ochotni zasv\u011btit sv\u016fj \u017eivot sb\u011brem um\u011bn\u00ed, a pak v\u0161e rozdat.<\/p>\n<p><a class=\"ngg-fancybox\" title=\" \" href=\"\/\/www.infopoint.cz\/polsko\/wp-content\/uploads\/sites\/22\/nggallery\/mistri-pastelu-a-mecenas-bronislaw-krystall\/P1000530_m.JPG\" rel=\"\" data-image-id=\"57\" data-src=\"\/\/www.infopoint.cz\/polsko\/wp-content\/uploads\/sites\/22\/nggallery\/mistri-pastelu-a-mecenas-bronislaw-krystall\/P1000530_m.JPG\" data-thumbnail=\"\/\/www.infopoint.cz\/polsko\/wp-content\/uploads\/sites\/22\/nggallery\/mistri-pastelu-a-mecenas-bronislaw-krystall\/thumbs\/thumbs_P1000530_m.JPG\" data-title=\"P1000530_m\" data-description=\" \"><img decoding=\"async\" class=\"ngg-singlepic ngg-left alignleft\" src=\"\/\/www.infopoint.cz\/polsko\/wp-content\/uploads\/sites\/22\/nggallery\/mistri-pastelu-a-mecenas-bronislaw-krystall\/thumbs\/thumbs_P1000530_m.JPG\" alt=\"P1000530_m\" \/><\/a><\/p>\n<p>Zakon\u010dili jsme spole\u010dnou fotografi\u00ed p\u0159ed muzeem a nasyceni um\u011bleck\u00fdm z\u00e1\u017eitkem se p\u0159esouv\u00e1me do restaurace Kafe Zielony Nied\u017awied\u017a. U\u017e nev\u00edm pro\u010d, ale skon\u010dili jsme v restauraci <a href=\"\/\/www.infopoint.cz\/polsko\/chianti\/\">Chianti<\/a>.<\/p>\n<p>&nbsp;<\/p>\n<p><!-- default-view.php -->\n<div\n\tclass=\"ngg-galleryoverview default-view\n\t ngg-ajax-pagination-none\t\"\n\tid=\"ngg-gallery-cb43a4d1efd730e7952a9e9e19d28062-1\"\n\tdata-gallery-id=\"5\">\n\n\t\t<!-- Thumbnails -->\n\t\t\t\t<div id=\"ngg-image-0\" class=\"ngg-gallery-thumbnail-box\n\t\t\t\t\t\t\t\t\t\t\t\"\n\t\t\t>\n\t\t\t\t\t\t<div class=\"ngg-gallery-thumbnail\">\n\t\t\t<a href=\"https:\/\/www.infopoint.cz\/polsko\/wp-content\/uploads\/sites\/22\/nggallery\/mistri-pastelu-a-mecenas-bronislaw-krystall\/vstupenka1.jpg\"\n\t\t\t\ttitle=\"\"\n\t\t\t\tdata-src=\"https:\/\/www.infopoint.cz\/polsko\/wp-content\/uploads\/sites\/22\/nggallery\/mistri-pastelu-a-mecenas-bronislaw-krystall\/vstupenka1.jpg\"\n\t\t\t\tdata-thumbnail=\"https:\/\/www.infopoint.cz\/polsko\/wp-content\/uploads\/sites\/22\/nggallery\/mistri-pastelu-a-mecenas-bronislaw-krystall\/thumbs\/thumbs_vstupenka1.jpg\"\n\t\t\t\tdata-image-id=\"58\"\n\t\t\t\tdata-title=\"vstupenka1\"\n\t\t\t\tdata-description=\"\"\n\t\t\t\tdata-image-slug=\"vstupenka1-6\"\n\t\t\t\t\t\t\t\t\t\t\t\t\t\t\t\t\t\t\t\tclass=\"ngg-fancybox\" rel=\"cb43a4d1efd730e7952a9e9e19d28062\">\n\t\t\t\t\t\t\t\t<img\n\t\t\t\t\ttitle=\"vstupenka1\"\n\t\t\t\t\talt=\"vstupenka1\"\n\t\t\t\t\tsrc=\"https:\/\/www.infopoint.cz\/polsko\/wp-content\/uploads\/sites\/22\/nggallery\/mistri-pastelu-a-mecenas-bronislaw-krystall\/cache\/vstupenka1.jpg-nggid0258-ngg0dyn-215x130x100-00f0w010c011r110f110r010t010.jpg\"\n\t\t\t\t\twidth=\"215\"\n\t\t\t\t\theight=\"130\"\n\t\t\t\t\tstyle=\"max-width:100%;\"\n\t\t\t\t\/>\n\t\t\t<\/a>\n\t\t<\/div>\n\t\t\t\t\t\t\t<\/div>\n\t\t\t\n\t\t\t\t<div id=\"ngg-image-1\" class=\"ngg-gallery-thumbnail-box\n\t\t\t\t\t\t\t\t\t\t\t\"\n\t\t\t>\n\t\t\t\t\t\t<div class=\"ngg-gallery-thumbnail\">\n\t\t\t<a href=\"https:\/\/www.infopoint.cz\/polsko\/wp-content\/uploads\/sites\/22\/nggallery\/mistri-pastelu-a-mecenas-bronislaw-krystall\/m001.jpg\"\n\t\t\t\ttitle=\"\"\n\t\t\t\tdata-src=\"https:\/\/www.infopoint.cz\/polsko\/wp-content\/uploads\/sites\/22\/nggallery\/mistri-pastelu-a-mecenas-bronislaw-krystall\/m001.jpg\"\n\t\t\t\tdata-thumbnail=\"https:\/\/www.infopoint.cz\/polsko\/wp-content\/uploads\/sites\/22\/nggallery\/mistri-pastelu-a-mecenas-bronislaw-krystall\/thumbs\/thumbs_m001.jpg\"\n\t\t\t\tdata-image-id=\"59\"\n\t\t\t\tdata-title=\"m001\"\n\t\t\t\tdata-description=\"\"\n\t\t\t\tdata-image-slug=\"m001-1\"\n\t\t\t\t\t\t\t\t\t\t\t\t\t\t\t\t\t\t\t\tclass=\"ngg-fancybox\" rel=\"cb43a4d1efd730e7952a9e9e19d28062\">\n\t\t\t\t\t\t\t\t<img\n\t\t\t\t\ttitle=\"m001\"\n\t\t\t\t\talt=\"m001\"\n\t\t\t\t\tsrc=\"https:\/\/www.infopoint.cz\/polsko\/wp-content\/uploads\/sites\/22\/nggallery\/mistri-pastelu-a-mecenas-bronislaw-krystall\/cache\/m001.jpg-nggid0259-ngg0dyn-215x130x100-00f0w010c011r110f110r010t010.jpg\"\n\t\t\t\t\twidth=\"215\"\n\t\t\t\t\theight=\"130\"\n\t\t\t\t\tstyle=\"max-width:100%;\"\n\t\t\t\t\/>\n\t\t\t<\/a>\n\t\t<\/div>\n\t\t\t\t\t\t\t<\/div>\n\t\t\t\n\t\t\t\t<div id=\"ngg-image-2\" class=\"ngg-gallery-thumbnail-box\n\t\t\t\t\t\t\t\t\t\t\t\"\n\t\t\t>\n\t\t\t\t\t\t<div class=\"ngg-gallery-thumbnail\">\n\t\t\t<a href=\"https:\/\/www.infopoint.cz\/polsko\/wp-content\/uploads\/sites\/22\/nggallery\/mistri-pastelu-a-mecenas-bronislaw-krystall\/m003.jpg\"\n\t\t\t\ttitle=\"\"\n\t\t\t\tdata-src=\"https:\/\/www.infopoint.cz\/polsko\/wp-content\/uploads\/sites\/22\/nggallery\/mistri-pastelu-a-mecenas-bronislaw-krystall\/m003.jpg\"\n\t\t\t\tdata-thumbnail=\"https:\/\/www.infopoint.cz\/polsko\/wp-content\/uploads\/sites\/22\/nggallery\/mistri-pastelu-a-mecenas-bronislaw-krystall\/thumbs\/thumbs_m003.jpg\"\n\t\t\t\tdata-image-id=\"61\"\n\t\t\t\tdata-title=\"m003\"\n\t\t\t\tdata-description=\"\"\n\t\t\t\tdata-image-slug=\"m003-1\"\n\t\t\t\t\t\t\t\t\t\t\t\t\t\t\t\t\t\t\t\tclass=\"ngg-fancybox\" rel=\"cb43a4d1efd730e7952a9e9e19d28062\">\n\t\t\t\t\t\t\t\t<img\n\t\t\t\t\ttitle=\"m003\"\n\t\t\t\t\talt=\"m003\"\n\t\t\t\t\tsrc=\"https:\/\/www.infopoint.cz\/polsko\/wp-content\/uploads\/sites\/22\/nggallery\/mistri-pastelu-a-mecenas-bronislaw-krystall\/cache\/m003.jpg-nggid0261-ngg0dyn-215x130x100-00f0w010c011r110f110r010t010.jpg\"\n\t\t\t\t\twidth=\"215\"\n\t\t\t\t\theight=\"130\"\n\t\t\t\t\tstyle=\"max-width:100%;\"\n\t\t\t\t\/>\n\t\t\t<\/a>\n\t\t<\/div>\n\t\t\t\t\t\t\t<\/div>\n\t\t\t\n\t\t\t\t<div id=\"ngg-image-3\" class=\"ngg-gallery-thumbnail-box\n\t\t\t\t\t\t\t\t\t\t\t\"\n\t\t\t>\n\t\t\t\t\t\t<div class=\"ngg-gallery-thumbnail\">\n\t\t\t<a href=\"https:\/\/www.infopoint.cz\/polsko\/wp-content\/uploads\/sites\/22\/nggallery\/mistri-pastelu-a-mecenas-bronislaw-krystall\/m002.jpg\"\n\t\t\t\ttitle=\"\"\n\t\t\t\tdata-src=\"https:\/\/www.infopoint.cz\/polsko\/wp-content\/uploads\/sites\/22\/nggallery\/mistri-pastelu-a-mecenas-bronislaw-krystall\/m002.jpg\"\n\t\t\t\tdata-thumbnail=\"https:\/\/www.infopoint.cz\/polsko\/wp-content\/uploads\/sites\/22\/nggallery\/mistri-pastelu-a-mecenas-bronislaw-krystall\/thumbs\/thumbs_m002.jpg\"\n\t\t\t\tdata-image-id=\"60\"\n\t\t\t\tdata-title=\"m002\"\n\t\t\t\tdata-description=\"\"\n\t\t\t\tdata-image-slug=\"m002-1\"\n\t\t\t\t\t\t\t\t\t\t\t\t\t\t\t\t\t\t\t\tclass=\"ngg-fancybox\" rel=\"cb43a4d1efd730e7952a9e9e19d28062\">\n\t\t\t\t\t\t\t\t<img\n\t\t\t\t\ttitle=\"m002\"\n\t\t\t\t\talt=\"m002\"\n\t\t\t\t\tsrc=\"https:\/\/www.infopoint.cz\/polsko\/wp-content\/uploads\/sites\/22\/nggallery\/mistri-pastelu-a-mecenas-bronislaw-krystall\/cache\/m002.jpg-nggid0260-ngg0dyn-215x130x100-00f0w010c011r110f110r010t010.jpg\"\n\t\t\t\t\twidth=\"215\"\n\t\t\t\t\theight=\"130\"\n\t\t\t\t\tstyle=\"max-width:100%;\"\n\t\t\t\t\/>\n\t\t\t<\/a>\n\t\t<\/div>\n\t\t\t\t\t\t\t<\/div>\n\t\t\t\n\t\t\t\t<div id=\"ngg-image-4\" class=\"ngg-gallery-thumbnail-box\n\t\t\t\t\t\t\t\t\t\t\t\"\n\t\t\t>\n\t\t\t\t\t\t<div class=\"ngg-gallery-thumbnail\">\n\t\t\t<a href=\"https:\/\/www.infopoint.cz\/polsko\/wp-content\/uploads\/sites\/22\/nggallery\/mistri-pastelu-a-mecenas-bronislaw-krystall\/m004.jpg\"\n\t\t\t\ttitle=\"\"\n\t\t\t\tdata-src=\"https:\/\/www.infopoint.cz\/polsko\/wp-content\/uploads\/sites\/22\/nggallery\/mistri-pastelu-a-mecenas-bronislaw-krystall\/m004.jpg\"\n\t\t\t\tdata-thumbnail=\"https:\/\/www.infopoint.cz\/polsko\/wp-content\/uploads\/sites\/22\/nggallery\/mistri-pastelu-a-mecenas-bronislaw-krystall\/thumbs\/thumbs_m004.jpg\"\n\t\t\t\tdata-image-id=\"62\"\n\t\t\t\tdata-title=\"m004\"\n\t\t\t\tdata-description=\"\"\n\t\t\t\tdata-image-slug=\"m004-1\"\n\t\t\t\t\t\t\t\t\t\t\t\t\t\t\t\t\t\t\t\tclass=\"ngg-fancybox\" rel=\"cb43a4d1efd730e7952a9e9e19d28062\">\n\t\t\t\t\t\t\t\t<img\n\t\t\t\t\ttitle=\"m004\"\n\t\t\t\t\talt=\"m004\"\n\t\t\t\t\tsrc=\"https:\/\/www.infopoint.cz\/polsko\/wp-content\/uploads\/sites\/22\/nggallery\/mistri-pastelu-a-mecenas-bronislaw-krystall\/cache\/m004.jpg-nggid0262-ngg0dyn-215x130x100-00f0w010c011r110f110r010t010.jpg\"\n\t\t\t\t\twidth=\"215\"\n\t\t\t\t\theight=\"130\"\n\t\t\t\t\tstyle=\"max-width:100%;\"\n\t\t\t\t\/>\n\t\t\t<\/a>\n\t\t<\/div>\n\t\t\t\t\t\t\t<\/div>\n\t\t\t\n\t\t\t\t<div id=\"ngg-image-5\" class=\"ngg-gallery-thumbnail-box\n\t\t\t\t\t\t\t\t\t\t\t\"\n\t\t\t>\n\t\t\t\t\t\t<div class=\"ngg-gallery-thumbnail\">\n\t\t\t<a href=\"https:\/\/www.infopoint.cz\/polsko\/wp-content\/uploads\/sites\/22\/nggallery\/mistri-pastelu-a-mecenas-bronislaw-krystall\/m005.jpg\"\n\t\t\t\ttitle=\"\"\n\t\t\t\tdata-src=\"https:\/\/www.infopoint.cz\/polsko\/wp-content\/uploads\/sites\/22\/nggallery\/mistri-pastelu-a-mecenas-bronislaw-krystall\/m005.jpg\"\n\t\t\t\tdata-thumbnail=\"https:\/\/www.infopoint.cz\/polsko\/wp-content\/uploads\/sites\/22\/nggallery\/mistri-pastelu-a-mecenas-bronislaw-krystall\/thumbs\/thumbs_m005.jpg\"\n\t\t\t\tdata-image-id=\"63\"\n\t\t\t\tdata-title=\"m005\"\n\t\t\t\tdata-description=\"\"\n\t\t\t\tdata-image-slug=\"m005-1\"\n\t\t\t\t\t\t\t\t\t\t\t\t\t\t\t\t\t\t\t\tclass=\"ngg-fancybox\" rel=\"cb43a4d1efd730e7952a9e9e19d28062\">\n\t\t\t\t\t\t\t\t<img\n\t\t\t\t\ttitle=\"m005\"\n\t\t\t\t\talt=\"m005\"\n\t\t\t\t\tsrc=\"https:\/\/www.infopoint.cz\/polsko\/wp-content\/uploads\/sites\/22\/nggallery\/mistri-pastelu-a-mecenas-bronislaw-krystall\/cache\/m005.jpg-nggid0263-ngg0dyn-215x130x100-00f0w010c011r110f110r010t010.jpg\"\n\t\t\t\t\twidth=\"215\"\n\t\t\t\t\theight=\"130\"\n\t\t\t\t\tstyle=\"max-width:100%;\"\n\t\t\t\t\/>\n\t\t\t<\/a>\n\t\t<\/div>\n\t\t\t\t\t\t\t<\/div>\n\t\t\t\n\t\n\t<br style=\"clear: both\" \/>\n\n\t\n\t\t<!-- Pagination -->\n\t\t<div class='ngg-navigation'><span class='current'>1<\/span>\n<a class='page-numbers' data-pageid='2' href='https:\/\/www.infopoint.cz\/polsko\/mistri-pastelu-a-mecenas-bronislaw-krystall\/nggallery\/page\/2'>2<\/a>\n<a class='page-numbers' data-pageid='3' href='https:\/\/www.infopoint.cz\/polsko\/mistri-pastelu-a-mecenas-bronislaw-krystall\/nggallery\/page\/3'>3<\/a>\n<a class='prev' href='https:\/\/www.infopoint.cz\/polsko\/mistri-pastelu-a-mecenas-bronislaw-krystall\/nggallery\/page\/2' data-pageid=\"2\">&#9658;<\/a><\/div>\t<\/div>\n<\/p>\n","protected":false},"excerpt":{"rendered":"<p>Origin\u00e1ln\u00ed n\u00e1zev v\u00fdstav zn\u00ed &#8222;Mistrzowie pastelu. Od Marteau do Witkacego&#8220; a &#8222;Bronis\u0142aw Krystall. Testament&#8222;. Jsou k vid\u011bn\u00ed v N\u00e1rodn\u00edm muzeu ve Var\u0161av\u011b. V\u00fdstava obsahuje t\u00e9m\u011b\u0159 250 pastel\u016f ze sb\u00edrek N\u00e1rodn\u00edho muzea ve Var\u0161av\u011b. Je to unik\u00e1tn\u00ed v\u00fdstava tohoto druhu, proto\u017ee pastely jsou velmi citliv\u00e9 na mechanick\u00e9 po\u0161kozen\u00ed. Jsou zde p\u0159edstaveny obrazy z obdob\u00ed po\u010d\u00e1tku t\u00e9to [&hellip;]<\/p>\n","protected":false},"author":2,"featured_media":0,"comment_status":"open","ping_status":"closed","sticky":false,"template":"","format":"standard","meta":{"ngg_post_thumbnail":0,"footnotes":""},"categories":[2],"tags":[],"class_list":["post-433","post","type-post","status-publish","format-standard","hentry","category-kulturni-ctvrtky"],"_links":{"self":[{"href":"https:\/\/www.infopoint.cz\/polsko\/wp-json\/wp\/v2\/posts\/433","targetHints":{"allow":["GET"]}}],"collection":[{"href":"https:\/\/www.infopoint.cz\/polsko\/wp-json\/wp\/v2\/posts"}],"about":[{"href":"https:\/\/www.infopoint.cz\/polsko\/wp-json\/wp\/v2\/types\/post"}],"author":[{"embeddable":true,"href":"https:\/\/www.infopoint.cz\/polsko\/wp-json\/wp\/v2\/users\/2"}],"replies":[{"embeddable":true,"href":"https:\/\/www.infopoint.cz\/polsko\/wp-json\/wp\/v2\/comments?post=433"}],"version-history":[{"count":18,"href":"https:\/\/www.infopoint.cz\/polsko\/wp-json\/wp\/v2\/posts\/433\/revisions"}],"predecessor-version":[{"id":1011,"href":"https:\/\/www.infopoint.cz\/polsko\/wp-json\/wp\/v2\/posts\/433\/revisions\/1011"}],"wp:attachment":[{"href":"https:\/\/www.infopoint.cz\/polsko\/wp-json\/wp\/v2\/media?parent=433"}],"wp:term":[{"taxonomy":"category","embeddable":true,"href":"https:\/\/www.infopoint.cz\/polsko\/wp-json\/wp\/v2\/categories?post=433"},{"taxonomy":"post_tag","embeddable":true,"href":"https:\/\/www.infopoint.cz\/polsko\/wp-json\/wp\/v2\/tags?post=433"}],"curies":[{"name":"wp","href":"https:\/\/api.w.org\/{rel}","templated":true}]}}