{"id":4379,"date":"2017-11-07T21:52:16","date_gmt":"2017-11-07T20:52:16","guid":{"rendered":"http:\/\/www.infopoint.cz\/polsko\/?p=4379"},"modified":"2017-12-19T12:52:02","modified_gmt":"2017-12-19T11:52:02","slug":"powazki","status":"publish","type":"post","link":"https:\/\/www.infopoint.cz\/polsko\/powazki\/","title":{"rendered":"Pow\u0105zki"},"content":{"rendered":"<p><a class=\"ngg-fancybox\" title=\" \" href=\"https:\/\/www.infopoint.cz\/polsko\/wp-content\/uploads\/sites\/22\/nggallery\/powazki\/m01.jpg\" rel=\"\" data-image-id=\"1203\" data-src=\"https:\/\/www.infopoint.cz\/polsko\/wp-content\/uploads\/sites\/22\/nggallery\/powazki\/m01.jpg\" data-thumbnail=\"https:\/\/www.infopoint.cz\/polsko\/wp-content\/uploads\/sites\/22\/nggallery\/powazki\/thumbs\/thumbs_m01.jpg\" data-title=\"m01\" data-description=\" \"><img decoding=\"async\" class=\"ngg-singlepic ngg-left alignleft\" src=\"https:\/\/www.infopoint.cz\/polsko\/wp-content\/uploads\/sites\/22\/nggallery\/powazki\/thumbs\/thumbs_m01.jpg\" alt=\"m01\"><\/a>Nastal \u010das du\u0161i\u010dkov\u00fd a u\u017e m\u00e1me v\u0161ichni i po podzimn\u00edch pr\u00e1zdnin\u00e1ch a dovolen\u00fdch. Dlouho jsme se nevid\u011bli. Je t\u0159eba toho hodn\u011b dohonit. Nap\u0159\u00edklad narozeniny Danu\u0161ky. Ta n\u00e1s op\u011bt p\u0159ekvapila, tentokr\u00e1t lahodnou bezou, kter\u00e1 byla neuv\u011b\u0159iteln\u011b fotogenick\u00e1. Jen\u017ee takov\u00e9to dobrot\u011b ne\u0161lo dlouho odolat. M\u00e1te-li chu\u0165 na repete objednejte si ji na <a href=\"http:\/\/test.bezownia.pl\/\">test.bezownia.pl<\/a>. A dohonit bylo t\u0159eba i du\u0161i\u010dkovou atmosf\u00e9ru, je\u017e se tady v&nbsp;Polsku t\u011b\u0161\u00ed velk\u00e9 pozornosti. Davy lid\u00ed, v\u010detn\u011b \u0161koln\u00edch v\u00fdprav putuj\u00ed na h\u0159bitovy a tam se proch\u00e1zej\u00ed a dekoruj\u00ed hroby zn\u00e1m\u00fdch i m\u00e9n\u011b zn\u00e1m\u00fdch osobnost\u00ed. My si pro tenhle makabr\u00f3zn\u00ed z\u00e1\u017eitek vybrali jeden z&nbsp;nejv\u011bt\u0161\u00edch &nbsp;h\u0159bitov\u016f ve Var\u0161av\u011b Pov\u0105zki. Jsou zde poh\u0159beni v\u00fdznamn\u00ed jedinci a v\u00e1\u017e\u00ed se k&nbsp;nim zaj\u00edmav\u00e9 p\u0159\u00edb\u011bhy. Nicm\u00e9n\u011b ruku na srdce, v&nbsp;bl\u00edzkosti h\u0159bitova se nach\u00e1z\u00ed n\u00e1mi obl\u00edben\u00e1 restaurace Miel\u017cy\u0144ski.&nbsp;<\/p>\n<p>U Br\u00e1ny sv. Honoraty na n\u00e1s u\u017e \u010dekal pr\u016fvodce a za\u010dal p\u011bkn\u011b od za\u010d\u00e1tku a v&nbsp;tempu. Br\u00e1na sv. Honoraty je pojmenovan\u00e1 po Man\u017eelce Mieczys\u0142awa Landsberga, bohat\u00e9ho l\u00e9ka\u0159e kter\u00fd se po smrti milovan\u00e9 \u017eeny \u017eeny rozhodl <a class=\"ngg-fancybox\" title=\" \" href=\"https:\/\/www.infopoint.cz\/polsko\/wp-content\/uploads\/sites\/22\/nggallery\/powazki\/m03.jpg\" rel=\"\" data-image-id=\"1205\" data-src=\"https:\/\/www.infopoint.cz\/polsko\/wp-content\/uploads\/sites\/22\/nggallery\/powazki\/m03.jpg\" data-thumbnail=\"https:\/\/www.infopoint.cz\/polsko\/wp-content\/uploads\/sites\/22\/nggallery\/powazki\/thumbs\/thumbs_m03.jpg\" data-title=\"m03\" data-description=\" \"><img decoding=\"async\" class=\"ngg-singlepic ngg-right alignright\" src=\"https:\/\/www.infopoint.cz\/polsko\/wp-content\/uploads\/sites\/22\/nggallery\/powazki\/thumbs\/thumbs_m03.jpg\" alt=\"m03\"><\/a>zafinancovat novou br\u00e1nu na h\u0159bitov s&nbsp;t\u00edm, \u017ee dod\u00e1 pen\u00edze, ale chce, aby br\u00e1na nesla jm\u00e9no jeho \u017eeny. Stalo se tak v&nbsp;roce 1915. Stavba byla hotova za pouhopouh\u00e9 3 m\u011bs\u00edce. Oba man\u017eel\u00e9 jsou pochov\u00e1ni v&nbsp;katakomb\u00e1ch. Sv\u016fj majetek vlo\u017eil pan Landsberg rad\u011bji do br\u00e1ny, je\u017e bude slou\u017eit v\u0161em, ne\u017e do drah\u00e9ho n\u00e1hrobku \u010di hrobky pro sebe a svou \u017eenu. Byl to holt mu\u017e velk\u00e9ho srdce.<\/p>\n<p>Vstoupili jsme na ter\u00e9n h\u0159bitova a zah\u00e1jili proch\u00e1zku mezi hroby. Na\u0161li jsme tu n\u00e1hrobn\u00ed k\u00e1men se jm\u00e9nem \u010desk\u00e9ho dvorn\u00edho hudebn\u00edka polsk\u00e9ho kr\u00e1le <a class=\"ngg-fancybox\" title=\" \" href=\"https:\/\/www.infopoint.cz\/polsko\/wp-content\/uploads\/sites\/22\/nggallery\/powazki\/m28.jpg\" rel=\"\" data-image-id=\"1227\" data-src=\"https:\/\/www.infopoint.cz\/polsko\/wp-content\/uploads\/sites\/22\/nggallery\/powazki\/m28.jpg\" data-thumbnail=\"https:\/\/www.infopoint.cz\/polsko\/wp-content\/uploads\/sites\/22\/nggallery\/powazki\/thumbs\/thumbs_m28.jpg\" data-title=\"m28\" data-description=\" \"><img decoding=\"async\" class=\"ngg-singlepic ngg-left alignleft\" src=\"https:\/\/www.infopoint.cz\/polsko\/wp-content\/uploads\/sites\/22\/nggallery\/powazki\/thumbs\/thumbs_m28.jpg\" alt=\"m28\"><\/a>(Stanislawa Augusta)- &nbsp;Anton\u00edna Wejnerta, kter\u00fd se do\u017eil \u00factyhodn\u00fdch 100let ( \u017eil v&nbsp;letech 1750-1850). Na zdi kostela n\u00e1m pr\u016fvodce uk\u00e1zal desky lid\u00ed, jejich\u017e hroby jsou zastav\u011bny kostelem, ale jejich\u017e pam\u00e1tku uct\u00edvaj\u00ed alespo\u0148 t\u011bmito kameny ve zdi. V&nbsp;t\u00e9to \u010d\u00e1sti je spousta jmen popraven\u00fdch d\u016fstojn\u00edk\u016f a voj\u00e1k\u016f z&nbsp;katy\u0148sk\u00e9ho procesu. Kosusek d\u00e1l od kostela jsou &nbsp;pochov\u00e1ni tak\u00e9 rodi\u010de Chopina. N\u00e1hrobek m\u00e1 tvar klav\u00edrn\u00edho k\u0159\u00eddla v&nbsp;\u010dern\u00e9 barv\u011b. N\u00e1hrobk\u016f z&nbsp;r\u016fzn\u00fdch kamen\u016f a dob je tu spousta. V\u010detn\u011b kr\u00e1sn\u00fdch soch n\u011b\u017en\u00fdch d\u00edvek, p\u0159es statn\u00e9 ryt\u00ed\u0159e ve zbroji. Nechyb\u00ed ani and\u011bl\u00e9. <a class=\"ngg-fancybox\" title=\" \" href=\"https:\/\/www.infopoint.cz\/polsko\/wp-content\/uploads\/sites\/22\/nggallery\/powazki\/m42.jpg\" rel=\"\" data-image-id=\"1239\" data-src=\"https:\/\/www.infopoint.cz\/polsko\/wp-content\/uploads\/sites\/22\/nggallery\/powazki\/m42.jpg\" data-thumbnail=\"https:\/\/www.infopoint.cz\/polsko\/wp-content\/uploads\/sites\/22\/nggallery\/powazki\/thumbs\/thumbs_m42.jpg\" data-title=\"m42\" data-description=\" \"><img decoding=\"async\" class=\"ngg-singlepic ngg-right alignright\" src=\"https:\/\/www.infopoint.cz\/polsko\/wp-content\/uploads\/sites\/22\/nggallery\/powazki\/thumbs\/thumbs_m42.jpg\" alt=\"m42\"><\/a><\/p>\n<p>Zaujaly n\u00e1s zrekonstruovan\u00e9 \u201ekatakomby\u201c jak jim tu \u0159\u00edkaj\u00ed, i kdy\u017e katakomby jsou v&nbsp;zemi. Zde maj\u00ed hroby um\u00edst\u011bny v&nbsp;\u0159ad\u00e1ch v&nbsp;masivn\u00ed zdi, nad \u00farovn\u00ed zem\u011b. V\u0161echny hroby byly ozdoben\u00e9 kv\u00edt\u00edm a sv\u00ed\u010dkami. Obzvl\u00e1\u0161t\u011b ve\u010der m\u00e1 tohle m\u00edsto asi svou neopakovatelnou atmosf\u00e9ru. Ale je podzim a zima n\u00e1m zal\u00e9z\u00e1 pod kab\u00e1ty a kone\u010dky prst\u016f. Je t\u0159eba se oh\u0159\u00e1t a poslat do b\u0159\u00ed\u0161ka n\u011bjakou tu dobrotu. 1,5 hodiny v\u00fdkladu n\u00e1s vy\u010derpalo. V&nbsp;restauraci Miel\u017cy\u0144ski jsme se p\u0159idali k&nbsp;oslav\u00e1m husy Sv. Martina a dali si cel\u00e9 men\u00ed\u010dko. Zakoupili v\u00edna dom\u016f a trochu s&nbsp;kalupem uh\u00e1n\u011bli pro d\u011bti. M\u00e1me spln\u011bno. P\u0159\u00ed\u0161t\u00ed t\u00fdden si napl\u00e1nujeme snad n\u011bjak\u00e9 veselej\u0161\u00ed t\u00e9ma J<\/p>\n<div>\n<p>Napsala pro <a href=\"https:\/\/www.infopoint.cz\/polsko\/category\/kulturni-ctvrtky\/\">kulturn\u00ed \u010dtvrtek<\/a> 7.11.2017: Helena<\/p>\n<p><a href=\"https:\/\/www.infopoint.cz\/polsko\/fotogalerie\/rok-2017\/\">M\u016f\u017eete se tak\u00e9 pod\u00edvat na ostatn\u00ed fotografie.<\/a><\/p>\n<\/div>\n","protected":false},"excerpt":{"rendered":"<p>Nastal \u010das du\u0161i\u010dkov\u00fd a u\u017e m\u00e1me v\u0161ichni i po podzimn\u00edch pr\u00e1zdnin\u00e1ch a dovolen\u00fdch. Dlouho jsme se nevid\u011bli. Je t\u0159eba toho hodn\u011b dohonit. Nap\u0159\u00edklad narozeniny Danu\u0161ky. Ta n\u00e1s op\u011bt p\u0159ekvapila, tentokr\u00e1t lahodnou bezou, kter\u00e1 byla neuv\u011b\u0159iteln\u011b fotogenick\u00e1. Jen\u017ee takov\u00e9to dobrot\u011b ne\u0161lo dlouho odolat. M\u00e1te-li chu\u0165 na repete objednejte si ji na test.bezownia.pl. A dohonit bylo t\u0159eba [&hellip;]<\/p>\n","protected":false},"author":2,"featured_media":0,"comment_status":"open","ping_status":"closed","sticky":false,"template":"","format":"standard","meta":{"ngg_post_thumbnail":0,"footnotes":""},"categories":[2],"tags":[],"class_list":["post-4379","post","type-post","status-publish","format-standard","hentry","category-kulturni-ctvrtky"],"_links":{"self":[{"href":"https:\/\/www.infopoint.cz\/polsko\/wp-json\/wp\/v2\/posts\/4379","targetHints":{"allow":["GET"]}}],"collection":[{"href":"https:\/\/www.infopoint.cz\/polsko\/wp-json\/wp\/v2\/posts"}],"about":[{"href":"https:\/\/www.infopoint.cz\/polsko\/wp-json\/wp\/v2\/types\/post"}],"author":[{"embeddable":true,"href":"https:\/\/www.infopoint.cz\/polsko\/wp-json\/wp\/v2\/users\/2"}],"replies":[{"embeddable":true,"href":"https:\/\/www.infopoint.cz\/polsko\/wp-json\/wp\/v2\/comments?post=4379"}],"version-history":[{"count":5,"href":"https:\/\/www.infopoint.cz\/polsko\/wp-json\/wp\/v2\/posts\/4379\/revisions"}],"predecessor-version":[{"id":4410,"href":"https:\/\/www.infopoint.cz\/polsko\/wp-json\/wp\/v2\/posts\/4379\/revisions\/4410"}],"wp:attachment":[{"href":"https:\/\/www.infopoint.cz\/polsko\/wp-json\/wp\/v2\/media?parent=4379"}],"wp:term":[{"taxonomy":"category","embeddable":true,"href":"https:\/\/www.infopoint.cz\/polsko\/wp-json\/wp\/v2\/categories?post=4379"},{"taxonomy":"post_tag","embeddable":true,"href":"https:\/\/www.infopoint.cz\/polsko\/wp-json\/wp\/v2\/tags?post=4379"}],"curies":[{"name":"wp","href":"https:\/\/api.w.org\/{rel}","templated":true}]}}