{"id":4392,"date":"2017-12-11T17:09:11","date_gmt":"2017-12-11T16:09:11","guid":{"rendered":"http:\/\/www.infopoint.cz\/polsko\/?p=4392"},"modified":"2017-12-11T17:16:15","modified_gmt":"2017-12-11T16:16:15","slug":"darek-od-helenky-aneb-warsaw-spire","status":"publish","type":"post","link":"https:\/\/www.infopoint.cz\/polsko\/darek-od-helenky-aneb-warsaw-spire\/","title":{"rendered":"D\u00e1rek od Helenky aneb Warsaw Spire"},"content":{"rendered":"<p>Dal\u0161\u00ed z \u0159ady kulturn\u00edch \u00faterk\u016f, ov\u0161em tento byl v mnoh\u00e9m v\u00fdj\u00edme\u010dn\u00fd. Nejen, \u017ee se V\u00e1noce a s nimi konec roku nezadr\u017eiteln\u011b bl\u00ed\u017e\u00ed a my m\u00e1me p\u0159ed sebou p\u0159\u00ed\u0161t\u00ed t\u00fdden posledn\u00ed kulturn\u00ed \u00fater\u00fd, ale na \u0159adu p\u0159ijde op\u011bt lou\u010den\u00ed.<\/p>\n<p>Program dne\u0161n\u00edho dne, kter\u00fd pro n\u00e1s Helenka p\u0159ipravila jako p\u0159ekvapen\u00ed, se za\u0159adil do kategoriie nezapomenuteln\u00fdch z\u00e1\u017eitk\u016f. V\u0161e se vyda\u0159ilo do posledn\u00edho detailu. Jen \u0161koda, \u017ee jsme op\u011bt nemohli b\u00fdt v pln\u00e9m po\u010dtu.<br \/>\n<a class=\"ngg-fancybox\" title=\" \" href=\"https:\/\/www.infopoint.cz\/polsko\/wp-content\/uploads\/sites\/22\/nggallery\/darek-od-helenky-aneb-warsaw-spire\/20171205_113218.jpg\" rel=\"\" data-image-id=\"1288\" data-src=\"https:\/\/www.infopoint.cz\/polsko\/wp-content\/uploads\/sites\/22\/nggallery\/darek-od-helenky-aneb-warsaw-spire\/20171205_113218.jpg\" data-thumbnail=\"https:\/\/www.infopoint.cz\/polsko\/wp-content\/uploads\/sites\/22\/nggallery\/darek-od-helenky-aneb-warsaw-spire\/thumbs\/thumbs_20171205_113218.jpg\" data-title=\"20171205_113218\" data-description=\" \"><img decoding=\"async\" class=\"ngg-singlepic ngg-left alignleft\" src=\"https:\/\/www.infopoint.cz\/polsko\/wp-content\/uploads\/sites\/22\/nggallery\/darek-od-helenky-aneb-warsaw-spire\/thumbs\/thumbs_20171205_113218.jpg\" alt=\"20171205_113218\"><\/a>R\u00e1no za\u010dalo na\u0161\u00edm p\u0159edem d\u016fkladn\u011b napl\u00e1novan\u00fdm &#8222;\u00fanosem&#8220; na opu\u0161t\u011bn\u00fd ostrov v Escape room v Sadyb\u011b. V\u0161echny na\u0161e d\u011bti si tuto radov\u00e1nku b\u011bhem narozeninov\u00fdch oslav dop\u0159\u00e1vaj\u00ed pom\u011brn\u011b \u010dasto, my jsme m\u011bly p\u0159\u00edle\u017eitost vyzkou\u0161et si sv\u00e9 dovednosti a\u017e dnes. Postupn\u011b vyplavaly na povrch v\u0161echny na\u0161e p\u0159ednosti v podob\u011b post\u0159ehu, matematick\u00fdch dovednost\u00ed, logick\u00e9ho my\u0161len\u00ed, schopnosti spolupracovat, v kl\u00ed\u010dov\u00e9m okam\u017eiku zdolat n\u00e1strahy t\u00e9m\u011b\u0159 zapomenut\u00fdch technologi\u00ed I fyzick\u00e9 zdatnosti bylo t\u0159eba, okam\u017eit\u011b se uk\u00e1zalo, kdo tr\u00e1vil d\u011btstv\u00ed na p\u00edskovi\u0161ti a kdo nejl\u00e9pe zvl\u00e1d\u00e1 techniku nouzov\u00fdch sign\u00e1l\u016f. Po v\u0161ech d\u016fmysln\u00fdch n\u00e1strah\u00e1ch jsme byly z ostrova vysvobozeni p\u0159ibli\u017en\u011b t\u0159i minuty p\u0159ed vypr\u0161en\u00edm \u010dasov\u00e9ho limitu. Na\u0161e sebev\u011bdom\u00ed narostlo do oblak.<br \/>\nNastal \u010das p\u0159ej\u00edt k dal\u0161\u00ed \u010d\u00e1sti programu s kryc\u00edm n\u00e1zvem &#8222;Alenka v \u0159\u00ed\u0161i div\u016f&#8220; aneb &#8222;N\u00e1v\u0161t\u011bvn\u00edci&#8220;.<\/p>\n<p>Dostalo se n\u00e1m cti a pot\u011b\u0161en\u00ed, za co\u017e je\u0161t\u011b jednou velmi d\u011bkujeme, nav\u0161t\u00edvit 37. patro <a class=\"ngg-fancybox\" title=\" \" href=\"https:\/\/www.infopoint.cz\/polsko\/wp-content\/uploads\/sites\/22\/nggallery\/darek-od-helenky-aneb-warsaw-spire\/20171205_113132.jpg\" rel=\"\" data-image-id=\"1287\" data-src=\"https:\/\/www.infopoint.cz\/polsko\/wp-content\/uploads\/sites\/22\/nggallery\/darek-od-helenky-aneb-warsaw-spire\/20171205_113132.jpg\" data-thumbnail=\"https:\/\/www.infopoint.cz\/polsko\/wp-content\/uploads\/sites\/22\/nggallery\/darek-od-helenky-aneb-warsaw-spire\/thumbs\/thumbs_20171205_113132.jpg\" data-title=\"20171205_113132\" data-description=\" \"><img decoding=\"async\" class=\"ngg-singlepic ngg-right alignright\" src=\"https:\/\/www.infopoint.cz\/polsko\/wp-content\/uploads\/sites\/22\/nggallery\/darek-od-helenky-aneb-warsaw-spire\/thumbs\/thumbs_20171205_113132.jpg\" alt=\"20171205_113132\"><\/a>moment\u00e1ln\u011b nejvy\u0161\u0161\u00ed kancel\u00e1\u0159sk\u00e9 budovy ve Var\u0161av\u011b, presti\u017en\u00edmi cenami ov\u011bn\u010den\u00e9 <a href=\"http:\/\/www.warsawspire.pl\/\">Warsaw Spire<\/a>. Nem\u011bly jsme ani tu\u0161en\u00ed, jakou v\u00fdzvou se m\u016f\u017ee st\u00e1t zd\u00e1nliv\u011b jednoduch\u00fd pokyn zaparkuj na m\u00edst\u011b 413 a vyje\u010f v\u00fdtahem. N\u00e1s v\u0161ak \u017e\u00e1dn\u00e9 n\u00e1strahy jen tak neodrad\u00ed a kone\u010dn\u011b jsme po kr\u00e1tk\u00e9 okru\u017en\u00ed j\u00edzd\u011b gar\u00e1\u017e\u00ed i v\u00fdtahem ve spr\u00e1vn\u00e9m pat\u0159e, na spr\u00e1vn\u00e9 recepci. Po\u010das\u00ed n\u00e1m moc nep\u0159\u00e1lo, ale to nic neubralo z na\u0161eho nad\u0161en\u00ed vid\u011bt m\u011bsto z pta\u010d\u00ed perspektivy. Zah\u0159\u00e1la n\u00e1s dobr\u00e1 k\u00e1va, pot\u011b\u0161ily v\u00fdborn\u00e9 kol\u00e1\u010dky i ovoce. \u00dakol sjet v\u00fdtahem v pln\u00e9m po\u010dtu dol\u016f byl nem\u00e9n\u011b z\u00e1bavn\u00fd a dobrodru\u017en\u00fd. Budova n\u00e1s okouzlila ji\u017e zven\u010d\u00ed, av\u0161ak uvnit\u0159 n\u00e1m vyrazila dech. Modern\u00ed, jednoduch\u00e9, sv\u011b\u017e\u00ed, tak trochu v\u00fdlet do budoucnosti.<\/p>\n<p><a class=\"ngg-fancybox\" title=\" \" href=\"https:\/\/www.infopoint.cz\/polsko\/wp-content\/uploads\/sites\/22\/nggallery\/darek-od-helenky-aneb-warsaw-spire\/20171205_125404.jpg\" rel=\"\" data-image-id=\"1289\" data-src=\"https:\/\/www.infopoint.cz\/polsko\/wp-content\/uploads\/sites\/22\/nggallery\/darek-od-helenky-aneb-warsaw-spire\/20171205_125404.jpg\" data-thumbnail=\"https:\/\/www.infopoint.cz\/polsko\/wp-content\/uploads\/sites\/22\/nggallery\/darek-od-helenky-aneb-warsaw-spire\/thumbs\/thumbs_20171205_125404.jpg\" data-title=\"20171205_125404\" data-description=\" \"><img decoding=\"async\" class=\"ngg-singlepic ngg-left alignleft\" src=\"https:\/\/www.infopoint.cz\/polsko\/wp-content\/uploads\/sites\/22\/nggallery\/darek-od-helenky-aneb-warsaw-spire\/thumbs\/thumbs_20171205_125404.jpg\" alt=\"20171205_125404\"><\/a>Kr\u00e1tk\u00e1 proch\u00e1zka po <a href=\"https:\/\/www.google.pl\/maps\/place\/plac+Europejski,+Warszawa\/data=!4m2!3m1!1s0x471ecc84ba7a4397:0x9632a8c6aa33065c?sa=X&amp;ved=0ahUKEwiE94uHrYLYAhUQaVAKHf8BCR0Q8gEIJjAA\">Placu Europejskim<\/a>, kde pr\u00e1v\u011b dokon\u010duj\u00ed p\u0159\u00edpravy v\u00edkendov\u00e9ho otev\u0159en\u00ed men\u0161\u00edho kluzi\u0161t\u011b, kter\u00e9 je zvl\u00e1\u0161tn\u00ed sv\u00fdm um\u00edst\u011bn\u00edm uprost\u0159ed v\u00fd\u0161kov\u00fdch kancel\u00e1\u0159sk\u00fdch budov. Restaurace ve tvaru srdce, na tomto n\u00e1m\u011bst\u00ed\u010dku fantazie nezn\u00e1 mez\u00ed.<\/p>\n<p>Pomyslnou t\u0159e\u0161ni\u010dkou na\u0161eho dne\u0161n\u00edho dortu byl ob\u011bd v restauraci<a href=\"https:\/\/www.infopoint.cz\/polsko\/panska-85-restaurant\/\"> Pa\u0148ska 85<\/a>.<a class=\"ngg-fancybox\" title=\" \" href=\"https:\/\/www.infopoint.cz\/polsko\/wp-content\/uploads\/sites\/22\/nggallery\/darek-od-helenky-aneb-warsaw-spire\/20171205_131953.jpg\" rel=\"\" data-image-id=\"1290\" data-src=\"https:\/\/www.infopoint.cz\/polsko\/wp-content\/uploads\/sites\/22\/nggallery\/darek-od-helenky-aneb-warsaw-spire\/20171205_131953.jpg\" data-thumbnail=\"https:\/\/www.infopoint.cz\/polsko\/wp-content\/uploads\/sites\/22\/nggallery\/darek-od-helenky-aneb-warsaw-spire\/thumbs\/thumbs_20171205_131953.jpg\" data-title=\"20171205_131953\" data-description=\" \"><img decoding=\"async\" class=\"ngg-singlepic ngg-right alignright\" src=\"https:\/\/www.infopoint.cz\/polsko\/wp-content\/uploads\/sites\/22\/nggallery\/darek-od-helenky-aneb-warsaw-spire\/thumbs\/thumbs_20171205_131953.jpg\" alt=\"20171205_131953\"><\/a> Usazeni v \u00fatuln\u00e9m prost\u0159ed\u00ed u kr\u00e1sn\u00e9ho kulat\u00e9ho stolu s v\u00fdhledem do atria se r\u00e1zem rozplynuly na\u0161e obavy, zda dv\u011b ka\u010denky pro p\u011bt osob nen\u00ed p\u0159ece jen p\u0159\u00edli\u0161. Pou\u010deni, \u017ee je na\u0161e pe\u010d\u00ednka p\u016fvodem ze sousedn\u00edho N\u011bmecka, jsme se pustily do hodov\u00e1n\u00ed Placi\u010dky, sal\u00e1t, zelenina, v\u00fdvar, na\u0161e chu\u0165ov\u00e9 bu\u0148ky se vskutku rozpl\u00fdvaly. Dokonce i na \u010d\u00ed\u0161n\u00edka jsme dnes m\u011bly \u0161t\u011bst\u00ed. P\u0159ipom\u00edn\u00e1m, \u017ee jsme mu na facebook sl\u00edbily hodnoceni &#8222;5&#8220;.<\/p>\n<p>Helenko na\u0161e, dne\u0161ek si budeme dlouho pamatovat.<\/p>\n<div>\n<p>Napsala pro <a href=\"https:\/\/www.infopoint.cz\/polsko\/category\/kulturni-ctvrtky\/\">kulturn\u00ed \u010dtvrtek<\/a> 5.11.2017: Margita<\/p>\n<p><a href=\"https:\/\/www.infopoint.cz\/polsko\/fotogalerie\/rok-2017\/\">M\u016f\u017eete se tak\u00e9 pod\u00edvat na ostatn\u00ed fotografie.<\/a><\/p>\n<\/div>\n","protected":false},"excerpt":{"rendered":"<p>Dal\u0161\u00ed z \u0159ady kulturn\u00edch \u00faterk\u016f, ov\u0161em tento byl v mnoh\u00e9m v\u00fdj\u00edme\u010dn\u00fd. Nejen, \u017ee se V\u00e1noce a s nimi konec roku nezadr\u017eiteln\u011b bl\u00ed\u017e\u00ed a my m\u00e1me p\u0159ed sebou p\u0159\u00ed\u0161t\u00ed t\u00fdden posledn\u00ed kulturn\u00ed \u00fater\u00fd, ale na \u0159adu p\u0159ijde op\u011bt lou\u010den\u00ed. Program dne\u0161n\u00edho dne, kter\u00fd pro n\u00e1s Helenka p\u0159ipravila jako p\u0159ekvapen\u00ed, se za\u0159adil do kategoriie nezapomenuteln\u00fdch z\u00e1\u017eitk\u016f. V\u0161e [&hellip;]<\/p>\n","protected":false},"author":2,"featured_media":0,"comment_status":"open","ping_status":"closed","sticky":false,"template":"","format":"standard","meta":{"ngg_post_thumbnail":0,"footnotes":""},"categories":[2],"tags":[],"class_list":["post-4392","post","type-post","status-publish","format-standard","hentry","category-kulturni-ctvrtky"],"_links":{"self":[{"href":"https:\/\/www.infopoint.cz\/polsko\/wp-json\/wp\/v2\/posts\/4392","targetHints":{"allow":["GET"]}}],"collection":[{"href":"https:\/\/www.infopoint.cz\/polsko\/wp-json\/wp\/v2\/posts"}],"about":[{"href":"https:\/\/www.infopoint.cz\/polsko\/wp-json\/wp\/v2\/types\/post"}],"author":[{"embeddable":true,"href":"https:\/\/www.infopoint.cz\/polsko\/wp-json\/wp\/v2\/users\/2"}],"replies":[{"embeddable":true,"href":"https:\/\/www.infopoint.cz\/polsko\/wp-json\/wp\/v2\/comments?post=4392"}],"version-history":[{"count":3,"href":"https:\/\/www.infopoint.cz\/polsko\/wp-json\/wp\/v2\/posts\/4392\/revisions"}],"predecessor-version":[{"id":4395,"href":"https:\/\/www.infopoint.cz\/polsko\/wp-json\/wp\/v2\/posts\/4392\/revisions\/4395"}],"wp:attachment":[{"href":"https:\/\/www.infopoint.cz\/polsko\/wp-json\/wp\/v2\/media?parent=4392"}],"wp:term":[{"taxonomy":"category","embeddable":true,"href":"https:\/\/www.infopoint.cz\/polsko\/wp-json\/wp\/v2\/categories?post=4392"},{"taxonomy":"post_tag","embeddable":true,"href":"https:\/\/www.infopoint.cz\/polsko\/wp-json\/wp\/v2\/tags?post=4392"}],"curies":[{"name":"wp","href":"https:\/\/api.w.org\/{rel}","templated":true}]}}