{"id":4396,"date":"2017-12-07T17:19:38","date_gmt":"2017-12-07T16:19:38","guid":{"rendered":"http:\/\/www.infopoint.cz\/polsko\/?p=4396"},"modified":"2017-12-19T13:01:54","modified_gmt":"2017-12-19T12:01:54","slug":"vystup-na-snezku-z-polske-strany-cekaji-vas-nadherna-panoramata-a-horska-plesa","status":"publish","type":"post","link":"https:\/\/www.infopoint.cz\/polsko\/vystup-na-snezku-z-polske-strany-cekaji-vas-nadherna-panoramata-a-horska-plesa\/","title":{"rendered":"V\u00fdstup na Sn\u011b\u017eku z polsk\u00e9 strany? \u010cekaj\u00ed v\u00e1s n\u00e1dhern\u00e1 panoramata a horsk\u00e1 plesa"},"content":{"rendered":"<blockquote><p>Na nejvy\u0161\u0161\u00ed vrchol \u010cesk\u00e9 republiky Sn\u011b\u017eku vy\u0161el za sv\u016fj \u017eivot snad ka\u017ed\u00fd \u010cech. Z Pece pod Sn\u011b\u017ekou p\u0159es Ob\u0159\u00ed d\u016fl \u010di R\u016f\u017eohorky, ze \u0160pindlerova Ml\u00fdna p\u0159es Lu\u010dn\u00ed boudu, z Horn\u00ed Mal\u00e9 \u00dapy m\u00edrn\u011bji p\u0159es chalupu Jelenka a tak d\u00e1le\u2026 Ze v\u0161ech kr\u00e1sn\u00fdch cest na \u010desk\u00fd \u201eeverest\u201c je v\u0161ak nejkr\u00e1sn\u011bj\u0161\u00ed ta z druh\u00e9 strany. Z Polska.<\/p><\/blockquote>\n<p>Zdroj: <a href=\"https:\/\/cestovani.lidovky.cz\/vystup-na-snezku-z-polske-strany-cekaji-vas-nadherna-panoramata-a-horska-plesa-1yu-\/aktuality.aspx?c=A171206_121551_aktuality_ape\">https:\/\/cestovani.lidovky.cz\/vystup-na-snezku-z-polske-strany-cekaji-vas-nadherna-panoramata-a-horska-plesa-1yu-\/aktuality.aspx?c=A171206_121551_aktuality_ape<\/a><\/p>\n","protected":false},"excerpt":{"rendered":"<p>Na nejvy\u0161\u0161\u00ed vrchol \u010cesk\u00e9 republiky Sn\u011b\u017eku vy\u0161el za sv\u016fj \u017eivot snad ka\u017ed\u00fd \u010cech. Z Pece pod Sn\u011b\u017ekou p\u0159es Ob\u0159\u00ed d\u016fl \u010di R\u016f\u017eohorky, ze \u0160pindlerova Ml\u00fdna p\u0159es Lu\u010dn\u00ed boudu, z Horn\u00ed Mal\u00e9 \u00dapy m\u00edrn\u011bji p\u0159es chalupu Jelenka a tak d\u00e1le\u2026 Ze v\u0161ech kr\u00e1sn\u00fdch cest na \u010desk\u00fd \u201eeverest\u201c je v\u0161ak nejkr\u00e1sn\u011bj\u0161\u00ed ta z druh\u00e9 strany. Z Polska. [&hellip;]<\/p>\n","protected":false},"author":2,"featured_media":0,"comment_status":"open","ping_status":"closed","sticky":false,"template":"","format":"standard","meta":{"ngg_post_thumbnail":0,"footnotes":""},"categories":[24],"tags":[],"class_list":["post-4396","post","type-post","status-publish","format-standard","hentry","category-zajimavosti"],"_links":{"self":[{"href":"https:\/\/www.infopoint.cz\/polsko\/wp-json\/wp\/v2\/posts\/4396","targetHints":{"allow":["GET"]}}],"collection":[{"href":"https:\/\/www.infopoint.cz\/polsko\/wp-json\/wp\/v2\/posts"}],"about":[{"href":"https:\/\/www.infopoint.cz\/polsko\/wp-json\/wp\/v2\/types\/post"}],"author":[{"embeddable":true,"href":"https:\/\/www.infopoint.cz\/polsko\/wp-json\/wp\/v2\/users\/2"}],"replies":[{"embeddable":true,"href":"https:\/\/www.infopoint.cz\/polsko\/wp-json\/wp\/v2\/comments?post=4396"}],"version-history":[{"count":2,"href":"https:\/\/www.infopoint.cz\/polsko\/wp-json\/wp\/v2\/posts\/4396\/revisions"}],"predecessor-version":[{"id":4416,"href":"https:\/\/www.infopoint.cz\/polsko\/wp-json\/wp\/v2\/posts\/4396\/revisions\/4416"}],"wp:attachment":[{"href":"https:\/\/www.infopoint.cz\/polsko\/wp-json\/wp\/v2\/media?parent=4396"}],"wp:term":[{"taxonomy":"category","embeddable":true,"href":"https:\/\/www.infopoint.cz\/polsko\/wp-json\/wp\/v2\/categories?post=4396"},{"taxonomy":"post_tag","embeddable":true,"href":"https:\/\/www.infopoint.cz\/polsko\/wp-json\/wp\/v2\/tags?post=4396"}],"curies":[{"name":"wp","href":"https:\/\/api.w.org\/{rel}","templated":true}]}}