{"id":4399,"date":"2017-09-06T12:27:06","date_gmt":"2017-09-06T10:27:06","guid":{"rendered":"http:\/\/www.infopoint.cz\/polsko\/?p=4399"},"modified":"2017-12-19T12:29:45","modified_gmt":"2017-12-19T11:29:45","slug":"dobre-utajena-vystava","status":"publish","type":"post","link":"https:\/\/www.infopoint.cz\/polsko\/dobre-utajena-vystava\/","title":{"rendered":"Dob\u0159e utajen\u00e1 v\u00fdstava"},"content":{"rendered":"<p>Tak&nbsp; jsme v\u0161ichni zase zp\u011bt z&nbsp;pr\u00e1zdnin a byl \u010das vyrazit za kulturou. Od z\u00e1\u0159\u00ed 2017 se budeme sch\u00e1zet v ka\u017ed\u00e9 \u00fater\u00fd. Tak\u017ee nov\u011b\u2026.<em>Kulturn\u00ed \u00fater\u00fd<\/em>!<\/p>\n<p>V&nbsp;nedalek\u00e9m Wilanov\u011b je v\u00fdborn\u00e9 <a href=\"http:\/\/www.postermuseum.pl\/\" data-saferedirecturl=\"https:\/\/www.google.com\/url?hl=cs&amp;q=http:\/\/www.postermuseum.pl\/&amp;source=gmail&amp;ust=1513768507614000&amp;usg=AFQjCNEf1Yp_l8BqRMJS7z9oD92yjdMyFQ\">Muzeum plak\u00e1tu<\/a>. Bav\u00edme s&nbsp;milou pan\u00ed v&nbsp;pokladn\u011b a dokonce dost\u00e1v\u00e1me zv\u00fdhodn\u011bn\u00e9 vstupn\u00e9. Bu\u010f si n\u00e1s spletla se studenty, nebo se seniory.<\/p>\n<p><a class=\"ngg-fancybox\" title=\" \" href=\"https:\/\/www.infopoint.cz\/polsko\/wp-content\/uploads\/sites\/22\/nggallery\/dobre-utajena-vystava\/m04.jpg\" rel=\"\" data-image-id=\"1096\" data-src=\"https:\/\/www.infopoint.cz\/polsko\/wp-content\/uploads\/sites\/22\/nggallery\/dobre-utajena-vystava\/m04.jpg\" data-thumbnail=\"https:\/\/www.infopoint.cz\/polsko\/wp-content\/uploads\/sites\/22\/nggallery\/dobre-utajena-vystava\/thumbs\/thumbs_m04.jpg\" data-title=\"m04\" data-description=\" \"><img decoding=\"async\" class=\"ngg-singlepic ngg-left alignleft\" src=\"https:\/\/www.infopoint.cz\/polsko\/wp-content\/uploads\/sites\/22\/nggallery\/dobre-utajena-vystava\/thumbs\/thumbs_m04.jpg\" alt=\"m04\"><\/a>Hlavn\u00ed expozice je tentokr\u00e1t uzav\u0159en\u00e1, p\u0159ipravuje se tam v\u00fdstava Avantgarda v&nbsp;Polsku. V&nbsp;druh\u00e9m pavilonu muzea je moc dob\u0159e utajen\u00e1 v\u00fdstava plak\u00e1t\u016f <strong><a href=\"http:\/\/www.postermuseum.pl\/wystawy\/prawa-kobiet-prawa-czlowieka,65.html\" data-saferedirecturl=\"https:\/\/www.google.com\/url?hl=cs&amp;q=http:\/\/www.postermuseum.pl\/wystawy\/prawa-kobiet-prawa-czlowieka,65.html&amp;source=gmail&amp;ust=1513768507614000&amp;usg=AFQjCNEAw_jTtHEvJ_zrMAQnWiwADx9F6w\">Prawa kobiet = Prawa cz\u0142owieka<\/a> <\/strong>s t\u00e9matem \u017eensk\u00fdch pr\u00e1v. Vystavuj\u00edc\u00ed auto\u0159i jsou mu\u017ei i \u017eeny, kter\u00e9 p\u0159ij\u00edmaj\u00ed z\u00e1sadn\u00ed \u00falohu, kterou by m\u011bli v\u0161ichni hr\u00e1t p\u0159i ochran\u011b a podpo\u0159e lidsk\u00fdch pr\u00e1v, bojovat proti genderov\u00e9 nerovnosti a stereotyp\u016fm. Jsme jedin\u00ed n\u00e1v\u0161t\u011bvn\u00edci, nikdo jin\u00fd zastr\u010denou v\u00fdstavn\u00ed s\u00ed\u0148 asi nena\u0161el. Propagace v\u016fbec \u017e\u00e1dn\u00e1. P\u0159i pohledu na prvn\u00ed plak\u00e1t n\u00e1m to doch\u00e1z\u00ed. Slogan \u00a8<strong>M\u00e9 t\u011blo m\u00e1 volba\u00a8,<\/strong> nen\u00ed zrovna v&nbsp;katolick\u00e9m Polsku podporovan\u00fd \u010di popul\u00e1rn\u00ed. Dal\u0161\u00ed d\u00edla protestuj\u00ed proti sexu\u00e1ln\u00edmu a dom\u00e1c\u00edmu n\u00e1sil\u00ed, obchodu se \u017eenami nebo postaven\u00ed \u017een v&nbsp;muslimsk\u00fdch zem\u00edch. Plak\u00e1ty jsou prac\u00ed \u0161pi\u010dkov\u00fdch profesion\u00e1l\u016f z&nbsp;cel\u00e9ho sv\u011bta. Kombinace dokonal\u00e9 grafiky se zobrazenou bolest\u00ed a hr\u016fzou je mraziv\u00e1. &nbsp; Odch\u00e1z\u00edme do nedalek\u00e9 restaurace Milanowo a \u010dek\u00e1 n\u00e1s tam p\u0159ekvapen\u00ed. Cel\u00fd st\u016fl krajan\u016f, kte\u0159\u00ed sem chod\u00ed z&nbsp;nedalek\u00e9 kancel\u00e1\u0159e na ob\u011bd. Vym\u011b\u0148ujeme si kontakty a t\u011b\u0161\u00edme se, \u017ee se n\u011bkdy sejdeme u piva. Ob\u011bd je dobr\u00fd, jako v\u017edy v&nbsp;<a href=\"https:\/\/www.infopoint.cz\/polsko\/milanovo\/\">Milanowu<\/a> a beza se zmrzlinou byla dokonal\u00e1! &nbsp;<\/p>\n<p>Program je tentokr\u00e1t vymy\u0161len narychlo, ale p\u0159esto to bylo fajn. D\u00edky<\/p>\n<div>\n<p>Napsala pro <a href=\"https:\/\/www.infopoint.cz\/polsko\/category\/kulturni-ctvrtky\/\">kulturn\u00ed \u010dtvrtek<\/a> 5.9.2017: Dana<\/p>\n<p><a href=\"https:\/\/www.infopoint.cz\/polsko\/fotogalerie\/rok-2017\/\">M\u016f\u017eete se tak\u00e9 pod\u00edvat na ostatn\u00ed fotografie.<\/a><\/p>\n<\/div>\n","protected":false},"excerpt":{"rendered":"<p>Tak&nbsp; jsme v\u0161ichni zase zp\u011bt z&nbsp;pr\u00e1zdnin a byl \u010das vyrazit za kulturou. Od z\u00e1\u0159\u00ed 2017 se budeme sch\u00e1zet v ka\u017ed\u00e9 \u00fater\u00fd. Tak\u017ee nov\u011b\u2026.Kulturn\u00ed \u00fater\u00fd! V&nbsp;nedalek\u00e9m Wilanov\u011b je v\u00fdborn\u00e9 Muzeum plak\u00e1tu. Bav\u00edme s&nbsp;milou pan\u00ed v&nbsp;pokladn\u011b a dokonce dost\u00e1v\u00e1me zv\u00fdhodn\u011bn\u00e9 vstupn\u00e9. Bu\u010f si n\u00e1s spletla se studenty, nebo se seniory. Hlavn\u00ed expozice je tentokr\u00e1t uzav\u0159en\u00e1, p\u0159ipravuje se [&hellip;]<\/p>\n","protected":false},"author":2,"featured_media":0,"comment_status":"open","ping_status":"closed","sticky":false,"template":"","format":"standard","meta":{"ngg_post_thumbnail":0,"footnotes":""},"categories":[2],"tags":[],"class_list":["post-4399","post","type-post","status-publish","format-standard","hentry","category-kulturni-ctvrtky"],"_links":{"self":[{"href":"https:\/\/www.infopoint.cz\/polsko\/wp-json\/wp\/v2\/posts\/4399","targetHints":{"allow":["GET"]}}],"collection":[{"href":"https:\/\/www.infopoint.cz\/polsko\/wp-json\/wp\/v2\/posts"}],"about":[{"href":"https:\/\/www.infopoint.cz\/polsko\/wp-json\/wp\/v2\/types\/post"}],"author":[{"embeddable":true,"href":"https:\/\/www.infopoint.cz\/polsko\/wp-json\/wp\/v2\/users\/2"}],"replies":[{"embeddable":true,"href":"https:\/\/www.infopoint.cz\/polsko\/wp-json\/wp\/v2\/comments?post=4399"}],"version-history":[{"count":4,"href":"https:\/\/www.infopoint.cz\/polsko\/wp-json\/wp\/v2\/posts\/4399\/revisions"}],"predecessor-version":[{"id":4404,"href":"https:\/\/www.infopoint.cz\/polsko\/wp-json\/wp\/v2\/posts\/4399\/revisions\/4404"}],"wp:attachment":[{"href":"https:\/\/www.infopoint.cz\/polsko\/wp-json\/wp\/v2\/media?parent=4399"}],"wp:term":[{"taxonomy":"category","embeddable":true,"href":"https:\/\/www.infopoint.cz\/polsko\/wp-json\/wp\/v2\/categories?post=4399"},{"taxonomy":"post_tag","embeddable":true,"href":"https:\/\/www.infopoint.cz\/polsko\/wp-json\/wp\/v2\/tags?post=4399"}],"curies":[{"name":"wp","href":"https:\/\/api.w.org\/{rel}","templated":true}]}}