{"id":4527,"date":"2018-01-30T22:24:46","date_gmt":"2018-01-30T21:24:46","guid":{"rendered":"https:\/\/www.infopoint.cz\/polsko\/?p=4527"},"modified":"2020-06-24T09:39:50","modified_gmt":"2020-06-24T07:39:50","slug":"darek-od-stalina-zbourame-ikonicky-mrakodrap-ve-varsave-bojuje-o-preziti","status":"publish","type":"post","link":"https:\/\/www.infopoint.cz\/polsko\/darek-od-stalina-zbourame-ikonicky-mrakodrap-ve-varsave-bojuje-o-preziti\/","title":{"rendered":"D\u00e1rek od Stalina zbour\u00e1me. Ikonick\u00fd mrakodrap ve Var\u0161av\u011b bojuje o p\u0159e\u017eit\u00ed"},"content":{"rendered":"<blockquote>\n<blockquote><p>I kdy\u017e jeho historii zdob\u00ed \u0159ada superlativ\u016f, po l\u00e9ta druh\u00e1 nejvy\u0161\u0161\u00ed stavba Evropy dnes nem\u00e1 na r\u016f\u017e\u00edch ustl\u00e1no. P\u0159esto\u017ee samotn\u00e1 stavba napodobuj\u00edc\u00ed styl newyorsk\u00fdch mrakodrap\u016f je jedn\u00edm ze symbol\u016f Var\u0161avy, je docela mo\u017en\u00e9, \u017ee do konce tohoto roku bude jej\u00ed osud zpe\u010det\u011bn.<\/p><\/blockquote>\n<\/blockquote>\n<p>Zdroj: <a href=\"https:\/\/cestovani.idnes.cz\/varsava-palac-kultury-a-vedy-polsko-warszawa-mrakodrap-pi9-\/kolem-sveta.aspx?c=A171218_215335_tipy-na-vylet_jfk\">https:\/\/cestovani.idnes.cz\/varsava-palac-kultury-a-vedy-polsko-warszawa-mrakodrap-pi9-\/kolem-sveta.aspx?c=A171218_215335_tipy-na-vylet_jfk<\/a><\/p>\n","protected":false},"excerpt":{"rendered":"<p>I kdy\u017e jeho historii zdob\u00ed \u0159ada superlativ\u016f, po l\u00e9ta druh\u00e1 nejvy\u0161\u0161\u00ed stavba Evropy dnes nem\u00e1 na r\u016f\u017e\u00edch ustl\u00e1no. P\u0159esto\u017ee samotn\u00e1 stavba napodobuj\u00edc\u00ed styl newyorsk\u00fdch mrakodrap\u016f je jedn\u00edm ze symbol\u016f Var\u0161avy, je docela mo\u017en\u00e9, \u017ee do konce tohoto roku bude jej\u00ed osud zpe\u010det\u011bn. Zdroj: https:\/\/cestovani.idnes.cz\/varsava-palac-kultury-a-vedy-polsko-warszawa-mrakodrap-pi9-\/kolem-sveta.aspx?c=A171218_215335_tipy-na-vylet_jfk<\/p>\n","protected":false},"author":2,"featured_media":0,"comment_status":"open","ping_status":"closed","sticky":false,"template":"","format":"standard","meta":{"ngg_post_thumbnail":0,"footnotes":""},"categories":[24],"tags":[],"class_list":["post-4527","post","type-post","status-publish","format-standard","hentry","category-zajimavosti"],"_links":{"self":[{"href":"https:\/\/www.infopoint.cz\/polsko\/wp-json\/wp\/v2\/posts\/4527","targetHints":{"allow":["GET"]}}],"collection":[{"href":"https:\/\/www.infopoint.cz\/polsko\/wp-json\/wp\/v2\/posts"}],"about":[{"href":"https:\/\/www.infopoint.cz\/polsko\/wp-json\/wp\/v2\/types\/post"}],"author":[{"embeddable":true,"href":"https:\/\/www.infopoint.cz\/polsko\/wp-json\/wp\/v2\/users\/2"}],"replies":[{"embeddable":true,"href":"https:\/\/www.infopoint.cz\/polsko\/wp-json\/wp\/v2\/comments?post=4527"}],"version-history":[{"count":1,"href":"https:\/\/www.infopoint.cz\/polsko\/wp-json\/wp\/v2\/posts\/4527\/revisions"}],"predecessor-version":[{"id":4528,"href":"https:\/\/www.infopoint.cz\/polsko\/wp-json\/wp\/v2\/posts\/4527\/revisions\/4528"}],"wp:attachment":[{"href":"https:\/\/www.infopoint.cz\/polsko\/wp-json\/wp\/v2\/media?parent=4527"}],"wp:term":[{"taxonomy":"category","embeddable":true,"href":"https:\/\/www.infopoint.cz\/polsko\/wp-json\/wp\/v2\/categories?post=4527"},{"taxonomy":"post_tag","embeddable":true,"href":"https:\/\/www.infopoint.cz\/polsko\/wp-json\/wp\/v2\/tags?post=4527"}],"curies":[{"name":"wp","href":"https:\/\/api.w.org\/{rel}","templated":true}]}}