{"id":4549,"date":"2018-02-26T21:33:59","date_gmt":"2018-02-26T20:33:59","guid":{"rendered":"https:\/\/www.infopoint.cz\/polsko\/?p=4549"},"modified":"2018-03-09T21:25:24","modified_gmt":"2018-03-09T20:25:24","slug":"muzeum-marii-sklodowskiej-curie","status":"publish","type":"post","link":"https:\/\/www.infopoint.cz\/polsko\/muzeum-marii-sklodowskiej-curie\/","title":{"rendered":"Muzeum Marii Sk\u0142odowskiej-Curie"},"content":{"rendered":"<div>Kulturn\u00ed \u010dtvrtek jsme tradi\u010dn\u011b zah\u00e1jili Daninou v\u00fdbornou k\u00e1vu u Dany a nechyb\u011blo n\u011bco dobr\u00e9ho k zakousnut\u00ed.<\/div>\n<div><a class=\"ngg-fancybox\" title=\" \" href=\"https:\/\/www.infopoint.cz\/polsko\/wp-content\/uploads\/sites\/22\/nggallery\/muzeum-marii-sklodowskiej-curie\/m02.jpg\" rel=\"\" data-image-id=\"1333\" data-src=\"https:\/\/www.infopoint.cz\/polsko\/wp-content\/uploads\/sites\/22\/nggallery\/muzeum-marii-sklodowskiej-curie\/m02.jpg\" data-thumbnail=\"https:\/\/www.infopoint.cz\/polsko\/wp-content\/uploads\/sites\/22\/nggallery\/muzeum-marii-sklodowskiej-curie\/thumbs\/thumbs_m02.jpg\" data-title=\"m02\" data-description=\" \"><img decoding=\"async\" class=\"ngg-singlepic ngg-left alignleft\" src=\"https:\/\/www.infopoint.cz\/polsko\/wp-content\/uploads\/sites\/22\/nggallery\/muzeum-marii-sklodowskiej-curie\/thumbs\/thumbs_m02.jpg\" alt=\"m02\"><\/a><\/div>\n<div>H\u0159ebem na\u0161eho programu tentokr\u00e1t byla n\u00e1v\u0161t\u011bva zrekonstruovan\u00e9ho muzea v\u00fdznamn\u00e9 polsk\u00e9 v\u011bdkyn\u011b, nositelky Nobelovy ceny, Marie Curie Sklodowske (&#8222;Sklo&#8220;). Ve \u010dtyrech m\u00edstnostech byl uk\u00e1z\u00e1n cel\u00fd jej\u00ed \u017eivot, jak pracovn\u00ed tak i osobn\u00ed. Byly zde k vid\u011bn\u00ed r\u016fzn\u00e9 fotografie a v\u011bdeck\u00e9 pom\u016fcky pou\u017e\u00edvan\u00e9 p\u0159i v\u00fdzkumu.<\/div>\n<div>&nbsp;<\/div>\n<div><a class=\"ngg-fancybox\" title=\" \" href=\"https:\/\/www.infopoint.cz\/polsko\/wp-content\/uploads\/sites\/22\/nggallery\/muzeum-marii-sklodowskiej-curie\/m07.jpg\" rel=\"\" data-image-id=\"1338\" data-src=\"https:\/\/www.infopoint.cz\/polsko\/wp-content\/uploads\/sites\/22\/nggallery\/muzeum-marii-sklodowskiej-curie\/m07.jpg\" data-thumbnail=\"https:\/\/www.infopoint.cz\/polsko\/wp-content\/uploads\/sites\/22\/nggallery\/muzeum-marii-sklodowskiej-curie\/thumbs\/thumbs_m07.jpg\" data-title=\"m07\" data-description=\" \"><img decoding=\"async\" class=\"ngg-singlepic ngg-right alignright\" src=\"https:\/\/www.infopoint.cz\/polsko\/wp-content\/uploads\/sites\/22\/nggallery\/muzeum-marii-sklodowskiej-curie\/thumbs\/thumbs_m07.jpg\" alt=\"m07\"><\/a>M\u011b osobn\u011b zaujal expon\u00e1t vah na z\u00e1va\u017e\u00ed. P\u0159ipom\u011blo mi to m\u00e9 ml\u00e1d\u00ed a studia na vysok\u00e9 \u0161kole v minul\u00e9m stolet\u00ed. Na ob\u011bd jsme \u0161li do Momu<i>.<br \/>\n<\/i><\/div>\n<div>&nbsp;<\/div>\n<div>\n<div>\n<p>Napsal pro <a href=\"https:\/\/www.infopoint.cz\/polsko\/category\/kulturni-ctvrtky\/\">kulturn\u00ed \u010dtvrtek<\/a> 30.01.2018: Ale\u0161<\/p>\n<p><a href=\"https:\/\/www.infopoint.cz\/polsko\/fotogalerie\/\">M\u016f\u017eete se tak\u00e9 pod\u00edvat na ostatn\u00ed fotografie.<\/a><\/p>\n<\/div>\n<\/div>\n","protected":false},"excerpt":{"rendered":"<p>Kulturn\u00ed \u010dtvrtek jsme tradi\u010dn\u011b zah\u00e1jili Daninou v\u00fdbornou k\u00e1vu u Dany a nechyb\u011blo n\u011bco dobr\u00e9ho k zakousnut\u00ed. H\u0159ebem na\u0161eho programu tentokr\u00e1t byla n\u00e1v\u0161t\u011bva zrekonstruovan\u00e9ho muzea v\u00fdznamn\u00e9 polsk\u00e9 v\u011bdkyn\u011b, nositelky Nobelovy ceny, Marie Curie Sklodowske (&#8222;Sklo&#8220;). Ve \u010dtyrech m\u00edstnostech byl uk\u00e1z\u00e1n cel\u00fd jej\u00ed \u017eivot, jak pracovn\u00ed tak i osobn\u00ed. Byly zde k vid\u011bn\u00ed r\u016fzn\u00e9 fotografie a v\u011bdeck\u00e9 [&hellip;]<\/p>\n","protected":false},"author":2,"featured_media":0,"comment_status":"open","ping_status":"closed","sticky":false,"template":"","format":"standard","meta":{"ngg_post_thumbnail":0,"footnotes":""},"categories":[2],"tags":[],"class_list":["post-4549","post","type-post","status-publish","format-standard","hentry","category-kulturni-ctvrtky"],"_links":{"self":[{"href":"https:\/\/www.infopoint.cz\/polsko\/wp-json\/wp\/v2\/posts\/4549","targetHints":{"allow":["GET"]}}],"collection":[{"href":"https:\/\/www.infopoint.cz\/polsko\/wp-json\/wp\/v2\/posts"}],"about":[{"href":"https:\/\/www.infopoint.cz\/polsko\/wp-json\/wp\/v2\/types\/post"}],"author":[{"embeddable":true,"href":"https:\/\/www.infopoint.cz\/polsko\/wp-json\/wp\/v2\/users\/2"}],"replies":[{"embeddable":true,"href":"https:\/\/www.infopoint.cz\/polsko\/wp-json\/wp\/v2\/comments?post=4549"}],"version-history":[{"count":6,"href":"https:\/\/www.infopoint.cz\/polsko\/wp-json\/wp\/v2\/posts\/4549\/revisions"}],"predecessor-version":[{"id":4609,"href":"https:\/\/www.infopoint.cz\/polsko\/wp-json\/wp\/v2\/posts\/4549\/revisions\/4609"}],"wp:attachment":[{"href":"https:\/\/www.infopoint.cz\/polsko\/wp-json\/wp\/v2\/media?parent=4549"}],"wp:term":[{"taxonomy":"category","embeddable":true,"href":"https:\/\/www.infopoint.cz\/polsko\/wp-json\/wp\/v2\/categories?post=4549"},{"taxonomy":"post_tag","embeddable":true,"href":"https:\/\/www.infopoint.cz\/polsko\/wp-json\/wp\/v2\/tags?post=4549"}],"curies":[{"name":"wp","href":"https:\/\/api.w.org\/{rel}","templated":true}]}}