{"id":4603,"date":"2018-03-09T21:12:22","date_gmt":"2018-03-09T20:12:22","guid":{"rendered":"https:\/\/www.infopoint.cz\/polsko\/?p=4603"},"modified":"2018-04-11T18:18:38","modified_gmt":"2018-04-11T16:18:38","slug":"paderewski-v-narodnim-muzeu","status":"publish","type":"post","link":"https:\/\/www.infopoint.cz\/polsko\/paderewski-v-narodnim-muzeu\/","title":{"rendered":"PADEREWSKI V N\u00c1RODN\u00cdM MUZEU"},"content":{"rendered":"<p><a class=\"ngg-fancybox\" title=\" \" href=\"https:\/\/www.infopoint.cz\/polsko\/wp-content\/uploads\/sites\/22\/nggallery\/paderewski-v-narodnim-muzeu\/m18.jpg\" rel=\"\" data-image-id=\"1352\" data-src=\"https:\/\/www.infopoint.cz\/polsko\/wp-content\/uploads\/sites\/22\/nggallery\/paderewski-v-narodnim-muzeu\/m18.jpg\" data-thumbnail=\"https:\/\/www.infopoint.cz\/polsko\/wp-content\/uploads\/sites\/22\/nggallery\/paderewski-v-narodnim-muzeu\/thumbs\/thumbs_m18.jpg\" data-title=\"m18\" data-description=\" \"><img decoding=\"async\" class=\"ngg-singlepic ngg-left alignleft\" src=\"https:\/\/www.infopoint.cz\/polsko\/wp-content\/uploads\/sites\/22\/nggallery\/paderewski-v-narodnim-muzeu\/thumbs\/thumbs_m18.jpg\" alt=\"m18\"><\/a>Po ly\u017ea\u0159sk\u00fdch pr\u00e1zdnin\u00e1ch jsme v Truskawieck\u00e9 probrali klasicky kde, kdo, kdy, jak, co a pro\u010d. Po dvou t\u00fddnech bylo t\u00e9mat spoustu, proto n\u00e1s Dana musela zlehka vyh\u00e1n\u011bt, aby n\u00e1s na mr\u00e1z z tepl\u00ed\u010dka dostala.<\/p>\n<p>J\u00e1 jsem \u0161la do <a href=\"https:\/\/www.mnw.art.pl\/en\/temporary-exhibitions\/paderewski,31.html\">muzea<\/a> s t\u00edm, \u017ee Ignacy Jan Paderewski (1860-1941) byl tak trochu \u0161\u00edlenec, z <a class=\"ngg-fancybox\" title=\" \" href=\"https:\/\/www.infopoint.cz\/polsko\/wp-content\/uploads\/sites\/22\/nggallery\/paderewski-v-narodnim-muzeu\/m02.jpg\" rel=\"\" data-image-id=\"1341\" data-src=\"https:\/\/www.infopoint.cz\/polsko\/wp-content\/uploads\/sites\/22\/nggallery\/paderewski-v-narodnim-muzeu\/m02.jpg\" data-thumbnail=\"https:\/\/www.infopoint.cz\/polsko\/wp-content\/uploads\/sites\/22\/nggallery\/paderewski-v-narodnim-muzeu\/thumbs\/thumbs_m02.jpg\" data-title=\"m02\" data-description=\" \"><img decoding=\"async\" class=\"ngg-singlepic ngg-right alignright\" src=\"https:\/\/www.infopoint.cz\/polsko\/wp-content\/uploads\/sites\/22\/nggallery\/paderewski-v-narodnim-muzeu\/thumbs\/thumbs_m02.jpg\" alt=\"m02\"><\/a>toho co jsem si na\u010detla r\u016fzn\u011b na internetu mi to tak vy\u0161lo. V\u00fdstava, ale hlavn\u011b skv\u011bl\u00fd pan pr\u016fvodce, kter\u00fd se n\u00e1m v\u011bnoval cel\u00fdch 90min, m\u016fj n\u00e1zor zm\u011bnil.<\/p>\n<p>Paderewski byl p\u0159edev\u0161\u00edm geni\u00e1ln\u00edm klav\u00edristou, pak hudebn\u00ed skladatel a nakonec politik. Jako <a class=\"ngg-fancybox\" title=\" \" href=\"https:\/\/www.infopoint.cz\/polsko\/wp-content\/uploads\/sites\/22\/nggallery\/paderewski-v-narodnim-muzeu\/m14.jpg\" rel=\"\" data-image-id=\"1349\" data-src=\"https:\/\/www.infopoint.cz\/polsko\/wp-content\/uploads\/sites\/22\/nggallery\/paderewski-v-narodnim-muzeu\/m14.jpg\" data-thumbnail=\"https:\/\/www.infopoint.cz\/polsko\/wp-content\/uploads\/sites\/22\/nggallery\/paderewski-v-narodnim-muzeu\/thumbs\/thumbs_m14.jpg\" data-title=\"m14\" data-description=\" \"><img decoding=\"async\" class=\"ngg-singlepic ngg-left alignleft\" src=\"https:\/\/www.infopoint.cz\/polsko\/wp-content\/uploads\/sites\/22\/nggallery\/paderewski-v-narodnim-muzeu\/thumbs\/thumbs_m14.jpg\" alt=\"m14\"><\/a>sv\u011btozn\u00e1m\u00fd klav\u00edrista z\u00edskal spoustu politick\u00fdch kontakt\u016f v USA a s jejich pomoc\u00ed podporoval snahy o obnovu polsk\u00e9 nez\u00e1vislosti.<\/p>\n<p>V roce 1919 se stal premi\u00e9rem Polska, ale v police dlouho nevydr\u017eel a v\u011bnoval se op\u011bt koncertov\u00e1n\u00ed. Byl to tak\u00e9 velk\u00fd filantrop, podporoval jak um\u011blce, tak nezam\u011bstnan\u00e9 i polsk\u00fd <a class=\"ngg-fancybox\" title=\" \" href=\"https:\/\/www.infopoint.cz\/polsko\/wp-content\/uploads\/sites\/22\/nggallery\/paderewski-v-narodnim-muzeu\/m24.jpg\" rel=\"\" data-image-id=\"1358\" data-src=\"https:\/\/www.infopoint.cz\/polsko\/wp-content\/uploads\/sites\/22\/nggallery\/paderewski-v-narodnim-muzeu\/m24.jpg\" data-thumbnail=\"https:\/\/www.infopoint.cz\/polsko\/wp-content\/uploads\/sites\/22\/nggallery\/paderewski-v-narodnim-muzeu\/thumbs\/thumbs_m24.jpg\" data-title=\"m24\" data-description=\" \"><img decoding=\"async\" class=\"ngg-singlepic ngg-right alignright\" src=\"https:\/\/www.infopoint.cz\/polsko\/wp-content\/uploads\/sites\/22\/nggallery\/paderewski-v-narodnim-muzeu\/thumbs\/thumbs_m24.jpg\" alt=\"m24\"><\/a>zahrani\u010dn\u00ed odboj. Zem\u0159el v New Yorku a pochov\u00e1n byl na Arlingtonsk\u00e9m h\u0159bitov\u011b ve Washingtonu, jeho ostatky byly p\u0159evezeny do Var\u0161avy v r. 1992.<\/p>\n<p>Na ob\u011bd jsme z\u016fstali ve v\u00fdborn\u00e9 <a href=\"https:\/\/www.infopoint.cz\/polsko\/aleje3-restaurant\/\">muzejn\u00ed restauraci<\/a>, kde u\u017e jsme se p\u00e1rkr\u00e1t dob\u0159e najedli a ani <a class=\"ngg-fancybox\" title=\" \" href=\"https:\/\/www.infopoint.cz\/polsko\/wp-content\/uploads\/sites\/22\/nggallery\/paderewski-v-narodnim-muzeu\/m27.jpg\" rel=\"\" data-image-id=\"1361\" data-src=\"https:\/\/www.infopoint.cz\/polsko\/wp-content\/uploads\/sites\/22\/nggallery\/paderewski-v-narodnim-muzeu\/m27.jpg\" data-thumbnail=\"https:\/\/www.infopoint.cz\/polsko\/wp-content\/uploads\/sites\/22\/nggallery\/paderewski-v-narodnim-muzeu\/thumbs\/thumbs_m27.jpg\" data-title=\"m27\" data-description=\" \"><img decoding=\"async\" class=\"ngg-singlepic ngg-left alignleft\" src=\"https:\/\/www.infopoint.cz\/polsko\/wp-content\/uploads\/sites\/22\/nggallery\/paderewski-v-narodnim-muzeu\/thumbs\/thumbs_m27.jpg\" alt=\"m27\"><\/a>tentokr\u00e1t n\u00e1s nezklamala. V\u0161ichni, i Dana, kter\u00e1 si na svou ka\u010dku musela po\u010dkat, jsme se najedli dosyta, byl \u010das i na dezert a k\u00e1vi\u010dku a pak u\u017e zase na mr\u00e1z.<\/p>\n<p>Pozd\u011b, ale p\u0159ece napsala pro <a href=\"https:\/\/www.infopoint.cz\/polsko\/category\/kulturni-ctvrtky\/\">kulturn\u00ed \u010dtvrtek<\/a> 27.2.2018, Mirka :-)<\/p>\n<p><a href=\"https:\/\/www.infopoint.cz\/polsko\/fotogalerie\/\">M\u016f\u017eete se tak\u00e9 pod\u00edvat na ostatn\u00ed fotografie&nbsp;<\/a><\/p>\n<p><a href=\"https:\/\/drive.google.com\/open?id=1wHPv4oviRCQjezaA2g1lWbSqeTiqnOr0\">nebo video.<\/a><\/p>\n","protected":false},"excerpt":{"rendered":"<p>Po ly\u017ea\u0159sk\u00fdch pr\u00e1zdnin\u00e1ch jsme v Truskawieck\u00e9 probrali klasicky kde, kdo, kdy, jak, co a pro\u010d. Po dvou t\u00fddnech bylo t\u00e9mat spoustu, proto n\u00e1s Dana musela zlehka vyh\u00e1n\u011bt, aby n\u00e1s na mr\u00e1z z tepl\u00ed\u010dka dostala. J\u00e1 jsem \u0161la do muzea s t\u00edm, \u017ee Ignacy Jan Paderewski (1860-1941) byl tak trochu \u0161\u00edlenec, z toho co jsem si [&hellip;]<\/p>\n","protected":false},"author":2,"featured_media":0,"comment_status":"open","ping_status":"closed","sticky":false,"template":"","format":"standard","meta":{"ngg_post_thumbnail":0,"footnotes":""},"categories":[2],"tags":[],"class_list":["post-4603","post","type-post","status-publish","format-standard","hentry","category-kulturni-ctvrtky"],"_links":{"self":[{"href":"https:\/\/www.infopoint.cz\/polsko\/wp-json\/wp\/v2\/posts\/4603","targetHints":{"allow":["GET"]}}],"collection":[{"href":"https:\/\/www.infopoint.cz\/polsko\/wp-json\/wp\/v2\/posts"}],"about":[{"href":"https:\/\/www.infopoint.cz\/polsko\/wp-json\/wp\/v2\/types\/post"}],"author":[{"embeddable":true,"href":"https:\/\/www.infopoint.cz\/polsko\/wp-json\/wp\/v2\/users\/2"}],"replies":[{"embeddable":true,"href":"https:\/\/www.infopoint.cz\/polsko\/wp-json\/wp\/v2\/comments?post=4603"}],"version-history":[{"count":7,"href":"https:\/\/www.infopoint.cz\/polsko\/wp-json\/wp\/v2\/posts\/4603\/revisions"}],"predecessor-version":[{"id":4731,"href":"https:\/\/www.infopoint.cz\/polsko\/wp-json\/wp\/v2\/posts\/4603\/revisions\/4731"}],"wp:attachment":[{"href":"https:\/\/www.infopoint.cz\/polsko\/wp-json\/wp\/v2\/media?parent=4603"}],"wp:term":[{"taxonomy":"category","embeddable":true,"href":"https:\/\/www.infopoint.cz\/polsko\/wp-json\/wp\/v2\/categories?post=4603"},{"taxonomy":"post_tag","embeddable":true,"href":"https:\/\/www.infopoint.cz\/polsko\/wp-json\/wp\/v2\/tags?post=4603"}],"curies":[{"name":"wp","href":"https:\/\/api.w.org\/{rel}","templated":true}]}}