{"id":4617,"date":"2018-03-27T19:16:45","date_gmt":"2018-03-27T17:16:45","guid":{"rendered":"https:\/\/www.infopoint.cz\/polsko\/?p=4617"},"modified":"2018-03-27T19:22:39","modified_gmt":"2018-03-27T17:22:39","slug":"polaci-se-doma-neprezouvaji-a-obed-ve-dvanact-na-to-zapomente-rika-ceska","status":"publish","type":"post","link":"https:\/\/www.infopoint.cz\/polsko\/polaci-se-doma-neprezouvaji-a-obed-ve-dvanact-na-to-zapomente-rika-ceska\/","title":{"rendered":"Pol\u00e1ci se doma nep\u0159ezouvaj\u00ed. A ob\u011bd ve dvan\u00e1ct? Na to zapome\u0148te, \u0159\u00edk\u00e1 \u010ce\u0161ka"},"content":{"rendered":"<blockquote><p>Monika Alberovsk\u00e1 se do Polska p\u0159est\u011bhovala se sv\u00fdm p\u0159\u00edtelem p\u0159ed \u010dty\u0159mi lety. \u201ePol\u00e1ci \u010cechy miluj\u00ed, co\u017e je a\u017e neuv\u011b\u0159iteln\u00e9, kdy\u017e si vezmu postoj \u010cech\u016f k Polsku. Obdivuj\u00ed Prahu, fascinuje je. Star\u0161\u00ed generace vzpom\u00edn\u00e1, jak k n\u00e1m jezdila na v\u00fdhodn\u00e9 n\u00e1kupy. A\u017e v Polsku jsem se setkala se zaj\u00edmav\u00fdmi ozna\u010den\u00edmi \u201ejako v \u010desk\u00e9m filmu\u201c, \u201ePep\u00edci\u201c nebo s jin\u00fdm v\u00fdznamem slov nap\u0159\u00edklad \u201e\u0161ukat\u201c \u010dili hledat,\u201c \u0159\u00edk\u00e1.<\/p><\/blockquote>\n<p>Zdroj: <a href=\"https:\/\/cestovani.lidovky.cz\/polaci-se-doma-neprezouvaji-a-obed-ve-dvanact-na-to-zapomente-rika-ceska-1my-\/aktuality.aspx?c=A180326_110628_aktuality_ape\">https:\/\/cestovani.lidovky.cz\/polaci-se-doma-neprezouvaji-a-obed-ve-dvanact-na-to-zapomente-rika-ceska-1my-\/aktuality.aspx?c=A180326_110628_aktuality_ape<\/a><\/p>\n","protected":false},"excerpt":{"rendered":"<p>Monika Alberovsk\u00e1 se do Polska p\u0159est\u011bhovala se sv\u00fdm p\u0159\u00edtelem p\u0159ed \u010dty\u0159mi lety. \u201ePol\u00e1ci \u010cechy miluj\u00ed, co\u017e je a\u017e neuv\u011b\u0159iteln\u00e9, kdy\u017e si vezmu postoj \u010cech\u016f k Polsku. Obdivuj\u00ed Prahu, fascinuje je. Star\u0161\u00ed generace vzpom\u00edn\u00e1, jak k n\u00e1m jezdila na v\u00fdhodn\u00e9 n\u00e1kupy. A\u017e v Polsku jsem se setkala se zaj\u00edmav\u00fdmi ozna\u010den\u00edmi \u201ejako v \u010desk\u00e9m filmu\u201c, \u201ePep\u00edci\u201c nebo [&hellip;]<\/p>\n","protected":false},"author":2,"featured_media":0,"comment_status":"open","ping_status":"closed","sticky":false,"template":"","format":"standard","meta":{"ngg_post_thumbnail":0,"footnotes":""},"categories":[24],"tags":[],"class_list":["post-4617","post","type-post","status-publish","format-standard","hentry","category-zajimavosti"],"_links":{"self":[{"href":"https:\/\/www.infopoint.cz\/polsko\/wp-json\/wp\/v2\/posts\/4617","targetHints":{"allow":["GET"]}}],"collection":[{"href":"https:\/\/www.infopoint.cz\/polsko\/wp-json\/wp\/v2\/posts"}],"about":[{"href":"https:\/\/www.infopoint.cz\/polsko\/wp-json\/wp\/v2\/types\/post"}],"author":[{"embeddable":true,"href":"https:\/\/www.infopoint.cz\/polsko\/wp-json\/wp\/v2\/users\/2"}],"replies":[{"embeddable":true,"href":"https:\/\/www.infopoint.cz\/polsko\/wp-json\/wp\/v2\/comments?post=4617"}],"version-history":[{"count":1,"href":"https:\/\/www.infopoint.cz\/polsko\/wp-json\/wp\/v2\/posts\/4617\/revisions"}],"predecessor-version":[{"id":4618,"href":"https:\/\/www.infopoint.cz\/polsko\/wp-json\/wp\/v2\/posts\/4617\/revisions\/4618"}],"wp:attachment":[{"href":"https:\/\/www.infopoint.cz\/polsko\/wp-json\/wp\/v2\/media?parent=4617"}],"wp:term":[{"taxonomy":"category","embeddable":true,"href":"https:\/\/www.infopoint.cz\/polsko\/wp-json\/wp\/v2\/categories?post=4617"},{"taxonomy":"post_tag","embeddable":true,"href":"https:\/\/www.infopoint.cz\/polsko\/wp-json\/wp\/v2\/tags?post=4617"}],"curies":[{"name":"wp","href":"https:\/\/api.w.org\/{rel}","templated":true}]}}