{"id":4769,"date":"2018-01-17T15:23:10","date_gmt":"2018-01-17T14:23:10","guid":{"rendered":"https:\/\/www.infopoint.cz\/polsko\/?p=4769"},"modified":"2018-05-09T09:02:07","modified_gmt":"2018-05-09T07:02:07","slug":"kluziste-pred-palacem-kultury","status":"publish","type":"post","link":"https:\/\/www.infopoint.cz\/polsko\/kluziste-pred-palacem-kultury\/","title":{"rendered":"Kluzi\u0161t\u011b p\u0159ed Pal\u00e1cem kultury"},"content":{"rendered":"<p><a class=\"ngg-fancybox\" title=\" \" href=\"https:\/\/www.infopoint.cz\/polsko\/wp-content\/uploads\/sites\/22\/nggallery\/kluziste-pred-palacem-kultury\/m01.jpg\" rel=\"\" data-image-id=\"1426\" data-src=\"https:\/\/www.infopoint.cz\/polsko\/wp-content\/uploads\/sites\/22\/nggallery\/kluziste-pred-palacem-kultury\/m01.jpg\" data-thumbnail=\"https:\/\/www.infopoint.cz\/polsko\/wp-content\/uploads\/sites\/22\/nggallery\/kluziste-pred-palacem-kultury\/thumbs\/thumbs_m01.jpg\" data-title=\"m01\" data-description=\" \"><img decoding=\"async\" class=\"ngg-singlepic ngg-left alignleft\" src=\"https:\/\/www.infopoint.cz\/polsko\/wp-content\/uploads\/sites\/22\/nggallery\/kluziste-pred-palacem-kultury\/thumbs\/thumbs_m01.jpg\" alt=\"m01\"><\/a>Nasleduj\u00faci utorok sme sa nezi\u0161li v&nbsp;plnom po\u010dte, no ja som sa z\u00fa\u010dastnila u\u017e druh\u00fd utorok po sebe &#8211; HUR\u00c1. Tento de\u0148 sa niesol v&nbsp;znamen\u00ed \u0161portu. Najsk\u00f4r sa Mirka s&nbsp;nami podelila o&nbsp;v\u00fdsledky z&nbsp;biatlonu, tenisu,&#8230;. . Monika rozpr\u00e1vala o&nbsp;z\u00e1\u017eitkoch z&nbsp;tepla i&nbsp;zimy.&nbsp; V\u0161etci sme boli odhodlan\u00ed postavi\u0165 sa na kor\u010dule a&nbsp;\u00eds\u0165 si u\u017ei\u0165 \u013eadovej plochy pred Pal\u00e1com Kult\u00fary. No ke\u010f\u017ee n\u00e1m bolo v\u0161etk\u00fdm zima, tak sme sa pobrali&nbsp; do tepl\u00fa\u010dka do M\u00fazea \u0161portu vo Var\u0161ave. <a class=\"ngg-fancybox\" title=\" \" href=\"https:\/\/www.infopoint.cz\/polsko\/wp-content\/uploads\/sites\/22\/nggallery\/kluziste-pred-palacem-kultury\/m03.jpg\" rel=\"\" data-image-id=\"1428\" data-src=\"https:\/\/www.infopoint.cz\/polsko\/wp-content\/uploads\/sites\/22\/nggallery\/kluziste-pred-palacem-kultury\/m03.jpg\" data-thumbnail=\"https:\/\/www.infopoint.cz\/polsko\/wp-content\/uploads\/sites\/22\/nggallery\/kluziste-pred-palacem-kultury\/thumbs\/thumbs_m03.jpg\" data-title=\"m03\" data-description=\" \"><img decoding=\"async\" class=\"ngg-singlepic ngg-right alignright\" src=\"https:\/\/www.infopoint.cz\/polsko\/wp-content\/uploads\/sites\/22\/nggallery\/kluziste-pred-palacem-kultury\/thumbs\/thumbs_m03.jpg\" alt=\"m03\"><\/a><\/p>\n<p>St\u00e1la expoz\u00edcia s n\u00e1zvom &#8222;Hist\u00f3ria po\u013esk\u00e9ho \u0161portu a olympijsk\u00e9ho hnutia&#8220; zobrazuje hist\u00f3riu \u0161portu z d\u00e1vneho Gr\u00e9cka, cez prv\u00e9 modern\u00e9 olympijsk\u00e9 hry a\u017e po s\u00fa\u010dasnos\u0165. Na v\u00fdstave 1000 metrov \u0161tvorcov\u00fdch n\u00e1jdete pr\u00edklady \u0161portov\u00e9ho umenia, technick\u00e9ho vybavenia, medail\u00ed, trofej\u00ed a staro\u017eitnost\u00ed. V\u010faka dejin\u00e1m \u0161portu uvid\u00edte, ako politika a vojny ovplyvnili po\u013esk\u00fd \u0161portov\u00fd duch.<\/p>\n<p><a class=\"ngg-fancybox\" title=\" \" href=\"https:\/\/www.infopoint.cz\/polsko\/wp-content\/uploads\/sites\/22\/nggallery\/kluziste-pred-palacem-kultury\/m02.jpg\" rel=\"\" data-image-id=\"1427\" data-src=\"https:\/\/www.infopoint.cz\/polsko\/wp-content\/uploads\/sites\/22\/nggallery\/kluziste-pred-palacem-kultury\/m02.jpg\" data-thumbnail=\"https:\/\/www.infopoint.cz\/polsko\/wp-content\/uploads\/sites\/22\/nggallery\/kluziste-pred-palacem-kultury\/thumbs\/thumbs_m02.jpg\" data-title=\"m02\" data-description=\" \"><img decoding=\"async\" class=\"ngg-singlepic ngg-left alignleft\" src=\"https:\/\/www.infopoint.cz\/polsko\/wp-content\/uploads\/sites\/22\/nggallery\/kluziste-pred-palacem-kultury\/thumbs\/thumbs_m02.jpg\" alt=\"m02\"><\/a>Nako\u013eko ja nie som \u0161portovo znal\u00e1, dozvedela som sa, \u017ee existoval sl\u00e1vny klub s&nbsp;n\u00e1zvom SOKOL.&nbsp; V\u0161etk\u00fdch n\u00e1s o\u010darili najm\u00e4 kost\u00fdmy, ktor\u00e9 mali na sebe \u0161portovci oble\u010den\u00e9. Zo s\u00fa\u010dastn\u00e9ho obdobia z roku 2003 m\u00f4\u017eeme spomen\u00fa\u0165 Majstra sveta v&nbsp;skoku na ly\u017eiach Adam MALYSZ .<\/p>\n<p>Uvid\u00edte cenn\u00e9 predmety ako napr\u00edklad zbierka olympijsk\u00fdch pochodn\u00ed, cenn\u00fdch medail\u00ed i trofej\u00ed. Ka\u017ed\u00fd sme si z pomedzi pochodn\u00ed vybrali svoju fa<a class=\"ngg-fancybox\" title=\" \" href=\"https:\/\/www.infopoint.cz\/polsko\/wp-content\/uploads\/sites\/22\/nggallery\/kluziste-pred-palacem-kultury\/m04.jpg\" rel=\"\" data-image-id=\"1429\" data-src=\"https:\/\/www.infopoint.cz\/polsko\/wp-content\/uploads\/sites\/22\/nggallery\/kluziste-pred-palacem-kultury\/m04.jpg\" data-thumbnail=\"https:\/\/www.infopoint.cz\/polsko\/wp-content\/uploads\/sites\/22\/nggallery\/kluziste-pred-palacem-kultury\/thumbs\/thumbs_m04.jpg\" data-title=\"m04\" data-description=\" \"><img decoding=\"async\" class=\"ngg-singlepic ngg-right alignright\" src=\"https:\/\/www.infopoint.cz\/polsko\/wp-content\/uploads\/sites\/22\/nggallery\/kluziste-pred-palacem-kultury\/thumbs\/thumbs_m04.jpg\" alt=\"m04\"><\/a>voritku.<\/p>\n<p>Po kr\u00e1snom \u0161portovom z\u00e1\u017eitku sme sa vyviezli v\u00fd\u0165ahom na 6. poschodie, kde sme sa ob\u010derstvili vo ve\u013emi peknej re\u0161taur\u00e1cii. V\u00fdh\u013ead na Var\u0161avu bol priam neodolate\u013en\u00fd.<\/p>\n<p>V&nbsp;okol\u00ed muzea je park, ktor\u00fd mo\u017eno vyu\u017ei\u0165 na prech\u00e1dzky v zimnom i letnom obdob\u00ed a tie\u017e <a class=\"ngg-fancybox\" title=\" \" href=\"https:\/\/www.infopoint.cz\/polsko\/wp-content\/uploads\/sites\/22\/nggallery\/kluziste-pred-palacem-kultury\/m05.jpg\" rel=\"\" data-image-id=\"1430\" data-src=\"https:\/\/www.infopoint.cz\/polsko\/wp-content\/uploads\/sites\/22\/nggallery\/kluziste-pred-palacem-kultury\/m05.jpg\" data-thumbnail=\"https:\/\/www.infopoint.cz\/polsko\/wp-content\/uploads\/sites\/22\/nggallery\/kluziste-pred-palacem-kultury\/thumbs\/thumbs_m05.jpg\" data-title=\"m05\" data-description=\" \"><img decoding=\"async\" class=\"ngg-singlepic ngg-left alignleft\" src=\"https:\/\/www.infopoint.cz\/polsko\/wp-content\/uploads\/sites\/22\/nggallery\/kluziste-pred-palacem-kultury\/thumbs\/thumbs_m05.jpg\" alt=\"m05\"><\/a>na \u0161portov\u00fa \u010dinnos\u0165.<\/p>\n<p>A&nbsp;pobrali sme sa vyzdvihn\u00fa\u0165 na\u0161e ratolesti, no e\u0161te pred rozchodom sme si urobili kr\u00e1snu fotografiu s&nbsp;kor\u010du\u013eami, aby sme na ne nezabudli.<\/p>\n<p>Pro <a href=\"https:\/\/www.infopoint.cz\/polsko\/category\/kulturni-ctvrtky\/\">kulturn\u00ed \u010dtvrtek<\/a> 16.1.2018, M\u00e1ria<\/p>\n<p><a href=\"https:\/\/www.infopoint.cz\/polsko\/fotogalerie\/\">M\u016f\u017eete se tak\u00e9 pod\u00edvat na ostatn\u00ed fotografie.<\/a><\/p>\n","protected":false},"excerpt":{"rendered":"<p>Nasleduj\u00faci utorok sme sa nezi\u0161li v&nbsp;plnom po\u010dte, no ja som sa z\u00fa\u010dastnila u\u017e druh\u00fd utorok po sebe &#8211; HUR\u00c1. Tento de\u0148 sa niesol v&nbsp;znamen\u00ed \u0161portu. Najsk\u00f4r sa Mirka s&nbsp;nami podelila o&nbsp;v\u00fdsledky z&nbsp;biatlonu, tenisu,&#8230;. . Monika rozpr\u00e1vala o&nbsp;z\u00e1\u017eitkoch z&nbsp;tepla i&nbsp;zimy.&nbsp; V\u0161etci sme boli odhodlan\u00ed postavi\u0165 sa na kor\u010dule a&nbsp;\u00eds\u0165 si u\u017ei\u0165 \u013eadovej plochy pred Pal\u00e1com Kult\u00fary. [&hellip;]<\/p>\n","protected":false},"author":2,"featured_media":0,"comment_status":"open","ping_status":"closed","sticky":false,"template":"","format":"standard","meta":{"ngg_post_thumbnail":0,"footnotes":""},"categories":[2],"tags":[],"class_list":["post-4769","post","type-post","status-publish","format-standard","hentry","category-kulturni-ctvrtky"],"_links":{"self":[{"href":"https:\/\/www.infopoint.cz\/polsko\/wp-json\/wp\/v2\/posts\/4769","targetHints":{"allow":["GET"]}}],"collection":[{"href":"https:\/\/www.infopoint.cz\/polsko\/wp-json\/wp\/v2\/posts"}],"about":[{"href":"https:\/\/www.infopoint.cz\/polsko\/wp-json\/wp\/v2\/types\/post"}],"author":[{"embeddable":true,"href":"https:\/\/www.infopoint.cz\/polsko\/wp-json\/wp\/v2\/users\/2"}],"replies":[{"embeddable":true,"href":"https:\/\/www.infopoint.cz\/polsko\/wp-json\/wp\/v2\/comments?post=4769"}],"version-history":[{"count":6,"href":"https:\/\/www.infopoint.cz\/polsko\/wp-json\/wp\/v2\/posts\/4769\/revisions"}],"predecessor-version":[{"id":4790,"href":"https:\/\/www.infopoint.cz\/polsko\/wp-json\/wp\/v2\/posts\/4769\/revisions\/4790"}],"wp:attachment":[{"href":"https:\/\/www.infopoint.cz\/polsko\/wp-json\/wp\/v2\/media?parent=4769"}],"wp:term":[{"taxonomy":"category","embeddable":true,"href":"https:\/\/www.infopoint.cz\/polsko\/wp-json\/wp\/v2\/categories?post=4769"},{"taxonomy":"post_tag","embeddable":true,"href":"https:\/\/www.infopoint.cz\/polsko\/wp-json\/wp\/v2\/tags?post=4769"}],"curies":[{"name":"wp","href":"https:\/\/api.w.org\/{rel}","templated":true}]}}