{"id":4791,"date":"2018-05-09T09:06:49","date_gmt":"2018-05-09T07:06:49","guid":{"rendered":"https:\/\/www.infopoint.cz\/polsko\/?p=4791"},"modified":"2018-06-06T22:33:46","modified_gmt":"2018-06-06T20:33:46","slug":"na-kolech-podel-visly","status":"publish","type":"post","link":"https:\/\/www.infopoint.cz\/polsko\/na-kolech-podel-visly\/","title":{"rendered":"Na kolech pod\u00e9l Visly"},"content":{"rendered":"<div>M\u00e1me tady kv\u011bten, l\u00e1sky \u010das a v n\u00e1s se probudila touha&nbsp;po dlouh\u00e9 dob\u011b n\u011bkam op\u011bt&nbsp;spole\u010dn\u011b vyrazit na kolech.<\/div>\n<div>&nbsp;<\/div>\n<div>Po\u010das\u00ed posledn\u00edch dn\u00ed k n\u00e1m asi nem\u016f\u017ee b\u00fdt p\u0159\u00edv\u011btiv\u011bj\u0161\u00ed: slune\u010dno, chladiv\u00fd v\u011bt\u0159\u00edk a k tomu v\u0161e neuv\u011b\u0159iteln\u011b n\u00e1dhern\u011b kvete a von\u00ed. Pravda, na&nbsp;n\u011bkter\u00e9 z n\u00e1s je t\u011bch jarn\u00edch roztop\u00e1\u0161nost\u00ed p\u0159\u00edrody tolik, \u017ee jej\u00ed s\u00edlu mus\u00ed krotit pomoc\u00ed kouzeln\u00fdch&nbsp;pilulek.<\/div>\n<div>&nbsp;<\/div>\n<div><a class=\"ngg-fancybox\" title=\" \" href=\"https:\/\/www.infopoint.cz\/polsko\/wp-content\/uploads\/sites\/22\/nggallery\/na-kolech-podel-visly\/m03.jpg\" rel=\"\" data-image-id=\"1447\" data-src=\"https:\/\/www.infopoint.cz\/polsko\/wp-content\/uploads\/sites\/22\/nggallery\/na-kolech-podel-visly\/m03.jpg\" data-thumbnail=\"https:\/\/www.infopoint.cz\/polsko\/wp-content\/uploads\/sites\/22\/nggallery\/na-kolech-podel-visly\/thumbs\/thumbs_m03.jpg\" data-title=\"m03\" data-description=\" \"><img decoding=\"async\" class=\"ngg-singlepic ngg-left alignleft\" src=\"https:\/\/www.infopoint.cz\/polsko\/wp-content\/uploads\/sites\/22\/nggallery\/na-kolech-podel-visly\/thumbs\/thumbs_m03.jpg\" alt=\"m03\"><\/a>Na rann\u00ed k\u00e1vi\u010dku, kter\u00e1 se u\u017e mohla pod\u00e1vat na ter\u00e1sce obsypan\u00e9 fialov\u00fdmi kv\u011bty vist\u00e1rie, jsme se se\u0161li v mal\u00e9m, ale&nbsp; vlastn\u011b pln\u00e9m po\u010dtu. Hned r\u00e1no jsme si p\u0159ipomn\u011bli, jak moc se li\u0161\u00ed \u017eensk\u00fd a mu\u017esk\u00fd pohled na sv\u011bt. &#8222;D\u011bv\u010data&#8220; dorazila v&nbsp;\u0161atech, pantofl\u00edch, kra\u0165asech a halenk\u00e1ch a &#8222;chlapci&#8220; byli p\u0159ipraveni t\u00e9m\u011b\u0159 na Z\u00e1vod M\u00edru. V\u0161e nakonec dob\u0159e dopadlo, n\u00e1\u0161&nbsp;z\u00e1vodn\u00edk se na\u0161emu le\u017e\u00e9rn\u00edmu tempu shov\u00edvav\u011b p\u0159izp\u016fsobil.<\/div>\n<div>&nbsp;<\/div>\n<div>Proto\u017ee je po t\u00fddenn\u00edch pr\u00e1zdnin\u00e1ch a dlouho jsme se nevid\u011bli,&nbsp;bylo co vypr\u00e1v\u011bt. U\u017e v\u00edme, \u017ee se&nbsp;na Korsice zjara v\u0161echno kr\u00e1sn\u011b zelen\u00e1, \u017ee nejlep\u0161\u00ed maso je mor\u010dacie, \u017ee n\u011bkdo si na st\u0159echu &#8222;odkl\u00e1d\u00e1&nbsp;ta\u0161ky&#8220; a n\u011bkdo jin\u00fd m\u00edsto toho &#8222;\u0161kridle&#8220; a nav\u00edc tomu v\u0161emu m\u016f\u017ee stejn\u011b porozum\u011bt jen ten, kdo si s n\u00e1mi n\u011bkdy vyraz\u00ed na&nbsp;&#8222;Mal\u00e9 divy&#8220;.<\/div>\n<div>&nbsp;<\/div>\n<div>Na v\u00fdlet jsme bohu\u017eel nemohli vyrazit v\u0161ichni, ale i tak jsme si to moc u\u017eili. Cestou pod\u00e9l \u0159eky jsme se kochali v\u00fdhledy&nbsp;na t\u0159pyt\u00edc\u00ed se hladinu, bezpo\u010det restaurac\u00ed, dokonce pe\u0159ej\u00ed \/snad to byly opravdu pe\u0159eje a n\u00e9 ty pilulky\/, kvetouc\u00ed&nbsp;stromy a pr\u00e1zdn\u00e9 minipl\u00e1\u017ee na prot\u011bj\u0161\u00edm b\u0159ehu. Dojeli jsme a\u017e k parku u Muzea sportu a turistiky. Cestou zp\u011bt jsme&nbsp;trochu netradi\u010dn\u011b poob\u011bdvali p\u0159\u00edmo pod mostem, v mal\u00e9m japonsko &#8211; korejsk\u00e9m bistru <a href=\"https:\/\/www.infopoint.cz\/polsko\/mei\/\">Mei<\/a>.<a class=\"ngg-fancybox\" title=\" \" href=\"https:\/\/www.infopoint.cz\/polsko\/wp-content\/uploads\/sites\/22\/nggallery\/na-kolech-podel-visly\/m09.jpg\" rel=\"\" data-image-id=\"1449\" data-src=\"https:\/\/www.infopoint.cz\/polsko\/wp-content\/uploads\/sites\/22\/nggallery\/na-kolech-podel-visly\/m09.jpg\" data-thumbnail=\"https:\/\/www.infopoint.cz\/polsko\/wp-content\/uploads\/sites\/22\/nggallery\/na-kolech-podel-visly\/thumbs\/thumbs_m09.jpg\" data-title=\"m09\" data-description=\" \"><img decoding=\"async\" class=\"ngg-singlepic ngg-right alignright\" src=\"https:\/\/www.infopoint.cz\/polsko\/wp-content\/uploads\/sites\/22\/nggallery\/na-kolech-podel-visly\/thumbs\/thumbs_m09.jpg\" alt=\"m09\"><\/a><\/div>\n<div>&nbsp;<\/div>\n<div>Bistro je opravdu mal\u00e9,&nbsp;p\u0159\u00edjemn\u00e9, obsluha rychl\u00e1 a to podstatn\u00e9 &#8211; j\u00eddlo je vynikaj\u00edc\u00ed. Dokonce jsme si jedno z j\u00eddel mohli sami uva\u0159it. Ob\u011bd v p\u016fvodn\u011b pl\u00e1novan\u00e9 restauraci u \u0159eky jsme si nakonec dop\u0159\u00e1t nemohli, proto\u017ee maj\u00ed v t\u00fddnu bohu\u017eel zav\u0159eno. N\u00e1hradn\u00ed volba se ale uk\u00e1zala b\u00fdt v\u00edce ne\u017e dobrou alternativou.<\/div>\n<div>&nbsp;<\/div>\n<div>Pro <a href=\"https:\/\/www.infopoint.cz\/polsko\/category\/kulturni-ctvrtky\/\">kulturn\u00ed \u010dtvrtek<\/a> 8.5.2018, napsala Margita.<\/div>\n<div><a href=\"https:\/\/www.infopoint.cz\/polsko\/fotogalerie\/\">M\u016f\u017eete se tak\u00e9 pod\u00edvat na ostatn\u00ed fotografie&nbsp;<\/a><\/div>\n","protected":false},"excerpt":{"rendered":"<p>M\u00e1me tady kv\u011bten, l\u00e1sky \u010das a v n\u00e1s se probudila touha&nbsp;po dlouh\u00e9 dob\u011b n\u011bkam op\u011bt&nbsp;spole\u010dn\u011b vyrazit na kolech. &nbsp; Po\u010das\u00ed posledn\u00edch dn\u00ed k n\u00e1m asi nem\u016f\u017ee b\u00fdt p\u0159\u00edv\u011btiv\u011bj\u0161\u00ed: slune\u010dno, chladiv\u00fd v\u011bt\u0159\u00edk a k tomu v\u0161e neuv\u011b\u0159iteln\u011b n\u00e1dhern\u011b kvete a von\u00ed. Pravda, na&nbsp;n\u011bkter\u00e9 z n\u00e1s je t\u011bch jarn\u00edch roztop\u00e1\u0161nost\u00ed p\u0159\u00edrody tolik, \u017ee jej\u00ed s\u00edlu mus\u00ed krotit [&hellip;]<\/p>\n","protected":false},"author":2,"featured_media":0,"comment_status":"open","ping_status":"closed","sticky":false,"template":"","format":"standard","meta":{"ngg_post_thumbnail":0,"footnotes":""},"categories":[2],"tags":[],"class_list":["post-4791","post","type-post","status-publish","format-standard","hentry","category-kulturni-ctvrtky"],"_links":{"self":[{"href":"https:\/\/www.infopoint.cz\/polsko\/wp-json\/wp\/v2\/posts\/4791","targetHints":{"allow":["GET"]}}],"collection":[{"href":"https:\/\/www.infopoint.cz\/polsko\/wp-json\/wp\/v2\/posts"}],"about":[{"href":"https:\/\/www.infopoint.cz\/polsko\/wp-json\/wp\/v2\/types\/post"}],"author":[{"embeddable":true,"href":"https:\/\/www.infopoint.cz\/polsko\/wp-json\/wp\/v2\/users\/2"}],"replies":[{"embeddable":true,"href":"https:\/\/www.infopoint.cz\/polsko\/wp-json\/wp\/v2\/comments?post=4791"}],"version-history":[{"count":13,"href":"https:\/\/www.infopoint.cz\/polsko\/wp-json\/wp\/v2\/posts\/4791\/revisions"}],"predecessor-version":[{"id":5075,"href":"https:\/\/www.infopoint.cz\/polsko\/wp-json\/wp\/v2\/posts\/4791\/revisions\/5075"}],"wp:attachment":[{"href":"https:\/\/www.infopoint.cz\/polsko\/wp-json\/wp\/v2\/media?parent=4791"}],"wp:term":[{"taxonomy":"category","embeddable":true,"href":"https:\/\/www.infopoint.cz\/polsko\/wp-json\/wp\/v2\/categories?post=4791"},{"taxonomy":"post_tag","embeddable":true,"href":"https:\/\/www.infopoint.cz\/polsko\/wp-json\/wp\/v2\/tags?post=4791"}],"curies":[{"name":"wp","href":"https:\/\/api.w.org\/{rel}","templated":true}]}}