{"id":5113,"date":"2018-09-19T18:41:54","date_gmt":"2018-09-19T16:41:54","guid":{"rendered":"https:\/\/www.infopoint.cz\/polsko\/?p=5113"},"modified":"2018-09-19T18:41:54","modified_gmt":"2018-09-19T16:41:54","slug":"tragicka-vyroci-prepadeni-polska-17-zari-1939-bylo-zakernym-vpadem-do-zad","status":"publish","type":"post","link":"https:\/\/www.infopoint.cz\/polsko\/tragicka-vyroci-prepadeni-polska-17-zari-1939-bylo-zakernym-vpadem-do-zad\/","title":{"rendered":"Tragick\u00e1 v\u00fdro\u010d\u00ed &#8211; P\u0159epaden\u00ed Polska 17. z\u00e1\u0159\u00ed 1939 bylo z\u00e1ke\u0159n\u00fdm vp\u00e1dem do zad"},"content":{"rendered":"<blockquote><p>\u00datok na Polsko si dv\u011b agresivn\u00ed mocnosti, N\u011bmecko a SSSR p\u0159edem domluvily a do detailu napl\u00e1novaly. A pot\u00e9 oba st\u00e1ty sv\u00e9 &#8222;uk\u00e1zkov\u011b f\u00e9rov\u00e9 v\u00edt\u011bzstv\u00ed&#8220; oslavily spole\u010dnou vojenskou p\u0159ehl\u00eddkou.<\/p><\/blockquote>\n<p>Zdroj: <a href=\"https:\/\/trizuljak.blog.idnes.cz\/blog.aspx?c=679603\">https:\/\/trizuljak.blog.idnes.cz\/blog.aspx?c=679603<\/a><\/p>\n<p>Dobr\u00e9 \u010dten\u00ed je i diskuze pod \u010dl\u00e1nkem.<\/p>\n","protected":false},"excerpt":{"rendered":"<p>\u00datok na Polsko si dv\u011b agresivn\u00ed mocnosti, N\u011bmecko a SSSR p\u0159edem domluvily a do detailu napl\u00e1novaly. A pot\u00e9 oba st\u00e1ty sv\u00e9 &#8222;uk\u00e1zkov\u011b f\u00e9rov\u00e9 v\u00edt\u011bzstv\u00ed&#8220; oslavily spole\u010dnou vojenskou p\u0159ehl\u00eddkou. Zdroj: https:\/\/trizuljak.blog.idnes.cz\/blog.aspx?c=679603 Dobr\u00e9 \u010dten\u00ed je i diskuze pod \u010dl\u00e1nkem.<\/p>\n","protected":false},"author":2,"featured_media":0,"comment_status":"open","ping_status":"closed","sticky":false,"template":"","format":"standard","meta":{"ngg_post_thumbnail":0,"footnotes":""},"categories":[24],"tags":[],"class_list":["post-5113","post","type-post","status-publish","format-standard","hentry","category-zajimavosti"],"_links":{"self":[{"href":"https:\/\/www.infopoint.cz\/polsko\/wp-json\/wp\/v2\/posts\/5113","targetHints":{"allow":["GET"]}}],"collection":[{"href":"https:\/\/www.infopoint.cz\/polsko\/wp-json\/wp\/v2\/posts"}],"about":[{"href":"https:\/\/www.infopoint.cz\/polsko\/wp-json\/wp\/v2\/types\/post"}],"author":[{"embeddable":true,"href":"https:\/\/www.infopoint.cz\/polsko\/wp-json\/wp\/v2\/users\/2"}],"replies":[{"embeddable":true,"href":"https:\/\/www.infopoint.cz\/polsko\/wp-json\/wp\/v2\/comments?post=5113"}],"version-history":[{"count":1,"href":"https:\/\/www.infopoint.cz\/polsko\/wp-json\/wp\/v2\/posts\/5113\/revisions"}],"predecessor-version":[{"id":5114,"href":"https:\/\/www.infopoint.cz\/polsko\/wp-json\/wp\/v2\/posts\/5113\/revisions\/5114"}],"wp:attachment":[{"href":"https:\/\/www.infopoint.cz\/polsko\/wp-json\/wp\/v2\/media?parent=5113"}],"wp:term":[{"taxonomy":"category","embeddable":true,"href":"https:\/\/www.infopoint.cz\/polsko\/wp-json\/wp\/v2\/categories?post=5113"},{"taxonomy":"post_tag","embeddable":true,"href":"https:\/\/www.infopoint.cz\/polsko\/wp-json\/wp\/v2\/tags?post=5113"}],"curies":[{"name":"wp","href":"https:\/\/api.w.org\/{rel}","templated":true}]}}