{"id":5116,"date":"2018-06-21T18:48:02","date_gmt":"2018-06-21T16:48:02","guid":{"rendered":"https:\/\/www.infopoint.cz\/polsko\/?p=5116"},"modified":"2019-01-30T11:59:36","modified_gmt":"2019-01-30T10:59:36","slug":"onna-a-psychadelik","status":"publish","type":"post","link":"https:\/\/www.infopoint.cz\/polsko\/onna-a-psychadelik\/","title":{"rendered":"Onna a psychadelik"},"content":{"rendered":"<p>Tentokr\u00e1t jsme se se\u0161ly ve \u010dty\u0159ech a pouze v \u017eensk\u00e9m obsazen\u00ed.<\/p>\n<p>R\u00e1no jsme za\u010daly k\u00e1vou a debatou na t\u00e9ma hlavn\u00ed \u00fa\u010del um\u011bn\u00ed, ut\u011b\u0161it ustaran\u00e9ho a znepokojit pohodln\u011b se c\u00edt\u00edc\u00edho. Nebo tak\u00e9 vyvolat emoce. Jak\u00e9koliv&#8230;..To jsme je\u0161t\u011b netu\u0161ily, \u017ee si to dnes otestujeme v\u00a0praxi.<\/p>\n<p>Nejprve jsme vyrazily do Podchor\u0105\u017c\u00f3wky v parku Lazenki\u00a0 na vystavu <strong>ONNA. Pi\u0119kno, si\u0142a, ekstaza,<\/strong> neboli <strong>\u017dena. Kr\u00e1sa, s\u00edla ext\u00e1ze<\/strong>.<\/p>\n<p>Expozice byla velmi poveden\u00e1, skv\u011ble nasv\u011btlen\u00e1 a v cel\u00e9m prostoru bylo asi 17 stup\u0148\u016f. P\u0159i venkovn\u00ed teplot\u011b bl\u00ed\u017e\u00edc\u00ed se t\u0159ic\u00edtce to bylo jako vkro\u010dit do chlad\u00edc\u00edho boxu. Bylo tu k\u00a0vid\u011bn\u00ed t\u00e9m\u011b\u0159 100 nejvz\u00e1cn\u011bj\u0161\u00edch d\u0159evoryt\u016f ze sb\u00edrky N\u00e1rodn\u00edho muzea v\u00a0Krakov\u011b. A star\u00e9 vz\u00e1cn\u00e9 obrazy holt vy\u017eaduj\u00ed st\u00e1lou zimu.<\/p>\n<p><a class=\"ngg-fancybox\" title=\" \" href=\"https:\/\/www.infopoint.cz\/polsko\/wp-content\/uploads\/sites\/22\/nggallery\/onna-a-psychadelik\/o3.jpg\" rel=\"\"><img decoding=\"async\" class=\"ngg-singlepic ngg-none alignleft\" src=\"https:\/\/www.infopoint.cz\/polsko\/wp-content\/uploads\/sites\/22\/nggallery\/onna-a-psychadelik\/thumbs\/thumbs_o3.jpg\" alt=\"o3\" \/><\/a>Um\u011blci z obdob\u00ed Edo studovali r\u016fzn\u00e9 aspekty \u017eivota a vytvo\u0159ili mimo jin\u00e9 zobrazen\u00ed \u017eeny-matky ve vztaz\u00edch s d\u011btmi (v japon\u0161tin\u011b boshi-e), \u017eena-v\u00e1le\u010dn\u00edk, zn\u00e1m\u00fd v japon\u0161tin\u011b jako onna bugeisha, stejn\u011b jako divadlo-themed yakusha-e, kter\u00e9 l\u00ed\u010d\u00ed herce kabuki divadla hr\u00e1t role \u017een. <a class=\"ngg-fancybox\" title=\" \" href=\"https:\/\/www.infopoint.cz\/polsko\/wp-content\/uploads\/sites\/22\/nggallery\/onna-a-psychadelik\/o4.jpg\" rel=\"\"><img decoding=\"async\" class=\"ngg-singlepic ngg-none alignright\" src=\"https:\/\/www.infopoint.cz\/polsko\/wp-content\/uploads\/sites\/22\/nggallery\/onna-a-psychadelik\/thumbs\/thumbs_o4.jpg\" alt=\"o4\" \/><\/a><\/p>\n<p>V\u00a0odd\u011blen\u00e9 sekci s\u00a0varov\u00e1n\u00edm \u2018<em>Ml\u00e1de\u017ei nep\u0159\u00edstupno\u2018<\/em>, byly vystaveny Shunga &#8211; japonsk\u00e9 erotick\u00e9 malby. Tam jsme se opravdu podivily \u010dasto velmi neobvykl\u00e9 anatomii.<\/p>\n<p>&nbsp;<\/p>\n<p>To u\u017e jsme ale sp\u011bchaly ven na teplo a kvetouc\u00edm parkem do Ujazdowsk\u00e9ho z\u00e1mku, centra sou\u010dasn\u00e9ho um\u011bn\u00ed.<\/p>\n<p><a class=\"ngg-fancybox\" title=\" \" href=\"https:\/\/www.infopoint.cz\/polsko\/wp-content\/uploads\/sites\/22\/nggallery\/onna-a-psychadelik\/o5.jpg\" rel=\"\"><img decoding=\"async\" class=\"ngg-singlepic ngg-left alignleft\" src=\"https:\/\/www.infopoint.cz\/polsko\/wp-content\/uploads\/sites\/22\/nggallery\/onna-a-psychadelik\/thumbs\/thumbs_o5.jpg\" alt=\"o5\" \/><\/a>Po lehk\u00e9m ob\u010derstven\u00ed v\u00a0podob\u011b omelety, vajec a zeleniny a s konverzac\u00ed na t\u011b\u017ek\u00e9 t\u00e9ma asertivita, jsme nav\u0161t\u00edvily v\u00fdstavu Jakuba Juliana Zi\u00f3\u0142kowsk\u00e9ho nazvanou Svat\u00e9 nic. A to byl mazec.<\/p>\n<p>Bro\u017eurka v\u00a0v\u00fdstav\u011b \u0159\u00edk\u00e1: <em>Svat\u00e9 nic nezobrazuje nov\u00e9 d\u00edla Jakuba Juliana Zi\u00f3\u0142kowsk\u00e9ho: plastiky, <a class=\"ngg-fancybox\" title=\" \" href=\"https:\/\/www.infopoint.cz\/polsko\/wp-content\/uploads\/sites\/22\/nggallery\/onna-a-psychadelik\/o6.jpg\" rel=\"\"><img decoding=\"async\" class=\"ngg-singlepic ngg-right alignright\" src=\"https:\/\/www.infopoint.cz\/polsko\/wp-content\/uploads\/sites\/22\/nggallery\/onna-a-psychadelik\/thumbs\/thumbs_o6.jpg\" alt=\"o6\" \/><\/a>malby, keramiky a instalace, z nich\u017e n\u011bkter\u00e9 vytvo\u0159il b\u011bhem n\u011bkolika m\u011bs\u00edc\u016f sv\u00e9ho pobytu v Hanoji v Vietnamu a n\u011bkter\u00e9 ve spolupr\u00e1ci s\u00a0um\u011blkyn\u00ed Hyonem Gyonem. D\u00edla \u010derp\u00e1 z archaick\u00fdch forem magick\u00e9ho jevu transfigurace, vyvol\u00e1vaj\u00edc\u00ed metaforick\u00fd vesm\u00edr spjat\u00fd s n\u00e1bo\u017eenskou symbolikou a p\u0159edm\u011bty uct\u00edv\u00e1n\u00ed.Hmm&#8230;\u00a0<\/em><\/p>\n<p><a class=\"ngg-fancybox\" title=\" \" href=\"https:\/\/www.infopoint.cz\/polsko\/wp-content\/uploads\/sites\/22\/nggallery\/onna-a-psychadelik\/o9.jpg\" rel=\"\"><img decoding=\"async\" class=\"ngg-singlepic ngg-left alignleft\" src=\"https:\/\/www.infopoint.cz\/polsko\/wp-content\/uploads\/sites\/22\/nggallery\/onna-a-psychadelik\/thumbs\/thumbs_o9.jpg\" alt=\"o9\" \/><\/a>D\u00edla na za\u010d\u00e1tku v\u00fdstavy byla barevn\u00e1, poznamenan\u00e1 autorovou obses\u00ed ohn\u011bm a tot\u00e1ln\u011b fantasmagorick\u00e1. Kdy\u017e jsme do\u0161li a\u017e k\u00a0sed\u00edc\u00edmu \u0161amanovi, kter\u00fd vypadal jako \u017eiv\u00fd, u n\u011bkter\u00fdch z\u00a0n\u00e1s se dostavil d\u011bs. <a class=\"ngg-fancybox\" title=\" \" href=\"https:\/\/www.infopoint.cz\/polsko\/wp-content\/uploads\/sites\/22\/nggallery\/onna-a-psychadelik\/o12.jpg\" rel=\"\"><img decoding=\"async\" class=\"ngg-singlepic ngg-right alignright\" src=\"https:\/\/www.infopoint.cz\/polsko\/wp-content\/uploads\/sites\/22\/nggallery\/onna-a-psychadelik\/thumbs\/thumbs_o12.jpg\" alt=\"o12\" \/><\/a><\/p>\n<p>Z\u00a0na\u0161\u00ed strany padlo n\u011bkolik v\u011bt hodnot\u00edc\u00ed jeho tvorbu, zde jsou n\u011bkter\u00e9 z\u00a0nich.<\/p>\n<p><em>Odjel do Vietnamu, tam si n\u011bco \u0161lehnul a takhle to dopadlo.<br \/>\n<\/em><em>Co to proboha m\u00e1 b\u00fdt??<br \/>\n<\/em><em>Ten \u010dlov\u011bk m\u00e1 evidentn\u011b probl\u00e9m&#8230;..ale asi si ho t\u00edmhle \u0159e\u0161\u00ed.<br \/>\n<\/em><em>J\u00e1 tam nejdu, j\u00e1 se ho boj\u00edm.<br \/>\n<\/em><em>C\u00edt\u00edm z\u00a0toho zlo.<\/em><\/p>\n<p>Ty n\u00e1doby by byly docela hezk\u00fd, kdyby na nich nebyly nakreslen\u00fd zvracej\u00edc\u00ed lidi.<\/p>\n<p>Mus\u00edm \u0159\u00edci \u017ee tohle um\u011bn\u00ed fungovalo, vyvolan\u00fdch emoc\u00ed bylo fakt hodn\u011b&#8230;&#8230;..<\/p>\n<p><a class=\"ngg-fancybox\" title=\" \" href=\"https:\/\/www.infopoint.cz\/polsko\/wp-content\/uploads\/sites\/22\/nggallery\/onna-a-psychadelik\/o13.jpg\" rel=\"\"><img decoding=\"async\" class=\"ngg-singlepic ngg-left alignleft\" src=\"https:\/\/www.infopoint.cz\/polsko\/wp-content\/uploads\/sites\/22\/nggallery\/onna-a-psychadelik\/thumbs\/thumbs_o13.jpg\" alt=\"o13\" \/><\/a>Potom jsme je\u0161t\u011b na chvilku za\u0161li do prvn\u00edho patra na v\u00fdstavu\u00a0 Inne ta\u0144ce, ale pro v\u011bt\u0161inu z\u00a0n\u00e1s bylo t\u011b\u017ek\u00e9 vn\u00edmat a hledat n\u011bco kr\u00e1sn\u00e9ho \u010di zaj\u00edmav\u00e9ho. I pr\u016fchod temnou m\u00edstnost\u00ed napln\u011bnou poletuj\u00edc\u00edmi zlat\u00fdmi bal\u00f3nky se rovnal pln\u011bn\u00ed bob\u0159\u00edka odvahy.<br \/>\nVy\u0161ly jsme ven na slunce a daly si lehk\u00fd ob\u011bd v\u00a0restauraci Quichnia. Potom u\u017e zase zp\u011bt dom\u016f k\u00a0na\u0161\u00edm odpoledn\u00edm povinnostem.<\/p>\n<p>Pro <a href=\"https:\/\/www.infopoint.cz\/polsko\/category\/kulturni-ctvrtky\/\">kulturn\u00ed \u010dtvrtek<\/a> 20.6.2018, napsala Dana.<\/p>\n<p><a href=\"https:\/\/www.infopoint.cz\/polsko\/fotogalerie\/nggallery\/2018\/Onna-a-psychadelik\">M\u016f\u017eete se tak\u00e9 pod\u00edvat na ostatn\u00ed fotografie\u00a0<\/a><\/p>\n","protected":false},"excerpt":{"rendered":"<p>Tentokr\u00e1t jsme se se\u0161ly ve \u010dty\u0159ech a pouze v \u017eensk\u00e9m obsazen\u00ed. R\u00e1no jsme za\u010daly k\u00e1vou a debatou na t\u00e9ma hlavn\u00ed \u00fa\u010del um\u011bn\u00ed, ut\u011b\u0161it ustaran\u00e9ho a znepokojit pohodln\u011b se c\u00edt\u00edc\u00edho. Nebo tak\u00e9 vyvolat emoce. Jak\u00e9koliv&#8230;..To jsme je\u0161t\u011b netu\u0161ily, \u017ee si to dnes otestujeme v\u00a0praxi. Nejprve jsme vyrazily do Podchor\u0105\u017c\u00f3wky v parku Lazenki\u00a0 na vystavu ONNA. Pi\u0119kno, [&hellip;]<\/p>\n","protected":false},"author":2,"featured_media":0,"comment_status":"open","ping_status":"closed","sticky":false,"template":"","format":"standard","meta":{"ngg_post_thumbnail":0,"footnotes":""},"categories":[2],"tags":[],"class_list":["post-5116","post","type-post","status-publish","format-standard","hentry","category-kulturni-ctvrtky"],"_links":{"self":[{"href":"https:\/\/www.infopoint.cz\/polsko\/wp-json\/wp\/v2\/posts\/5116","targetHints":{"allow":["GET"]}}],"collection":[{"href":"https:\/\/www.infopoint.cz\/polsko\/wp-json\/wp\/v2\/posts"}],"about":[{"href":"https:\/\/www.infopoint.cz\/polsko\/wp-json\/wp\/v2\/types\/post"}],"author":[{"embeddable":true,"href":"https:\/\/www.infopoint.cz\/polsko\/wp-json\/wp\/v2\/users\/2"}],"replies":[{"embeddable":true,"href":"https:\/\/www.infopoint.cz\/polsko\/wp-json\/wp\/v2\/comments?post=5116"}],"version-history":[{"count":11,"href":"https:\/\/www.infopoint.cz\/polsko\/wp-json\/wp\/v2\/posts\/5116\/revisions"}],"predecessor-version":[{"id":5336,"href":"https:\/\/www.infopoint.cz\/polsko\/wp-json\/wp\/v2\/posts\/5116\/revisions\/5336"}],"wp:attachment":[{"href":"https:\/\/www.infopoint.cz\/polsko\/wp-json\/wp\/v2\/media?parent=5116"}],"wp:term":[{"taxonomy":"category","embeddable":true,"href":"https:\/\/www.infopoint.cz\/polsko\/wp-json\/wp\/v2\/categories?post=5116"},{"taxonomy":"post_tag","embeddable":true,"href":"https:\/\/www.infopoint.cz\/polsko\/wp-json\/wp\/v2\/tags?post=5116"}],"curies":[{"name":"wp","href":"https:\/\/api.w.org\/{rel}","templated":true}]}}