{"id":5161,"date":"2018-10-04T21:20:46","date_gmt":"2018-10-04T19:20:46","guid":{"rendered":"https:\/\/www.infopoint.cz\/polsko\/?p=5161"},"modified":"2019-09-15T12:39:29","modified_gmt":"2019-09-15T10:39:29","slug":"prochazka-okolo-politechniki-warszawskiej","status":"publish","type":"post","link":"https:\/\/www.infopoint.cz\/polsko\/prochazka-okolo-politechniki-warszawskiej\/","title":{"rendered":"Proch\u00e1zka okolo Politechniki Warszawskiej"},"content":{"rendered":"<div>Kr\u00e1sn\u00e9 podzimn\u00ed po\u010das\u00ed n\u00e1s je\u0161t\u011b st\u00e1le l\u00e1k\u00e1 k vych\u00e1zk\u00e1m v parc\u00edch, zahrad\u00e1ch, okoln\u00edch les\u00edch, ale i po samotn\u00e9m m\u011bst\u011b.<\/div>\n<div>\u00a0<\/div>\n<div>Dnes jsme si oby\u010dejnou proch\u00e1zku m\u011bstem zpest\u0159ili neoby\u010dejn\u00fdm vypr\u00e1v\u011bn\u00edm skv\u011bl\u00e9 pr\u016fvodkyn\u011b.<\/div>\n<div>Na \u00favod nechyb\u011bla v\u00fdborn\u00e1 k\u00e1va od na\u0161\u00ed skv\u011bl\u00e9 baristky a co v\u00edc, Mirka si pro n\u00e1s p\u0159ipravila hotovou v\u00e1no\u010dn\u00ed nad\u00edlku, to bylo radosti!<\/div>\n<div>\u00a0<\/div>\n<div><img loading=\"lazy\" decoding=\"async\" class=\"SzDcob alignleft\" src=\"https:\/\/lh3.googleusercontent.com\/D_fJhdrTqaSgO-9T3JrMXIVbGvGjjCbohLrJ-6x-OLZ90EgJ-UEcirMnDCHh8JJo94QE5Dh7lUcSf5owjJMbz-kKDLpCJjOCu0MJWMHAERDPddGcvGmmcDi-rnRBpLqenrAnyIFK7qsQ_7XhSw6zuBwkoyz2_IfYGS2AIrVJD9KJcAOAWi77id2nVORtX8CePP9MHrrfx1e8aKZTM-K-IINuGM2Y3lnpFadCFTNc-wmNLp45oF4SmVcKfL3uLyY9ke_-oQLfuj56V1g93ajaRi_Te5m0n6dbjE20xOxZtQZ5X2kilr8WK5ZDzH-vOJH1waBoXVTrZmVKQoy5tM8VOD76_bpq-EkwJfZAVYY6QW9M9LgechwGsE_K6fA5T1NV-vfc37qQg9TJsIU6nvAa2oJG4SKH8Pc7gobFFniOSzM0GzrFIHo8qTlkdZn-5aqhhApxR9CQkLH6LSLrIBF6YPYcezhkpeQJCEomnDePEG4CeU8SNMftNn-iY75NOrHulpaFi_uu5Rq9PfYAsOzoAVDunRRSWG5hOXEjhcjxl7xGg1iUYou0bbHYRG-Pf6DMJFZsyeQ0FoaT3fYge2df5GrQLrBqHV_vmuURGNedln2HRP7jjBANHyWtAhf2YqD7qi5z_YvjXWUlIxLAjPni52UZfE-MQwwCaIG7rDVYaUoe3R9xirRtRx5CwxNM2pqE8KGOPEYZpx7TeTrf2hNVNVE56XHIvLP7Yk5YYvBuF9gvR6o=w504-h671-no\" width=\"204\" height=\"671\" aria-label=\"Photo - Portrait - Oct 2, 2018, 10:47:03 AM\" \/>P\u0159esun do centra prob\u011bhl hladce a na\u0161e v\u00fdprava za pozn\u00e1n\u00edm mohla za\u010d\u00edt.<\/div>\n<div>\u00a0<\/div>\n<div>Plac Konstytucji je m\u00edsto, kter\u00e9 m\u00edj\u00edme pom\u011brn\u011b \u010dasto. I zde prob\u011bhla velk\u00e1 \u0159ada zm\u011bn. P\u016fvodn\u00ed \u0161\u00ed\u0159e ulice se d\u00e1 dnes jen t\u011b\u017eko odhadnout. Kr\u00e1sn\u00e9 stavby byly b\u011bhem v\u00e1lky zni\u010den\u00e9. \u0160\u00ed\u0159ka cel\u00e9ho bulv\u00e1ru byla p\u0159i jeho obnov\u011b zdojn\u00e1sobena, a to p\u0159edev\u0161\u00edm proto, aby mohl b\u00fdt b\u011bhem cel\u00e9 \u00e9ry komunistick\u00e9ho re\u017eimu vyu\u017e\u00edv\u00e1n k prvom\u00e1jov\u00fdm pr\u016fvod\u016fm. Za zm\u00ednku stoj\u00ed Marszalkowska Dzielnica Mieszkaniowa vystav\u011bn\u00e1 pro \u00fa\u010dely bydlen\u00ed d\u011blnick\u00e9 t\u0159\u00eddy. Charakteristick\u00e1 je jej\u00ed nep\u0159ehl\u00e9dnuteln\u00e1 budovatelsk\u00e1 v\u00fdzdoba sochami r\u016fzn\u00fdch d\u011blnick\u00fdch profes\u00ed. \u017dula pou\u017eit\u00e1 na fas\u00e1dy budov MDM byla zabavena N\u011bmc\u016fm a m\u011bla p\u016fvodn\u011b slou\u017eit k vystav\u011bn\u00ed pomn\u00edku v\u00edt\u011bzstv\u00ed T\u0159et\u00ed \u0159\u00ed\u0161e.<\/div>\n<div>\u00a0<\/div>\n<div>Plac Zbawiciela byl dal\u0161\u00ed zast\u00e1vkou. Kostel Najswietszego Zbawiciela\u00a0byl po\u00a0Var\u0161avsk\u00e9m povst\u00e1n\u00ed v roce 1944 zni\u010den a i tady zapo\u010dala velk\u00e1<img loading=\"lazy\" decoding=\"async\" class=\"SzDcob alignright\" src=\"https:\/\/lh3.googleusercontent.com\/kCvqYW1uH4usjJNc-p4Ytpom3nsoOz7XnA1fZ4RwzR5XLmqdEsZqZBq_Rx3YQr_livzbn8Msml2CxBprnTreo8tOKc3B-y2eoXHrB_HiyH-ePpesK2u6GmdQ5AGqw6v51lUK02PYFLvzZmuUQihnYtq9tmN-J6wNDTe0nwHJkc9GScmnW8D50RT-3xaVjObEf0ESz7czXijxUmUoFazLgXPp1WxKSyK9sJOJK2KM6yvu2AEzVXpvPsfoUCkOvKgW-llNXTcuZ5GfWsMWoASlqyQXQdcuPBOucUVfO4Kd4_GE7nAwsN_P8egNIm0lBnEbOOA8xryOcYPdUXnLHjWc7cYjLLrFInZixnGKUpZoNv3WDBAUJ5xtppxNmnUdkZpDSD47CwGwfuBG0emrtSEPRFHj2pgtzpfEmdA9huy6WjAjlf4r9k_rFriy6O6jaAg1KMj5XhgRygHyU_TbZD-VA8prDzeUo7u1oxjpObgS66mNTEk-LFHT7itdI31BnkBMO6kSbJK-_mqYiXe6xuyIgOnUQ0CbzQsL9SCLOzCNMIejCs4n_76SrSQuokmxzsPRwEuJgETd3pZzbqNo6Plg4HOUZjBB7L5te_qjLZCiuWNJesP8i4z-9JGS82D5MqnZIdO7rEnS0pgUVqz1y2lyWpowJbVGqZvnutI4OMg6oirqlfQK4TqydVBmmrEmDMV4PtspW9_DV7rZixPkcsMVb6L3176cIQEuppK6fpynUj_a__o=w895-h671-no\" width=\"295\" height=\"671\" aria-label=\"Photo - Landscape - Oct 2, 2018, 11:59:03 AM\" \/> rekonstrukce v p\u016fvodn\u00edm stylu. B\u011bhem komunistick\u00e9ho re\u017eimu byl nedaleko vybudov\u00e1n MDM hotel s \u00fa\u010delem v\u00fdhled na kostel zakr\u00fdt. Od roku 2012 byla na tomto n\u00e1m\u011bst\u00ed t\u00e9m\u011b\u0159 na t\u0159i roky um\u00edst\u011bna &#8222;Var\u0161avsk\u00e1 duha&#8220; Julity\u00a0W\u00f3jcik. Konstrukce byla vyhotovena z um\u011bl\u00fdch kv\u011bt\u016f v \u0161esti r\u016fzn\u00fdch barv\u00e1ch. Jej\u00ed um\u00edst\u011bn\u00ed vyvolalo vlnu kontroverzn\u00edch reakc\u00ed, proto\u017ee si ji ur\u010dit\u00e9 skupiny spojovaly se symbolem hnut\u00ed za pr\u00e1va LGBT. Byla n\u011bkolikr\u00e1t po\u0161kozena \u017eh\u00e1\u0159sk\u00fdmi \u00fatoky, i kdy\u017e jej\u00edm \u00fa\u010delem bylo evokovat l\u00e1sku, m\u00edr, pozitivn\u00ed n\u00e1ladu a nad\u011bji.<\/div>\n<div>\u00a0<\/div>\n<div><img loading=\"lazy\" decoding=\"async\" class=\"SzDcob\" src=\"https:\/\/lh3.googleusercontent.com\/mOKHHYqyJ4OiEHRArU-SqfyqhQnBZXnxyDOVp5znGMnBkFweWWPvFPoGuSJvvGRzqP30hxAx0aUu0LxFf22I2w19gH-kjr8Sdn7-BBDU06IcSiKvYDPd4NLpfVJNdWmwJCVcGIWtlKANqykaCHB6Zf-FTXlX8R_Wj8lNjhCFjOz4pGDsNOjezKTyoIXxz48iGscT84Tm-aMZ1JkagRSq2EdJzldTCkpoC_ZfdzkGIyB6rRWxducuNT011wsN6KWOpWj5mMhNaUu_BYDQ25R6JTTZHNmlfpFwairwUuaubHa34uQs5pid265FaZAMQpdPP9a34u7J6tZLXsuoNuOYrE8oxvAA9n_8EWTOY6whWih1yByl6Xw5UT2sD5MbhXJJR_YIZgLzOUK6ptQunHu3XXg6X0sOU106oajCo-0vgPrY6qO3hAAnWAI1ZOj0sXzr6P48xmrBcMc-KshIjcBi9OmPIgdk_7Cqx_yvHNy94jdWXRG44WW0sSqQKuBCQcz-ys0KUYQ62GUsY2OPgWjaY8IiCPOxdxThFGAH9uwZQxwTOmboSTnkD4jFZwhTVDEt6042o-JSyVoabd2erAIeH3wic1a7dN5EdNIxBdH0bEsTZtsLQ43zLUmiBFxyZru9VG1CW_n1zwJc4cjnblCjcheppz5xn7UPCQT-S627WXb8ME3KXWxgFKbQ_4RaQXYi59jMov1A66hJeDnicBZt_Q3-__GdQ3irgSQ2fdkVSRwVEgk=w895-h671-no\" width=\"895\" height=\"671\" aria-label=\"Photo - Landscape - Oct 2, 2018, 11:35:59 AM\" \/>Gmach Politechniki Warszawskiej<\/div>\n<div>\u00a0<\/div>\n<div>U vchodu do budovy Politechniki se k n\u00e1m p\u0159ipojila posledn\u00ed \u010dlenka dne\u0161n\u00ed v\u00fdpravy, a tak jsme ji\u017e v\u0161ichni pohromad\u011b mohli obdivovat atrium obto\u010den\u00e9 galeriemi se vchody do posluch\u00e1ren a kabinet\u016f. Jde o jednu z nejv\u011bt\u0161\u00edch univerzit ve st\u0159edn\u00ed Evrop\u011b, kter\u00e1 se py\u0161n\u00ed 19 r\u016fzn\u00fdmi fakultami. Cel\u00fd komplex budov n\u00e1s v\u0161echny nadchl a svou atmosf\u00e9rou velmi mile p\u0159ekvapil. Budovu vyprojektoval architekt Stefan Szyller. Jej\u00ed v\u00fdstavba se ov\u0161em neobe\u0161la bez probl\u00e9m\u016f. B\u011bhem v\u00e1lky byla univerzita zav\u0159ena, ale r\u016fzn\u00e9 semin\u00e1\u0159e prob\u00edhaly v utajen\u00ed nad\u00e1le. Mezi jej\u00ed studenty a profesory pat\u0159\u00ed v\u00fdznam\u00e9 osobnosti a n\u011bkter\u00e9 z nich p\u0159ipom\u00ednaj\u00ed\u00a0plakety na fas\u00e1d\u00e1ch univerzitn\u00edch budov.<\/div>\n<div>Anna Smolensk\u00e1 dala pravd\u011bpodobn\u011b podobu znaku\u00a0Polsk\u00e9ho podzemn\u00edho st\u00e1tu a byla \u010dlenkou odboje.<\/div>\n<div>Syn univerzitn\u00edho profesora Tadeusz Zawadzki a rovn\u011b\u017e odboj\u00e1\u0159 s p\u0159ezd\u00edvkou &#8222;Zo\u0161ka&#8220; osvobodil z rukou gestapa 20 v\u011bz\u0148\u016f v\u010detn\u011b jeho bl\u00edzk\u00e9ho p\u0159\u00edtele.<\/div>\n<div>V letech 1925 &#8211; 1930 zde konstrukt\u00e9\u0159i Stanislaw Rogalski, Stanislaw Wigura a Jerzy Drzewiecki sestrojili v Nowe Kreslarnii prototyp letadla RWD. S. Wigura a F. Zwirko dokonce pozd\u011bji s letadlem vyhr\u00e1li mezin\u00e1rodn\u00ed leteck\u00e9 zavody. Cestou do Prahy v roce 1932 jejich \u017eivot ukon\u010dila tragick\u00e1 leteck\u00e1 nehoda.<\/div>\n<div>\u00a0<\/div>\n<div><img loading=\"lazy\" decoding=\"async\" class=\"SzDcob alignleft\" src=\"https:\/\/lh3.googleusercontent.com\/B_PC7JWarObR8G0VQnwTjv9_i-8spVdgQbd4jc_UT4ncz1eZgYMRKOtItanLzGJwbZLNM-HuvnUSpaCXmgizHlswFmTi4hnUuVuLfkFKYHeJ7lSD88vX98jqpBpsQHGxsFRAgQk2cZs8V41FugPw6aYaPb4x7fRlFWjd3syRh-QlrXdq1oY--XmMsfgG6cOWLEnJB5ubpzekCsLtFi4fz2B7apR-nglkzf0mnmR_nEyqx46uI16V-0VCEOZSHrPNTVwEOsi4ylYwSs74SrO1vAEbTb3f_SkknIYcueoqyrLtcCbLFOzV8b0ndDRGRpIKWlzZoSJllanXT4cegK4-Y_rZBdxU4MKqX_Q66bZ6aStRxlFbIe0vnf9ETQRq_OZ_sFFNcZClOHRdk3-5x5naVT_gefF7fzypC1_7BNVUzIjs_TJ2hJlCvi8iAkQ57dqOwUpe2HX6MRGIv_olPBdGbdxqnMZvnFc0_i8GydDCyhme1ndsUwXV9TlFJ_9QjOn3urES46tlPtenCwGHH-sk_BXxehAfVnVakeDI4KF1VH7bUKdVsrgSJhYKN8j_1pv3X9Ig-WHj4AtCfGriEMympkJwXmgrF1fJtaoK6rRAoVuY7v8fGmklOp-WzuChdAmhnbrbwUw6j_arr_pYGlyUpj-F8lfmGbkyeTZADrj7PrZ6fMT2Nnwj699YGEniYgfNkG8L7wInICLS1x2sJLQa5-GKbfWvzsYwy3z20M30bPyMwNQ=w895-h671-no\" width=\"295\" height=\"671\" aria-label=\"Photo - Landscape - Oct 2, 2018, 12:33:46 PM\" \/>Dal\u0161\u00ed kr\u00e1tkou zast\u00e1vkou byla Hala Koszyki, jinak tak\u00e9 &#8222;Bazar Ludowy&#8220;. Halu vyprojektoval hlavn\u00ed architekt Var\u0161avy Juliusz Dzier\u017canowski a se stavbou se\u00a0za\u010dalo v roce 1906.\u00a0Jak jsme se dozv\u011bd\u011bli z vypr\u00e1v\u011bn\u00ed, n\u00e1zev nem\u00e1 nic spole\u010dn\u00e9ho s pleten\u00edm ko\u0161\u00edk\u016f, zelen\u00e1 barva nebyla p\u0159i rekonstrukci pou\u017eita n\u00e1hodou a trhy zde maj\u00ed dlouholetou tradici. P\u016fvodem n\u00e1zvu jsou pravd\u011bpodobn\u011b valy, kter\u00e9 okolo m\u011bsta nechal vybudovat a zpevnit ko\u0161i v roce 1770 Stanislaw Lubomirski. Dnes je Hala Koszyki skv\u011bl\u00fdm m\u00edstem k posezen\u00ed p\u0159i dobr\u00e9m j\u00eddle a pit\u00ed s mo\u017enost\u00ed vyzkou\u0161et na jednom m\u00edst\u011b kuchyn\u011b z r\u016fzn\u00fdch kout\u016f sv\u011bta.<\/div>\n<div>\u00a0<\/div>\n<div>Dozv\u011bd\u011bli jsme se toho je\u0161t\u011b mnohem a mnohem v\u00edce a u\u017e te\u010f se t\u011b\u0161\u00edme na pokra\u010dov\u00e1n\u00ed.<\/div>\n<div>Na\u0161e p\u0159\u00edjemn\u00e9 putov\u00e1n\u00ed m\u011bstem s velmi sympatickou a pro n\u00e1s v\u0161echny srozumitelnou pol\u0161tinou hovo\u0159\u00edc\u00ed pr\u016fvodkyn\u00ed skon\u010dilo. \u010cekala n\u00e1s<img loading=\"lazy\" decoding=\"async\" class=\"SzDcob alignright\" src=\"https:\/\/lh3.googleusercontent.com\/i8ZNsXVWikdA7Mfy_huIkmbEqw4c_S_nhMySPW5Gl0j_s1PqV_J_64KXLE8Cihvn2Ohg-e4wXom-amof9epmBNAoJ5nIAcVgWAnW4Nj-ZhqO4EI761vcRoyS0rk5ZTyZbkTrjmziiIW3NFjpoJsnR2s98IB_33dJhnympOTcXoI9iuYOc3Z7bQQCSSurkvwU2-nGCwNPBejw8Tz2PvhGAjSmcEZaOE-3WF51motwy4hpQdkQTHiENSWcge1eWRgz7eMBLTGEdxujKlFDlZ9yXVN23TGy0VKi9SASaOsXzGQ-7KoN8whlEVhFybez5wzgCp-Cv0aeJHk261U5GFMrgVN_vaHnOmwoLinhu8MY1Hd6ZF4bym3eSGSqqK_DgcqsaKWYmO5tk8YdBn80Lnh0T2LBvYFE_S38fdWUkEv6XKM1usy8UnbOHME_GgaaDQYPO8FD9r-qdubUGXigbAYsF-MGZMXU3yF7tnqIMZIFdDiozcceDJ-GRwY7nd-pUa5u0FVNd0t5WspWHpE16zaLWKRqUYxM_oLAGrcTh3WGfx0RC9ptwT13zggw_M6WpL3t4nLr8himG0ktmsycBSeNn9p-EaiEvIbp1Rg5C9xpRoeIOqBSypQ7kTCkfYJH0z0zzjkxxlp_V3l0DhpDWQM3oyoKOYL52gzlYxsjN7hbMMXd2yGEJO2vzh8IaIOw4YGX_mHSUnbdIo1ZndLs_ys6po6Lj5s_LnYjnArg_vqUMhi_IW4=w895-h671-no\" width=\"295\" height=\"671\" aria-label=\"Photo - Landscape - Oct 2, 2018, 1:29:19 PM\" \/> ov\u0161em je\u0161t\u011b na\u0161e pomysln\u00e1 t\u0159e\u0161ni\u010dka.<\/div>\n<div>\u00a0<\/div>\n<div>\u00a0<\/div>\n<div>Tentokr\u00e1t jsme zav\u00edtali do restaurace Tel Aviv Food &amp; Wine. V\u0161echny chu\u0165ov\u00e9 bu\u0148ky byly plnou m\u011brou uspokojeny, v\u00fdborn\u00fd \u010daj, skv\u011bl\u00e9 pol\u00e9vky a spr\u00e1vn\u011b oko\u0159en\u011bn\u00fd hlavn\u00ed chod n\u00e1s kr\u00e1sn\u011b zah\u0159\u00e1l. A hur\u00e1 dom\u016f, a nebo ne? Na samotn\u00fd z\u00e1v\u011br si pro n\u00e1s Monika p\u0159ipravila nap\u00ednavou hru &#8222;Dom\u016f se jede jen za odm\u011bnu&#8220;, ve kter\u00e9 jsme na\u0161t\u011bst\u00ed obst\u00e1li v\u0161ichni na v\u00fdbornou.<\/div>\n<p>Pro <a href=\"https:\/\/www.infopoint.cz\/polsko\/category\/kulturni-ctvrtky\/\">kulturn\u00ed \u010dtvrtek<\/a> 2.10.2018, napsala Margita.<\/p>\n<p><a href=\"https:\/\/photos.app.goo.gl\/d5J1cxz39bRNsV8n9\">M\u016f\u017eete se tak\u00e9 pod\u00edvat na ostatn\u00ed fotografie\u00a0<\/a><\/p>\n\n","protected":false},"excerpt":{"rendered":"<p>Kr\u00e1sn\u00e9 podzimn\u00ed po\u010das\u00ed n\u00e1s je\u0161t\u011b st\u00e1le l\u00e1k\u00e1 k vych\u00e1zk\u00e1m v parc\u00edch, zahrad\u00e1ch, okoln\u00edch les\u00edch, ale i po samotn\u00e9m m\u011bst\u011b. \u00a0 Dnes jsme si oby\u010dejnou proch\u00e1zku m\u011bstem zpest\u0159ili neoby\u010dejn\u00fdm vypr\u00e1v\u011bn\u00edm skv\u011bl\u00e9 pr\u016fvodkyn\u011b. Na \u00favod nechyb\u011bla v\u00fdborn\u00e1 k\u00e1va od na\u0161\u00ed skv\u011bl\u00e9 baristky a co v\u00edc, Mirka si pro n\u00e1s p\u0159ipravila hotovou v\u00e1no\u010dn\u00ed nad\u00edlku, to bylo radosti! \u00a0 [&hellip;]<\/p>\n","protected":false},"author":2,"featured_media":0,"comment_status":"open","ping_status":"closed","sticky":false,"template":"","format":"standard","meta":{"ngg_post_thumbnail":0,"footnotes":""},"categories":[2],"tags":[],"class_list":["post-5161","post","type-post","status-publish","format-standard","hentry","category-kulturni-ctvrtky"],"_links":{"self":[{"href":"https:\/\/www.infopoint.cz\/polsko\/wp-json\/wp\/v2\/posts\/5161","targetHints":{"allow":["GET"]}}],"collection":[{"href":"https:\/\/www.infopoint.cz\/polsko\/wp-json\/wp\/v2\/posts"}],"about":[{"href":"https:\/\/www.infopoint.cz\/polsko\/wp-json\/wp\/v2\/types\/post"}],"author":[{"embeddable":true,"href":"https:\/\/www.infopoint.cz\/polsko\/wp-json\/wp\/v2\/users\/2"}],"replies":[{"embeddable":true,"href":"https:\/\/www.infopoint.cz\/polsko\/wp-json\/wp\/v2\/comments?post=5161"}],"version-history":[{"count":6,"href":"https:\/\/www.infopoint.cz\/polsko\/wp-json\/wp\/v2\/posts\/5161\/revisions"}],"predecessor-version":[{"id":5634,"href":"https:\/\/www.infopoint.cz\/polsko\/wp-json\/wp\/v2\/posts\/5161\/revisions\/5634"}],"wp:attachment":[{"href":"https:\/\/www.infopoint.cz\/polsko\/wp-json\/wp\/v2\/media?parent=5161"}],"wp:term":[{"taxonomy":"category","embeddable":true,"href":"https:\/\/www.infopoint.cz\/polsko\/wp-json\/wp\/v2\/categories?post=5161"},{"taxonomy":"post_tag","embeddable":true,"href":"https:\/\/www.infopoint.cz\/polsko\/wp-json\/wp\/v2\/tags?post=5161"}],"curies":[{"name":"wp","href":"https:\/\/api.w.org\/{rel}","templated":true}]}}