{"id":5186,"date":"2018-09-18T20:37:14","date_gmt":"2018-09-18T18:37:14","guid":{"rendered":"https:\/\/www.infopoint.cz\/polsko\/?p=5186"},"modified":"2019-09-15T12:22:37","modified_gmt":"2019-09-15T10:22:37","slug":"babi-leto-a-muzeum-nad-wisla","status":"publish","type":"post","link":"https:\/\/www.infopoint.cz\/polsko\/babi-leto-a-muzeum-nad-wisla\/","title":{"rendered":"Bab\u00ed l\u00e9to a Muzeum nad Wis\u0142\u0105"},"content":{"rendered":"<p>Tentokr\u00e1t bylo na\u0161e Kulturn\u00ed \u00fater\u00fd maxim\u00e1ln\u011b napl\u0148uj\u00edc\u00ed a barevn\u00e9. Fakt je, \u017ee jsme toho stihly hodn\u011b. T\u0159i v\u00fdstavy, proch\u00e1zku, dv\u011b p\u0159edobr\u00e1 j\u00eddla i proj\u00ed\u017e\u010fku na kole. P\u0159isp\u011blo k\u00a0tomu kr\u00e1sn\u00e9 bab\u00ed l\u00e9to, tak\u017ee jsme se c\u00edtily, jakoby letn\u00ed pr\u00e1zdniny je\u0161t\u011b neskon\u010dily.<\/p>\n<p>R\u00e1no byla oblig\u00e1tn\u00ed k\u00e1va a zelen\u00fd \u010daj a honem na zast\u00e1vku autobusu. Sto \u0161estn\u00e1ctka n\u00e1s dovezla p\u0159ed hotel Bristol a k\u00a0nedalek\u00e9 galerii Kordegarda.<\/p>\n<p>P\u0159ed galeri\u00ed je instalace k\u00a0pades\u00e1t\u00e9mu v\u00fdro\u010d\u00ed srpnov\u00e9 invaze do \u010ceskoslovenska. A to z\u00a0pohledu polsk\u00e9ho, tedy ze strany st\u00e1tu, kter\u00fd n\u00e1s tehdy obsazoval. Vzpome\u0148me na polsk\u00e9 tanky na n\u00e1m\u011bst\u00ed Litomy\u0161le \u010di Ji\u010d\u00edna. Nebyla to jejich hv\u011bzdn\u00e1 hodina a velk\u00e1 \u010d\u00e1st Pol\u00e1k\u016f se za svoj\u00ed spolu\u00fa\u010dast styd\u011bla.<\/p>\n<p>Je zde p\u0159ipomenuta ob\u011b\u0165 Ryszarda Siwiece, kter\u00fd se v roce 1968 up\u00e1lil na protest proti invazi do \u010ceskoslovenska a stal se symbolem odporu proti totalit\u011b. A to jak v \u010cesku a na Slovensku, tak v Polsku.<\/p>\n<p>A jak tam tak hlasit\u011b \u010desko-slovensky diskutujeme, vedle n\u00e1s stoj\u00ed n\u011bjak\u00fd \u010dlov\u011bk, poslouch\u00e1 a pozoruje. U\u017e u\u017e to vypadalo, \u017ee n\u00e1s oslov\u00ed a zept\u00e1 se na n\u011bco, ale nakonec se ot\u00e1\u010d\u00ed a odch\u00e1z\u00ed. Nena\u0161el odvahu.<\/p>\n<p>Jdeme d\u00e1le do parku Jana Twardowskiego na v\u00fdstavu leteck\u00fdch fotografi\u00ed Var\u0161avy 1917 a\u017e 1921. Fotky jsou zaj\u00edmav\u00e9 p\u0159edev\u0161\u00edm t\u00edm, jak t\u011b\u017eko v\u00a0nich hled\u00e1me podobu sou\u010dasn\u00e9ho m\u011bsta. Zmizely cel\u00e9 bloky dom\u016f, obrovsk\u00fd pravoslavn\u00fd kostel ve st\u0159edu Pi\u0142sudsk\u00e9ho n\u00e1m\u011bst\u00ed, Sask\u00fd pal\u00e1c, dokonce i cel\u00e9 ulice. Je\u0161t\u011b\u017ee z\u016fstal na sv\u00e9m m\u00edst\u011b Hotel Bristol, podle jeho rohov\u00e9 v\u011b\u017ei\u010dky s\u00a0korunou pozn\u00e1me alespo\u0148 Karowou ulici. Tou se pot\u00e9 vyd\u00e1me dol\u016f do \u010dtvrti Powisle. Jdeme se naj\u00edst.<\/p>\n<p><a href=\"http:\/\/www.sam.info.pl\/\">SAM<\/a> &#8211; neboli Kameralny Kompleks Gastronomiczny je popul\u00e1rn\u00ed podnik a je plno.<\/p>\n<p>Mus\u00edme spokojit se st\u00edsn\u011bn\u00fdmi m\u00edsty u spole\u010dn\u00e9ho stolu. V\u00a0suter\u00e9nu je pek\u00e1rna, kam si jdeme koupit pe\u010divo na doma. Ten \u017eitn\u00fd chl\u00e9b von\u00ed \u00fa\u017easn\u011b.<\/p>\n<p>Ne\u017e n\u00e1m p\u0159inesou j\u00eddlo, uvoln\u00ed se pro n\u00e1s samostatn\u00fd st\u016fl u okna. J\u00edme m\u00edstn\u00ed dobroty a prob\u00edr\u00e1me, co se za cel\u00fd t\u00fdden ud\u00e1lo. Je\u0161t\u011b malou k\u00e1vu a mus\u00edme b\u011b\u017eet.<\/p>\n<p>V 12:30 m\u00e1me sch\u016fzku s\u00a0pr\u016fvodkyn\u00ed v\u00a0<a href=\"https:\/\/artmuseum.pl\/pl\/muzeum\">Muzeu nad Wis\u0142\u0105<\/a>. Sle\u010dna Petra je doktorandka na Akademii v\u00fdtvarn\u00e9ho um\u011bn\u00ed ve Var\u0161av\u011b. V\u00edt\u00e1 n\u00e1s p\u011bknou \u010de\u0161tinou a informac\u00ed, \u017ee o v\u00edkendu d\u011blala sv\u00ed\u010dkovou a pot\u0159ebovala by dobr\u00fd recept na houskov\u00e9 knedl\u00edky! Recept p\u0159isl\u00edb\u00edme poslat a jdeme na prohl\u00eddku.<\/p>\n<p>N\u00e1zev v\u00fdstavy je<strong> BESTIA, B\u00d3G I\u00a0LINIA\u00a0 neboli \u00a8<\/strong>\u0160elma, b\u016fh a osnova\u00a8 s\u00a0podtitulem Um\u011bn\u00ed, n\u00e1bo\u017eenstv\u00ed a tkan\u00e9 um\u011bn\u00ed v dne\u0161n\u00ed Asii a Tichomo\u0159\u00ed.\u00a0<\/p>\n<p>D\u00edla jsou velmi politick\u00e1. Je to pohled na sou\u010dasnou historii z pohledu Asie a Tichomo\u0159\u00ed po p\u00e1du koloni\u00e1ln\u00edho \u0159\u00e1du, kter\u00fd tu vl\u00e1dl po stalet\u00ed.Vystavuje zde v\u00edce ne\u017e 50 um\u011blc\u016f z cel\u00e9ho regionu, v\u010detn\u011b Kambod\u017ee, Indie, Vietnamu, Madagaskaru, Banglad\u00e9\u0161e, Filip\u00edn a Austr\u00e1lie.<\/p>\n<p>Na\u0161e pr\u016fvodkyn\u011b Petra n\u00e1m vysv\u011btluje p\u016fvod, motivaci a zp\u016fsob vzniku d\u011bl.\u00a0<\/p>\n<p>Nap\u0159\u00edklad&#8230;.<br \/>Vietnamsk\u00fd um\u011blec <strong>Truong Cong Tung<\/strong> vlo\u017eil roli pl\u00e1tna do hn\u00edzda termit\u016f a po del\u0161\u00ed dob\u011b p\u016fsoben\u00ed mravenc\u016f se pl\u00e1tno prom\u011bnilo v d\u00edlo, kter\u00e9 nazval <em>Blind Map-Slep\u00e1 mapa<\/em>. V\u00a0tomto p\u0159\u00edpad\u011b se termiti stali spolupracovn\u00edky v zaj\u00edmav\u00e9m um\u011bleck\u00e9m experimentu.\u00a0\u00a0<\/p>\n<p><strong>Garima Gupta<\/strong> zase zkoumala historick\u00e9 dokumenty pojedn\u00e1vaj\u00edc\u00ed o prvn\u00edch ekologick\u00fdch protestech.<\/p>\n<p>Jej\u00ed pr\u00e1ce, n\u011bkolik metr\u016f velk\u00e9 pl\u00e1tno s\u00a0uhlem malovan\u00fdmi pt\u00e1ky, je v\u00fdsledkem archivn\u00edho v\u00fdzkumu na ostrov\u011b Nov\u00e1 Guinea.<\/p>\n<p>Vyobrazuje ostrovn\u00ed pt\u00e1ky, kte\u0159\u00ed byly vyhubeni evropsk\u00fdmi kolonisty koncem 19. a po\u010d\u00e1tkem 20. stolet\u00ed. Pe\u0159\u00ed pt\u00e1k\u016f bylo \u017e\u00e1dan\u00fdm zbo\u017e\u00edm zdob\u00edc\u00edm luxusn\u00ed \u0161atstvo a klobouky evropsk\u00e9 smet\u00e1nky. Tento brut\u00e1ln\u00ed obchod vyvolal jednu z prvn\u00edch ekologick\u00fdch protestn\u00edch kampan\u00ed v\u00a0Evrop\u011b.<\/p>\n<p>Um\u011blkyn\u011b <strong>Malala Andrialavidrazana<\/strong> vytv\u00e1\u0159\u00ed komplexn\u00ed kol\u00e1\u017ee evropsk\u00fdch map z 19. stolet\u00ed s fragmenty n\u00e1vrh\u016f bankovek z cel\u00e9ho sv\u011bta, kter\u00e9 obvykle ilustruj\u00ed vizi vyd\u00e1vaj\u00edc\u00ed zem\u011b o ide\u00e1ln\u00ed spole\u010dnosti.<\/p>\n<p>Velmi na n\u00e1s zap\u016fsobilo pon\u011bkud morbidn\u00ed d\u00edlo <em>Heads<\/em> (Hlavy) od <strong>Thao-Nguyen Phan<\/strong>. <img loading=\"lazy\" decoding=\"async\" class=\"SzDcob alignleft\" src=\"https:\/\/lh3.googleusercontent.com\/5yOod5p5rhUMjk3kN7P6VED0L8a09jgT11zfOwjkiipG1IWcCAqRqnKvjow31IFyHgJYieb_Nptx9Z7toP2wNddS_VH5W4TdoWTLwcwncYq-alSb9uv81-tZ1udzHDiR40rf45nmRR87xf_PWQXX1vMt6_vxjtoDWS5k7kxATZDdo83I_OphYgLSKNj1fgK4RVoLaIdhiPHDSzon_CJKynxQUNJhGkTRsg-5Z9agzEn4i2L78DltiTRnQvdVu-H0oXkXvOKSPbkzCVJM_bXemBjvZKy1uya13MOgEk8UAbvYYrbXxxm-lEMRFECi1nkDMv1H70VnIYv1-aRRDaMoPw_cRmf9B7hV_5r2SuxsfYgVPjMaZUUej99h97KgaDKipyK8r1HUzo-tfDpmAFKwYfZvKpIPtWPlbGd_OsXh9BxYCld0tWAzzx7_Hb_ZAWr2CqUyuyTsiwvKhkteamJPTiaSsjT-mVft9GRhpQ2zjZrWVSFcg08euuexQ65PvtCvAKSn0teHvM9VyMBbB1TxzgSXwJ9LO9-c--XGEDxpzaJ3ZttOsxxuJlQsrLPZcDB6t_yRT7XBGbf8zYupIqjO9Gfz02juYXFsx1j2gC_csG0QrW5qNt65GsF2ZJtDeTyu5srPEm2SbWw4ppOovJym4L8NE3D0EqKAXpZyLfsSO88cDTz9glAr46pLQ-VKjAC09txF-daqPfS0f0p_E4N0L1PZi9NX9w2V7zvqSI_64AeXkCQ=w504-h671-no\" width=\"204\" height=\"671\" aria-label=\"Photo - Portrait - Sep 18, 2018, 1:02:56 PM\" \/>Socha m\u00e1 podobu p\u0159evr\u00e1cen\u00e9 jutov\u00e9 rostliny, na jej\u00ed\u017e v\u011btv\u00edch vis\u00ed mal\u00e9 kovov\u00e9 lebky.Je to sv\u011bdectv\u00ed tragick\u00e9 ud\u00e1losti, kdy vietnam\u0161t\u00ed zem\u011bd\u011blci b\u011bhem japonsk\u00e9 okupace tehdej\u0161\u00edho Indo\u010d\u00edny v letech 1940-1945, byli nuceni p\u011bstovat jutu nam\u00edsto r\u00fd\u017ee. To vedlo k velk\u00e9mu hladomoru a smrti dvou milion\u016f Vietnamc\u016f.<\/p>\n<p>Prohl\u00eddka kon\u010d\u00ed a Monika si pot\u0159ebuje trochu oddechnout.<\/p>\n<p>My ostatn\u00ed u\u017edibujeme such\u00fd chleba co Maru\u0161ka a Mirka koupily dom\u016f. M\u00e1me hrozn\u00fd hlad! Rozhodnut\u00ed je rychl\u00e9, jede se na vyp\u016fj\u010den\u00fdch kolech do LASu, restaurace kterou jsme nav\u0161t\u00edvily i minul\u00fd t\u00fdden.<\/p>\n<p>D\u00e1v\u00e1me si pol\u00e9vky a dezerty, mysl\u00edme p\u0159i tom na Helenku. Pos\u00edl\u00e1m j\u00ed fotku.<\/p>\n<p>Potom u\u017e sp\u011bch\u00e1me dom\u016f na Veturilo kolech okolo \u0159eky Visly. Je to nakonec ta nejrychlej\u0161\u00ed <img loading=\"lazy\" decoding=\"async\" class=\"SzDcob alignright\" src=\"https:\/\/lh3.googleusercontent.com\/LNFIKdHiHprf3tbZHNbN-TrutZOU3MXjx-Waw39LhrutENOHDgS9eyZuASsUaebpphyL5dtRqyjYM48_RAqFw5CaI2LV_MGZx5CnTXYlzGgArmt73HwJt_7owTUifVyRrCwDI5FhVp7-jpaRDU5iVkAnmdjyWzA4ZLwKnIkr92aAmR__EjLP_S0N5N2nGfKIXfsI-Apo3FH_lOAjfOHbx2g2B0PkF3AaKffrB_BePDmljKnXg1Vs5ruNlxOimfDK_0HwzL_kj2RQHNC_wP8dMigNSROKowP0XqbwiBBzx3D7SFGP5qcO3Av2R65zKYIBsJcddvuXCkjumvv0u7HAui7lpdvqqinw3olCHlj5kMWum1eehzgqcEYnyU8u1pbKZ36TwUmq93nq1nks_t5dhzR8AxxvDD-xTQ1O5V2B5Xzoik26weatZr5DG9Al8SxDbx6zgEMgd6yGMuTpdqlf0Sxvxp9ymjKCv-e-yon91iUucdGB0Soj32yb6vZ_dyKxLzME_u_3z8GCu1r2-7GMXxK_C1joi-x9XHKoUgGX5EFiSBR5u_q64pODa2jir8QVfteIHS14dhTfnh8IIXnQGsYHeZyYbNX6qXpwukQys32HsBebbudoPMGQnWgguavKL38jlBdxywOgzQz02DntjYkocvDqU1LSpobtQKO6j6dm2DCAIPgHX8Ux19EoJjSp6nCEKCxktoMlVDK5UZjTF9zPC7ypidUdA0DcN9-qGRtI8H0=w895-h671-no\" width=\"295\" height=\"671\" aria-label=\"Fotka \u2013 Na \u0161\u00ed\u0159ku \u2013 18. 9. 2018 14:41:11\" \/>cesta jak se dostat z\u00a0centra a je\u0161t\u011b sp\u00e1l\u00edme n\u011bjak\u00e9 kalorie. Moc se n\u00e1m to dnes vyda\u0159ilo a t\u011b\u0161\u00edme se na p\u0159\u00ed\u0161t\u00ed Kulturn\u00ed \u00fater\u00fd.\u00a0\u00a0<\/p>\n<p>\u00a0<\/p>\n<p>Pro <a href=\"https:\/\/www.infopoint.cz\/polsko\/category\/kulturni-ctvrtky\/\">kulturn\u00ed \u010dtvrtek<\/a> 18.9.2018, napsala Dana.<\/p>\n<p><a href=\"https:\/\/photos.app.goo.gl\/7EE1PmB9XSn3MKZC6\">M\u016f\u017eete se tak\u00e9 pod\u00edvat na ostatn\u00ed fotografie<\/a><\/p>\n\n","protected":false},"excerpt":{"rendered":"<p>Tentokr\u00e1t bylo na\u0161e Kulturn\u00ed \u00fater\u00fd maxim\u00e1ln\u011b napl\u0148uj\u00edc\u00ed a barevn\u00e9. Fakt je, \u017ee jsme toho stihly hodn\u011b. T\u0159i v\u00fdstavy, proch\u00e1zku, dv\u011b p\u0159edobr\u00e1 j\u00eddla i proj\u00ed\u017e\u010fku na kole. P\u0159isp\u011blo k\u00a0tomu kr\u00e1sn\u00e9 bab\u00ed l\u00e9to, tak\u017ee jsme se c\u00edtily, jakoby letn\u00ed pr\u00e1zdniny je\u0161t\u011b neskon\u010dily. R\u00e1no byla oblig\u00e1tn\u00ed k\u00e1va a zelen\u00fd \u010daj a honem na zast\u00e1vku autobusu. Sto \u0161estn\u00e1ctka n\u00e1s [&hellip;]<\/p>\n","protected":false},"author":2,"featured_media":0,"comment_status":"open","ping_status":"closed","sticky":false,"template":"","format":"standard","meta":{"ngg_post_thumbnail":0,"footnotes":""},"categories":[2],"tags":[],"class_list":["post-5186","post","type-post","status-publish","format-standard","hentry","category-kulturni-ctvrtky"],"_links":{"self":[{"href":"https:\/\/www.infopoint.cz\/polsko\/wp-json\/wp\/v2\/posts\/5186","targetHints":{"allow":["GET"]}}],"collection":[{"href":"https:\/\/www.infopoint.cz\/polsko\/wp-json\/wp\/v2\/posts"}],"about":[{"href":"https:\/\/www.infopoint.cz\/polsko\/wp-json\/wp\/v2\/types\/post"}],"author":[{"embeddable":true,"href":"https:\/\/www.infopoint.cz\/polsko\/wp-json\/wp\/v2\/users\/2"}],"replies":[{"embeddable":true,"href":"https:\/\/www.infopoint.cz\/polsko\/wp-json\/wp\/v2\/comments?post=5186"}],"version-history":[{"count":5,"href":"https:\/\/www.infopoint.cz\/polsko\/wp-json\/wp\/v2\/posts\/5186\/revisions"}],"predecessor-version":[{"id":5633,"href":"https:\/\/www.infopoint.cz\/polsko\/wp-json\/wp\/v2\/posts\/5186\/revisions\/5633"}],"wp:attachment":[{"href":"https:\/\/www.infopoint.cz\/polsko\/wp-json\/wp\/v2\/media?parent=5186"}],"wp:term":[{"taxonomy":"category","embeddable":true,"href":"https:\/\/www.infopoint.cz\/polsko\/wp-json\/wp\/v2\/categories?post=5186"},{"taxonomy":"post_tag","embeddable":true,"href":"https:\/\/www.infopoint.cz\/polsko\/wp-json\/wp\/v2\/tags?post=5186"}],"curies":[{"name":"wp","href":"https:\/\/api.w.org\/{rel}","templated":true}]}}