{"id":5208,"date":"2018-09-11T08:36:59","date_gmt":"2018-09-11T06:36:59","guid":{"rendered":"https:\/\/www.infopoint.cz\/polsko\/?p=5208"},"modified":"2019-09-15T12:10:31","modified_gmt":"2019-09-15T10:10:31","slug":"wisla","status":"publish","type":"post","link":"https:\/\/www.infopoint.cz\/polsko\/wisla\/","title":{"rendered":"Za\u010d\u00edname!!!!"},"content":{"rendered":"<p><img loading=\"lazy\" decoding=\"async\" class=\"SzDcob alignleft\" src=\"https:\/\/lh3.googleusercontent.com\/Z2y9OPYrHUaJn7fo2Q30DRJly4jD0wapquE0g6vR3rxR585kpN2nR7kDcXERUtHqHXOR21Ut2hZUKIhSdGsmnL56kB9gD5FRARMjngtKTU8Qv0uZYsWQvm0kQfQEfLG0Wwnm9fX_umhtW6qvk4a0a2nSSgqcZo2GQ885AJDr6IaoVO8v75Ft4FdbKe4B5Bco1UX7mt3tI59T7h-kAaYAbZrYGlEjhJxvoOypsltdQ34QIS0LNxwJq2NQg3q3rRlH6SbH6CXPQXM_1Rh-Qx-nS1t8GbZlJFga-q2rSXs1K7sWikXhxZXsOr-tBGo45BuKTJwQZF9G8g4Q4N0xO9kGBie8nIstKp-C3Y1mJikSelLmzsjNJyJnihcdhtDebmFhNh50ck1hfDVk595ezi-Bwer2RoJrQ7MHDTHtSVkJT15G_wxStn_R-OPfo_bWzzR2BkpJVrlaglO0Rtvv6f1xO1CDqLiGN88AV8uWl4encNKu4mqqjj3Jhg35l42BjduHO7D-q8_U0zFzcXrTVKYIklqS8ctEtflvO8NEvt7eXJZdnrvLX-ojNjpko3LfojNtJIEA6un2VgYwjCkHYig-jkx_k4hIEJrGQ0AukUeLPlOJZ_v3tHh-FvGJvD2ic4YPzLIGUymTtYvsNqUa0wks6LoVJwh82JEPf-pOFyE5XFCV0zobCyREkg=w895-h671-no\" width=\"295\" height=\"671\" aria-label=\"Photo - Landscape - Sep 11, 2018, 9:54:02 AM\" \/>N\u00e1\u0161 prv\u00fd kult\u00farny utorok bol TU! Po pr\u00e1zdnin\u00e1ch odd\u00fdchnut\u00ed a pln\u00ed sily sme sa vybrali objavova\u0165 kr\u00e1sy re\u0161taur\u00e1ci\u00ed.<\/p>\n<p>R\u00e1no sme sa, ako v\u017edy stretli u Danu\u0161ky, ale nie na k\u00e1vu. Brali sme si od nej bicykle, prilby a vyrazili sme na ra\u0148ajky do kr\u00e1snej v\u00ednnej re\u0161taur\u00e1cie Restauracja Mielzynski Mokot\u00f3w. Znie to akoby sme chceli hne\u010f od r\u00e1na <img loading=\"lazy\" decoding=\"async\" class=\"SzDcob alignright\" src=\"https:\/\/lh3.googleusercontent.com\/WLzUQJbpqzYPsz0mSJWwFGZe3nKG3h8HWj0Z2hAciDX6TRrGZIvbR3fXnrqyC9U-djYWSYd82_td8y4u_5NMc1QgeICKK66udGQS1laqmRYcyX8p5EwFY1RqKNDbebqwJbeNBDOEGI61D0h74Nnfl7aUXxIck11Gyn87f4OxsQCe3qNfN81A7vKsjIPcTxR4oxvLFQB0KqO9ibVCfdtUt3BFVGp-mgZioGU6LEAXJ-jTH2dx0-NWjxtczrFpcrfxmeXpgSoRavGr9Ptcue9HqTFdgBgpmrMu9wue9YuNnv0JClgQjaudqUuH_h83Qffx8QKUbJVc1erg4QxwMbbVtQ_KGZZoSOP5eCvw268ma27UhJQAj4SR8zOMGqST2jXnIKfYStoz9AOxivC1cO49NJjHg_yqpEwRU5geTW17ctPa2U-HFwkmHmw-OnQC3WYDjJESATw8eszeE_R-6DO98dUm3yK7vqRsa7_dSnddY6BAh9X471gD214qmaeatUQuqNQcMEJPuEY9Q8Fuvy7cYzb1FeKFlRWA40bTlw-_PP2XeSu55xRsTQP2YzLaShujXrTNfF4XPr0i0_P0hhMLRKBkSpFNOaYgOuCpDx46ZUHbx-0z-Tz1dqUt9wqn8j9Gv44KJAsGNE5Cm1m1dam_sTOdw4H-ho79KUMnFuyWlzWSOR_DrBFLRg=w895-h671-no\" width=\"295\" height=\"671\" aria-label=\"Photo - Landscape - Sep 11, 2018, 11:25:11 AM\" \/>ochutn\u00e1va\u0165 d\u00fa\u0161ky v\u00edna, ale nie. Dali sme si v\u00fdborn\u00e9 ra\u0148ajky s \u010daj\u00edkom a rannou k\u00e1vou. Iba Danu\u0161ka mala zase smolu, a tak si namiesto slanej pra\u017eenice vychutnala volsk\u00e9 ok\u00e1.<\/p>\n<p>Takto nas\u00fdten\u00ed sme nasadli na na\u0161ich t\u00e1to\u0161ov a \u0161lapali sme do m\u00fazea Muzeum Azji i Pacyfiku. V \u0148om sme si zaspom\u00ednali na na\u0161e detsk\u00e9 \u010dasy a zahrali sme sa zop\u00e1r hier. Niektor\u00e9 z nich boli tak n\u00e1ro\u010dn\u00e9, \u017ee sme potrebovali v\u00fdklad i uk\u00e1\u017eku od pani sprievodkyne.<\/p>\n<p>Po z\u00e1bave znovu pr\u00e1ca! Bicyklami sme \u0161li po wislostr\u00e1de, robili si mal\u00e9 prest\u00e1vky na zdokumentovanie a pokra\u010dovali \u010falej. Najsk\u00f4r sme pre\u0161li mostom Gda\u0144ski na druh\u00fa stranu Wis\u0142y, pozreli z dia\u013eky na pl\u00e1\u017e a pokra\u010dovali v ceste na \u010fa\u013e\u0161\u00ed most \u015awietokrzyski.<\/p>\n<p>Vyhladnut\u00ed sme dorazili do \u00fa\u017easnej skvelej v\u00fdnimo\u010dnej re\u0161taur\u00e1cie LAS &#8211; Lokalna Atrakcja Stolicy. Pri vstupe v\u00e1s o\u010dar\u00ed dreven\u00e1 hojda\u010dka na strome i z\u00e1honky, v ktor\u00fdch pestuj\u00fa r\u00f4zne bylinky aj zeleninu. Ba dokonca niekoho nadchne aj hluk vlakov, nako\u013eko sa re\u0161taur\u00e1cia nach\u00e1dza hne\u010f ved\u013ea vlakovej trate. Jedlo bolo naozaj vynikaj\u00face! Odpor\u00fa\u010dame ka\u017ed\u00e9mu! A ako to u\u017e b\u00fdva, znovu za na\u0161imi ratoles\u0165ami, ktor\u00e9 n\u00e1s netrpezlivo o\u010dak\u00e1vaj\u00fa.<\/p>\n<p>Pro <a href=\"https:\/\/www.infopoint.cz\/polsko\/category\/kulturni-ctvrtky\/\">kulturn\u00ed \u010dtvrtek<\/a> 11.9.2018, napsala M\u00e1ria.<\/p>\n<p><a href=\"https:\/\/photos.app.goo.gl\/cDxZ2HKUpbdgXUwPA\">M\u016f\u017eete se tak\u00e9 pod\u00edvat na ostatn\u00ed fotografie .<\/a><\/p>\n","protected":false},"excerpt":{"rendered":"<p>N\u00e1\u0161 prv\u00fd kult\u00farny utorok bol TU! Po pr\u00e1zdnin\u00e1ch odd\u00fdchnut\u00ed a pln\u00ed sily sme sa vybrali objavova\u0165 kr\u00e1sy re\u0161taur\u00e1ci\u00ed. R\u00e1no sme sa, ako v\u017edy stretli u Danu\u0161ky, ale nie na k\u00e1vu. Brali sme si od nej bicykle, prilby a vyrazili sme na ra\u0148ajky do kr\u00e1snej v\u00ednnej re\u0161taur\u00e1cie Restauracja Mielzynski Mokot\u00f3w. Znie to akoby sme chceli hne\u010f [&hellip;]<\/p>\n","protected":false},"author":2,"featured_media":0,"comment_status":"open","ping_status":"closed","sticky":false,"template":"","format":"standard","meta":{"ngg_post_thumbnail":0,"footnotes":""},"categories":[2],"tags":[],"class_list":["post-5208","post","type-post","status-publish","format-standard","hentry","category-kulturni-ctvrtky"],"_links":{"self":[{"href":"https:\/\/www.infopoint.cz\/polsko\/wp-json\/wp\/v2\/posts\/5208","targetHints":{"allow":["GET"]}}],"collection":[{"href":"https:\/\/www.infopoint.cz\/polsko\/wp-json\/wp\/v2\/posts"}],"about":[{"href":"https:\/\/www.infopoint.cz\/polsko\/wp-json\/wp\/v2\/types\/post"}],"author":[{"embeddable":true,"href":"https:\/\/www.infopoint.cz\/polsko\/wp-json\/wp\/v2\/users\/2"}],"replies":[{"embeddable":true,"href":"https:\/\/www.infopoint.cz\/polsko\/wp-json\/wp\/v2\/comments?post=5208"}],"version-history":[{"count":8,"href":"https:\/\/www.infopoint.cz\/polsko\/wp-json\/wp\/v2\/posts\/5208\/revisions"}],"predecessor-version":[{"id":5480,"href":"https:\/\/www.infopoint.cz\/polsko\/wp-json\/wp\/v2\/posts\/5208\/revisions\/5480"}],"wp:attachment":[{"href":"https:\/\/www.infopoint.cz\/polsko\/wp-json\/wp\/v2\/media?parent=5208"}],"wp:term":[{"taxonomy":"category","embeddable":true,"href":"https:\/\/www.infopoint.cz\/polsko\/wp-json\/wp\/v2\/categories?post=5208"},{"taxonomy":"post_tag","embeddable":true,"href":"https:\/\/www.infopoint.cz\/polsko\/wp-json\/wp\/v2\/tags?post=5208"}],"curies":[{"name":"wp","href":"https:\/\/api.w.org\/{rel}","templated":true}]}}