{"id":5232,"date":"2018-12-06T20:43:29","date_gmt":"2018-12-06T19:43:29","guid":{"rendered":"https:\/\/www.infopoint.cz\/polsko\/?p=5232"},"modified":"2019-10-02T23:14:46","modified_gmt":"2019-10-02T21:14:46","slug":"muzeum-polske-wodky","status":"publish","type":"post","link":"https:\/\/www.infopoint.cz\/polsko\/muzeum-polske-wodky\/","title":{"rendered":"Muzeum Polsk\u00e9 Wodky"},"content":{"rendered":"<div id=\"m_-1682725070753709047yui_3_16_0_ym19_1_1544007527459_2621\"><span id=\"m_-1682725070753709047yui_3_16_0_ym19_1_1544007527459_2622\">Po dvou t\u00fddnech, kdy byla Dana mimo Var\u0161avu, a my jsme \u010das zaplnily v\u00fd\u0161lapem po Konstancinu a lekc\u00ed hormon\u00e1ln\u00ed jogy, jsme se op\u011bt r\u00e1dy se\u0161ly v Trustawieck\u00e9. Klasicky jsme probraly co n\u00e1s potkalo, co potkalo na\u0161e d\u011bti a na\u0161e bl\u00edzk\u00e9 i m\u00e9n\u011b bl\u00edzk\u00e9 a s radost\u00ed, jako v\u017edy, jsme vyrazily do sychrav\u00e9ho po\u010dasi sm\u011br Praga.\u00a0<\/span><\/div>\n<div id=\"m_-1682725070753709047yui_3_16_0_ym19_1_1544007527459_2623\"><\/div>\n<div id=\"m_-1682725070753709047yui_3_16_0_ym19_1_1544007527459_2626\"><span id=\"m_-1682725070753709047yui_3_16_0_ym19_1_1544007527459_2627\">V pl\u00e1nu bylo Muzeum Polsk\u00e9 Wodky, jak jsme se t\u011b\u0161ily. Ot\u00e1zkou bylo, zda je v cen\u011b zahrnuta ochutn\u00e1vka \u010di nikoli a jestli p\u00edt \u010di nep\u00edt. Na vstupn\u00edch dve\u0159\u00edch muzea, ktere le\u017e\u00ed v p\u0159\u00edjemn\u00e9m are\u00e1lu Centra Praskiego Koneser, se skv\u011bla cedulka, \u017ee 4.12. je otev\u0159eno od 14h, bylo 11h. Po marn\u00e9m p\u0159esv\u011bd\u010dov\u00e1n\u00ed, \u017ee jedeme z Prahy, jsme byly z muzea slu\u0161n\u011b vyk\u00e1z\u00e1ni, \u017ee p\u0159ed 14h m\u00e1me sm\u016flu.\u00a0<\/span><\/div>\n<div><\/div>\n<div><img loading=\"lazy\" decoding=\"async\" class=\"SzDcob alignleft\" src=\"https:\/\/lh3.googleusercontent.com\/M5DRZCjmDFsxFFeTuTsykuHDQnlg8YG1GmZzUFGCl1agoyiHTuGX1SrQTSeoNllEh19uzipCK5EV2HJN8tKqOafiNbNJhd09Qo9IfjvhTj-yZo0KTZekro-ICRQEifA9Rdcf8MFliEm6TNNzUMEQbYR-cwW4syhDnqthxJyZ2yqG-h9RsMN-2shTl7cgXuH0u2DIHfQYmA_SGlmvIzVmr6IWDds0Z-zvXv8Fs9P5cAQhJoRV7Sd6Eigtj4mpwPEWU5z0Kd1O-2vt1B74QOgxrp9QLt1lHC4vg-Gnr1WXF26GWDOhGne1z98J7QfbFnBk_eJBSle1-JoRvvGXWq049x28rXSyK_m02VhyA2W31YRD3DFOG-oirh1Od3xpQJmzsz7fPthohrrJQIFRgzdn0qLfQBhQIxI3c8tU8TXPhlqYpIafswdEY1KHJFalaM6wABvIKW3LNdsg7YBA3aO97w6HMV1BlsuMOkKxANmSfD-q0LSxym7J2OQ8d1OE2Ozpt_-Z8_iz5M3LxQF0eO6fwgJq2ho6px0BZx0FGpYzYHSUeTtlTFQl44t18HSB1fw9ZB4n_72pmutYwfvKXWxlzLBHRvwwb4s9LMSow7cA462g40DLc6gI__pxKZFeb1Y0qg7ANVwKtVGxnB1P4cRkW-XCX0JdLd3DEG1xYeKoo2CCYRAKvuZRb9uYg1KPNUQfUZ5CJS9k6x3tyLfMV5_ezTc4z8RYgSFzbSjwQJsFEAmm6Ls=w895-h671-no\" width=\"250\" height=\"615\" aria-label=\"Fotka \u2013 Na \u0161\u00ed\u0159ku \u2013 4. 12. 2018 11:49:12\" \/><\/div>\n<div><\/div>\n<div id=\"m_-1682725070753709047yui_3_16_0_ym19_1_1544007527459_2628\"><span id=\"m_-1682725070753709047yui_3_16_0_ym19_1_1544007527459_2629\">To n\u00e1s samozd\u0159ejm\u011b neodradilo a hned v are\u00e1lu jsme si na\u0161ly v\u00fdstavu absolvent\u016f Akademie v\u00fdtvarn\u00fdch um\u011bn\u00ed, <strong>Coming out.<\/strong> <\/span><\/div>\n<div><\/div>\n<hr \/>\n<p><span id=\"m_-1682725070753709047yui_3_16_0_ym19_1_1544007527459_2629\"><img loading=\"lazy\" decoding=\"async\" class=\"SzDcob\" src=\"https:\/\/lh3.googleusercontent.com\/P77JQPOgVWPiQ_r4DXU4R6CGIij5SzJF3UcFcUb8-mJpg4eQCuT3-NAO0qqeZh2SpEBFcvT_7Rp9egCHBL8P0rkC3A1EPegeHudCFj21fl33kgSdh6eoAAKrWAkEkNQnQnO9KW0A0L8Dwrpm4dO-nrekgKsN9TkvMvZ_MRndn7rPH6r96uBbIlBunfwYv4-XevxKpV5PfsIfyNINV3UMX3InS1HzTI8d4fGGWZW7qf8j8TL0EDi9Q-riougUVvnd6tevp45xb_kZiBa_umS-BG3_Ma7Xa9j3eCd1IuAfxNJOdf_nuzDKDBokbMWuYImd_FkL-vtzMoCTHAMy4j_VtBG7brlq8g6uEfsms-IcUtvgX01B66dtInqN6aKnDCFDHfDaqjlAD3W9vDva9h2hvvjx2EWmwnBeutdnOUvMXTtADhSz7D_W0C5EPJXL6JbI6NmSa0WhbxubnsHafYi5iUe-ofjb9AknohRnmjKi9LHw2ReI5e04MIlRITYdiZDk_OxLvv-CxvQqybm0l0caNEl39wloFTksRKIIzxA76De3Zr3C72c1IXhvcFfV0wiVBU0pB3HhlTrp0gMSvb1BjaGXxGz3AGIxl8zvU93tDrC_Aan8ErG_9NKIb4TWSW4ORGpMVMAx-m66j5GgjDaQCgNpuGaQX41rY3STzrpN9O1tEh0FGVsCe_6xIOjhpp3Nv475kd4fDckVzDBJjxOUBXcKM9nSfTRN1SR5pTHC8m1toho=w504-h671-no\" width=\"262\" height=\"615\" aria-label=\"Fotka \u2013 Na v\u00fd\u0161ku \u2013 4. 12. 2018 11:59:54\" \/>Ka\u017edou z n\u00e1s n\u011bco zaujalo, m\u011b nejv\u00edc postel, okolo kter\u00e9 bylo spoustu prst\u016f, trochu stra\u0161ideln\u00e9, ale pro\u010d ne. Emoce to vyvolalo, jako z hororu. Margitce se zase libila podivn\u00e1 soustava lanek a prov\u00e1zk\u016f, kter\u00e1 padala do oleje\u2026.zvuk ji p\u0159ipom\u00ednal d\u011bti v kalu\u017e\u00edch, trochu m\u00e9n\u011b hororov\u00e1 p\u0159edstava. Monice se libil autoportr\u00e9t sle\u010dny, kter\u00e1 byla ukryta v popodivn\u00e9 z\u00e1plav\u011b molitanu a l\u00e1tek a za zp\u011bvu to v\u0161echno otrhala a dostala se a\u017e k se\u0161it\u00e9 figur\u00edn\u011b. Zp\u011bv n\u00e1m p\u0159i\u0161el zvov\u011bstn\u00fd a cel\u00e9 to p\u016fsobilo dost ponu\u0159e. Prost\u011b pro ka\u017ed\u00e9ho n\u011bco.<\/span><\/p>\n<div id=\"m_-1682725070753709047yui_3_16_0_ym19_1_1544007527459_2630\"><\/div>\n<h4 id=\"m_-1682725070753709047yui_3_16_0_ym19_1_1544007527459_2633\"><span id=\"m_-1682725070753709047yui_3_16_0_ym19_1_1544007527459_2634\">Dana by je\u0161t\u011b r\u00e1da do Muzea Pragi, ale byla umluvena, \u017ee je \u010das jit j\u00edst. <\/span><\/h4>\n<div><\/div>\n<div><\/div>\n<div><\/div>\n<div><\/div>\n<div><\/div>\n<div><\/div>\n<div><span id=\"m_-1682725070753709047yui_3_16_0_ym19_1_1544007527459_2634\"><img loading=\"lazy\" decoding=\"async\" class=\"SzDcob alignright\" src=\"https:\/\/lh3.googleusercontent.com\/8YNRjEJq2T2rleBn04I2z3OACUHdiltXEJriqdk62_6keFtnc0NuDFTBKrNHYGERIzA4qBF2PC9HLjVCrCaLHyjSB003C_serURpxwTiulKV5tpTORH_5BC1fBLvcxkDWyi5qUZAdMiP2E-awDWPurXVXAzeAwK9TWu8AIG2wmMQdhvIoxSZES2Zn3DFKmqN61hDfHqpKPPkPyks_j5K2FeQtpE-_xlKFHbzepNz5-M6nuiqeYj2UQ6qmzq5rnoVnot7z00dHWi6g0plHUkZyBPcb_1EC6g9evWV2h1crlPX_U9JHAUzJAloI5xflaS3gVoJ4-gxXATcS0nnjwuF_bHTr7yAHs3KH9S6s-58fU4f5ZNI6Dpx6I0-1QVMEoCjY2LVslW8_UhW3k6X8jSBi1QePaf0BmVHef3WxtRQedN7h7dfcIlKdo6C8xLHGb9VYEUKE67vcSeid3VF94748bitGAn6xLxn329yo2up_LxZNbsLvPZZ6Ya2XMRroXlvP1zFR3DMi_909iw9EjzqaqXzhxd3b5jIaUfTE5SvHZVlDzLj0eW6-Q88ludcP17QoeDgoMqXwAX-O4RojZK75BbWZhyiPXnoWj707iFq8gzx4UU9QEm88Bu_5-GpXXdvq19EyNliGfxi4RXGYdnNOKvG2U9sI-8rvADq0CkZQ5ia_Ld-CAEuEDQ-bNt-dgski0C7cgTaqiZ9msgSMdewjitCWg=w1311-h983-no\" width=\"200\" height=\"400\" \/>V pl\u00e1nu byla kr\u00e1sn\u00e1 restaurace Zoni, kde visely v\u00e1no\u010dn\u00ed strome\u010dky ze stropu, byly tam kotle jako v pekle, kde byla spousta neot\u0159el\u00fdch dekorac\u00ed a kde se p\u0159ipravovala firemn\u00ed akce, tak\u017ee jsme byly vyk\u00e1z\u00e1ny o d\u016fm d\u00e1l. Doslova. Restaurace byla hezk\u00e1, person\u00e1l p\u0159\u00edjemn\u00fd, okurkov\u00e1 pol\u00e9vka zaj\u00edmav\u00e1 a hlavn\u00ed j\u00eddlo lahodn\u00e9, le\u010d porce sp\u00ed\u0161e d\u011btsk\u00e1. Na\u0161t\u011bst\u00ed jsme m\u011bly jsme vyhl\u00eddnut\u00fd podnik o kousek d\u00e1l na dezert, ve\u0161ly jsme a vzap\u011bt\u00ed jsme vy\u0161ly, proto\u017ee interi\u00e9rem se nesla nev\u00e1bn\u00e1 v\u016fn\u011b kan\u00e1lu! Nevzd\u00e1v\u00e1me to a vyr\u00e1\u017e\u00edme do Pijarni czekolady, kterou jsme zahl\u00e9dly pobl\u00ed\u017e. Na\u0161ly jsme, je\u0161t\u011b nejsou v provozu. Nevad\u00ed, vyr\u00e1\u017e\u00edme sm\u011brem na Saskou Kepu, je to cestou\u2026.minuly jsme a hur\u00e1 p\u0159es most. My\u0161lenka na dezert n\u00e1s neopou\u0161t\u00ed, kav\u00e1rna do kter\u00e9 jsme zam\u00ed\u0159ily se zm\u011bnila na restauraci, zkou\u0161\u00edme Dziurku od klucza, plno\u2026..Kafka, tam kone\u010dn\u011b dost\u00e1v\u00e1me vytou\u017een\u00fd z\u00e1kusek a k\u00e1vu.\u00a0<\/span><\/div>\n<div id=\"m_-1682725070753709047yui_3_16_0_ym19_1_1544007527459_2635\"><\/div>\n<div id=\"m_-1682725070753709047yui_3_16_0_ym19_1_1544007527459_2638\"><span id=\"m_-1682725070753709047yui_3_16_0_ym19_1_1544007527459_2639\">Podle pl\u00e1nu to tentokr\u00e1t nevy\u0161lo, ale n\u00e1ladu n\u00e1m to rozhodn\u011b nezkazilo.\u00a0<\/span><\/div>\n<div id=\"m_-1682725070753709047yui_3_16_0_ym19_1_1544007527459_2640\"><\/div>\n<div id=\"m_-1682725070753709047yui_3_16_0_ym19_1_1544007527459_2643\">\n<p>Pro <a href=\"https:\/\/www.infopoint.cz\/polsko\/category\/kulturni-ctvrtky\/\">kulturn\u00ed \u010dtvrtek<\/a> 4.12.2018, p<span id=\"m_-1682725070753709047yui_3_16_0_ym19_1_1544007527459_2644\">o k\u00e1vi\u010dce, napsala Mirka\u2026\u2026\u2026v 1.30 r\u00e1no:))<\/span>.<\/p>\n<p><a href=\"https:\/\/photos.app.goo.gl\/eymsDWs8UUtASBWP9\">M\u016f\u017eete se tak\u00e9 pod\u00edvat na ostatn\u00ed fotografie<\/a><\/p>\n<\/div>\n","protected":false},"excerpt":{"rendered":"<p>Po dvou t\u00fddnech, kdy byla Dana mimo Var\u0161avu, a my jsme \u010das zaplnily v\u00fd\u0161lapem po Konstancinu a lekc\u00ed hormon\u00e1ln\u00ed jogy, jsme se op\u011bt r\u00e1dy se\u0161ly v Trustawieck\u00e9. Klasicky jsme probraly co n\u00e1s potkalo, co potkalo na\u0161e d\u011bti a na\u0161e bl\u00edzk\u00e9 i m\u00e9n\u011b bl\u00edzk\u00e9 a s radost\u00ed, jako v\u017edy, jsme vyrazily do sychrav\u00e9ho po\u010dasi sm\u011br Praga.\u00a0 [&hellip;]<\/p>\n","protected":false},"author":2,"featured_media":0,"comment_status":"open","ping_status":"closed","sticky":false,"template":"","format":"standard","meta":{"ngg_post_thumbnail":0,"footnotes":""},"categories":[2],"tags":[],"class_list":["post-5232","post","type-post","status-publish","format-standard","hentry","category-kulturni-ctvrtky"],"_links":{"self":[{"href":"https:\/\/www.infopoint.cz\/polsko\/wp-json\/wp\/v2\/posts\/5232","targetHints":{"allow":["GET"]}}],"collection":[{"href":"https:\/\/www.infopoint.cz\/polsko\/wp-json\/wp\/v2\/posts"}],"about":[{"href":"https:\/\/www.infopoint.cz\/polsko\/wp-json\/wp\/v2\/types\/post"}],"author":[{"embeddable":true,"href":"https:\/\/www.infopoint.cz\/polsko\/wp-json\/wp\/v2\/users\/2"}],"replies":[{"embeddable":true,"href":"https:\/\/www.infopoint.cz\/polsko\/wp-json\/wp\/v2\/comments?post=5232"}],"version-history":[{"count":7,"href":"https:\/\/www.infopoint.cz\/polsko\/wp-json\/wp\/v2\/posts\/5232\/revisions"}],"predecessor-version":[{"id":5530,"href":"https:\/\/www.infopoint.cz\/polsko\/wp-json\/wp\/v2\/posts\/5232\/revisions\/5530"}],"wp:attachment":[{"href":"https:\/\/www.infopoint.cz\/polsko\/wp-json\/wp\/v2\/media?parent=5232"}],"wp:term":[{"taxonomy":"category","embeddable":true,"href":"https:\/\/www.infopoint.cz\/polsko\/wp-json\/wp\/v2\/categories?post=5232"},{"taxonomy":"post_tag","embeddable":true,"href":"https:\/\/www.infopoint.cz\/polsko\/wp-json\/wp\/v2\/tags?post=5232"}],"curies":[{"name":"wp","href":"https:\/\/api.w.org\/{rel}","templated":true}]}}