{"id":5239,"date":"2018-10-09T20:00:06","date_gmt":"2018-10-09T18:00:06","guid":{"rendered":"https:\/\/www.infopoint.cz\/polsko\/?p=5239"},"modified":"2019-09-15T13:59:09","modified_gmt":"2019-09-15T11:59:09","slug":"varsavske-muzeum-a-zoliborz","status":"publish","type":"post","link":"https:\/\/www.infopoint.cz\/polsko\/varsavske-muzeum-a-zoliborz\/","title":{"rendered":"Var\u0161avsk\u00e9 muzeum a \u017boliborz"},"content":{"rendered":"<p><img loading=\"lazy\" decoding=\"async\" class=\"SzDcob\" src=\"https:\/\/lh3.googleusercontent.com\/-1IuPoYYGwSqanb1SjHzS_WuetkZHD846IU8riftKkLw8rAJWctx7gu0ldeRAuohfMOMnMNudK-AcHmXbSHlsTR9tauiyFvl2buO5dmG52mh-q9imui96fIPFGp_QoFT4wlItnfxqfcQLBYQpwh1my2zw_oWsc1fA3WWdWsLYXQzUoB63us2iyqThyjkOv0cvN4oMyr26lTbun5hmN-8CnJqT0t_IQHXtMjS6SEWatbxGnSsLIwJu1c8MHNxdrHNkIR3QZkSBthQRexlBX3ZcjxlgmsNycC14KtElDTXpR8G0ppc64KSu4dsCp9ZLTxeZwWRusxKMIp6YfYNNZ7CoTlr-69xvNk1Mr77R0RRqao6TkM98GqK7BoTzkJP5OYjWPnxJu1ggtF9xg1lyqSAmAzJjMyGQlzh02hQnWHLUsA-IIboXyCOgznn7dzg2NVEH1ZXaeo9UfoYSXW0Y4cHxR4lhaOAzR8vWOd65p55SyhHlVLl04A7_-QLNp-htbkTDDXdm82avEVbpIwMad42Zb2PyG1QRuLnoxOO9fD-tX89rLKzLavTG8sknjTLJami5Jvtl4XA5VaDETOGp3q7GuJcarspctvy6ynQjtE06Zme-1CtfFYptjjpLk76jalVHdYal-RbXSL02atYaRZvtBCo3kvkqokHLLEjbqbmalFniK3DmCwAwg=w504-h671-no\" width=\"504\" height=\"671\" aria-label=\"Fotka \u2013 Na v\u00fd\u0161ku \u2013 9. 10. 2018 11:18:49\" \/><\/p>\n<p><a href=\"https:\/\/photos.app.goo.gl\/YeGv1EZacVnm78Q57\">fotogalerie<\/a><\/p>\n<p>Pro <a href=\"https:\/\/www.infopoint.cz\/polsko\/category\/kulturni-ctvrtky\/\">kulturn\u00ed \u010dtvrtek<\/a> 9.10.2018, mo\u017en\u00e1 <span id=\"m_-1682725070753709047yui_3_16_0_ym19_1_1544007527459_2644\">napsala Mirka<\/span>.<\/p>\n","protected":false},"excerpt":{"rendered":"<p>fotogalerie Pro kulturn\u00ed \u010dtvrtek 9.10.2018, mo\u017en\u00e1 napsala Mirka.<\/p>\n","protected":false},"author":2,"featured_media":0,"comment_status":"open","ping_status":"closed","sticky":false,"template":"","format":"standard","meta":{"ngg_post_thumbnail":0,"footnotes":""},"categories":[2],"tags":[],"class_list":["post-5239","post","type-post","status-publish","format-standard","hentry","category-kulturni-ctvrtky"],"_links":{"self":[{"href":"https:\/\/www.infopoint.cz\/polsko\/wp-json\/wp\/v2\/posts\/5239","targetHints":{"allow":["GET"]}}],"collection":[{"href":"https:\/\/www.infopoint.cz\/polsko\/wp-json\/wp\/v2\/posts"}],"about":[{"href":"https:\/\/www.infopoint.cz\/polsko\/wp-json\/wp\/v2\/types\/post"}],"author":[{"embeddable":true,"href":"https:\/\/www.infopoint.cz\/polsko\/wp-json\/wp\/v2\/users\/2"}],"replies":[{"embeddable":true,"href":"https:\/\/www.infopoint.cz\/polsko\/wp-json\/wp\/v2\/comments?post=5239"}],"version-history":[{"count":5,"href":"https:\/\/www.infopoint.cz\/polsko\/wp-json\/wp\/v2\/posts\/5239\/revisions"}],"predecessor-version":[{"id":5486,"href":"https:\/\/www.infopoint.cz\/polsko\/wp-json\/wp\/v2\/posts\/5239\/revisions\/5486"}],"wp:attachment":[{"href":"https:\/\/www.infopoint.cz\/polsko\/wp-json\/wp\/v2\/media?parent=5239"}],"wp:term":[{"taxonomy":"category","embeddable":true,"href":"https:\/\/www.infopoint.cz\/polsko\/wp-json\/wp\/v2\/categories?post=5239"},{"taxonomy":"post_tag","embeddable":true,"href":"https:\/\/www.infopoint.cz\/polsko\/wp-json\/wp\/v2\/tags?post=5239"}],"curies":[{"name":"wp","href":"https:\/\/api.w.org\/{rel}","templated":true}]}}