{"id":5249,"date":"2018-11-13T14:58:00","date_gmt":"2018-11-13T13:58:00","guid":{"rendered":"https:\/\/www.infopoint.cz\/polsko\/?p=5249"},"modified":"2019-10-02T22:58:31","modified_gmt":"2019-10-02T20:58:31","slug":"rady-a-biennale","status":"publish","type":"post","link":"https:\/\/www.infopoint.cz\/polsko\/rady-a-biennale\/","title":{"rendered":"\u0158\u00e1dy a Biennale"},"content":{"rendered":"<p>Prvn\u00ed listopadov\u00e9 kulturn\u00ed \u00fater\u00fd za\u010dalo jako obvykle p\u0159\u00edjemn\u00fdm posezen\u00edm u Dany. J\u00e1 se tohoto posezen\u00ed bohu\u017eel\u00a0tentokr\u00e1t nez\u00fa\u010dastnila a s ostatn\u00edmi jsem se se\u0161la a\u017e v parku\u00a0\u0141azienki Kr\u00f3lewskie, kde na\u0161\u00edm prvn\u00edm c\u00edlem byla v\u00fdstava Blask order\u00f3w w 100-lecie odzyskania niepodleg\u0142o\u015bci v\u011bnovan\u00e1 polsk\u00fdm \u0159\u00e1d\u016fm. Ty byly, jak n\u00e1zev napov\u00edd\u00e1, vystaveny v\u00a0souvislosti se stolet\u00fdm v\u00fdro\u010d\u00edm polsk\u00e9 nez\u00e1vislosti a nach\u00e1zely se ve t\u0159ech budov\u00e1ch v tomto kr\u00e1sn\u00e9m parku.<\/p>\n<p>\u0158\u00e1dy byly pova\u017eov\u00e1ny za nejvy\u0161\u0161\u00ed formu ocen\u011bn\u00ed obyvatel za z\u00e1sluhy pro dobro Vlasti. K\u00a0vid\u011bn\u00ed byly \u0159\u00e1dy ud\u011blovan\u00e9 jak za \u010das\u016f kr\u00e1le Augusta II (18. stolet\u00ed), tak za z\u00e1sluhy b\u011bhem 2. sv\u011btov\u00e9 v\u00e1lky nebo b\u011bhem komunistick\u00e9 vl\u00e1dy. Celkem bylo vystaveno asi 1000 expon\u00e1t\u016f zap\u016fj\u010den\u00fdch z\u00a0muze\u00ed v\u00a0Dr\u00e1\u017e\u010fanech, Berl\u00edn\u011b, Pa\u0159\u00ed\u017ei, Bruselu, Lond\u00fdn\u011b, Var\u0161av\u011b nebo Krakov\u011b.<\/p>\n<p>Nejcenn\u011bj\u0161\u00ed a nejkr\u00e1sn\u011bj\u0161\u00ed expon\u00e1ty t\u00e9to v\u00fdstavy se nach\u00e1zely v m\u00edstnosti uprost\u0159ed muzea Pa\u0142ac na Wyspie. Ne\u017e jsme je spat\u0159ily, nejprve jsme rychlej\u0161\u00ed ch\u016fz\u00ed pro\u0161ly p\u0159es n\u011bkolik \u00fa\u017easn\u00fdch pokoj\u016f.<\/p>\n<p>A teprve pak jsme mohly obdivovat kr\u00e1sn\u00e9 \u0159\u00e1dy zdoben\u00e9 zlatem, st\u0159\u00edbrem, diamanty, rub\u00edny a brilianty. Jednalo se o k\u0159\u00ed\u017ee, hv\u011bzdy a kord \u0158\u00e1du B\u00edl\u00e9ho Orla z\u00a0kr\u00e1lovsk\u00fdch kost\u00fdm\u016f. \u00a0<img loading=\"lazy\" decoding=\"async\" class=\"SzDcob alignleft\" src=\"https:\/\/lh3.googleusercontent.com\/L5yxFceerN5hC6rbBNV4sbISqRs4GbZd7QoEOpIKzr6TVM2XUfH1-8oHjhjfJhI-SOjxtWAKg2W6HQkMMg5UIps2NPhReYyWiByB3Wkk1EoxG6eWoJhyXuzOS_9md-8W7yKw1xAP_MPQhqnJE3xm9F1RXYl_ygqm1mMllSEHFof0BCJTh8Y4Rgzas0TuXsFYjDRFCoWjlwiIJIHXJx-bOQ2tqC-bA9Q-b2GYw22XQKz-9iTySGzXuZ0LILTaZ6eEZIssXgRZ9Zi_Vvi0_UuEotPYCoHAtZPPHqyJJfFBu9rIy94ghkhjdLqNYPuNLa3BoTK69XP2fPFqAWnuwnwmfk1SGF_a6yfaR6WhsQCX9ukXRG7f8HypEitEnm8DE7_T7EIODvy9gnvl8Qv9Ie2ea1J_7DRwMz9z8yG_i-0bozxZ0NgLNxUgQKeEaWO3NTKzm4u2P_RsIuqqhDt7Yk1kSxo2o66KDVdc0AaYZ9v_hsBloyP1QCSbzb-0-VIT6oay0yRCnHJjInEAzAIcISf55YLn7iMT8S7jtvQi-fRenRP4m9lPr3IQN5I4zkk_C4cCZk1isCnJNLQxo-Q1Rqf5JjNKbrnFhGAaawh4J-qecr4P27DDr6tCXoQuzMxRgJhNzGMt47hCNynDlhJqViFIUW2lXkMkw-XeQo5eZtBkEqjeyHoSYLXEdmGsqZ2XDyAJJX-x8RMSakkMoAi5hp04bqdyeYXvOeF483VI4fetbxeUMMU=w504-h671-no\" width=\"140\" height=\"615\" aria-label=\"Fotka \u2013 Na v\u00fd\u0161ku \u2013 2. 10. 2019 22:39:20\" \/><\/p>\n<p>Pot\u00e9 jsme nav\u0161t\u00edvily dal\u0161\u00ed muzejn\u00ed budovy, Podchor\u0105\u017c\u00f3wku a Pa\u0142ac My\u015blewicki, kde byly vystaveny krom\u011b k\u0159\u00ed\u017e\u016f a hv\u011bzd tak\u00e9 medaile, obrazy, uniformy nebo diplomy.<img loading=\"lazy\" decoding=\"async\" class=\"SzDcob alignright\" src=\"https:\/\/lh3.googleusercontent.com\/fQqYPDJxVqXuWanXvoJ6eQ2BFnZ7csQBJ60QxilQ6ce209E1t4oNyg-y2zzoNyndtWit0vwvRyy1pxCFBgtMzyKTqxPkQ332uHPF8VjFVm3XR6syiWoUULnUBjiyI2s4vK2SqR_TvvdVkEs9NiWVby3uvHHCT7Ru2jOJKtsYEglMtnlxKQeYUwQtgo5VkLicUwqWGDfWGaXv_VPiglYuL0MOyul8JOC68AV12qWiJXehAbD4tBGth9aehvVzDZFZWmTKykQuKwgw6QykwOK0gWnfsiY3fWp0e7kXA0-77KiYCSkd1GwJnMIfwRAUvL1VivRPORvSCGzm93HOu9vSTQAP1UdEcsThjMv7xjQZWH5eTl2LI-ASUoFV1UU4pJl3TFMghBBCElT3tAsrkEUWHoyd7-zDiRZHx5r28dyMTKuSKJlHNQxBhgModFoIDOBBKsmkXZCO7VCUgnxbjhPkGPVPc6Gz451hbbim2MUG2LAPD50os9UwW2IuyZHb-bz1iNfsgZ51YP9cHz3LD5d_bM6iM0a6oITreP0htzUqT9AcVxZMv3hVvPMSgcxW-pMk_9fin73NYOUxzeNAkvWIU7amsfvSmPA0JO0VwzxgScvAIPC46HEaYumNzBP4-Y-yR2cSzyT8V75t92r77YQgXuWYa0Bzw2bwe3Zn6rkYw-BQg43g6Y-Ztc0-OtEutHPIZ__aooiReic9Z8fT6d18xVqG8jnzJAODbgFOWxwhGNkA0Hc=w895-h671-no\" width=\"140\" height=\"615\" aria-label=\"Fotka \u2013 Na \u0161\u00ed\u0159ku \u2013 2. 10. 2019 22:39:20\" \/><\/p>\n<p>Odtud jsme se p\u011b\u0161ky p\u0159em\u00edstily k\u00a0na\u0161emu druh\u00e9mu c\u00edli a t\u00edm byla v\u00fdstava Skip the line!, kter\u00e1 se nach\u00e1zela v\u00a0prostoru Biennale v ulici Marsza\u0142kowskiej.<\/p>\n<p>Jen p\u00e1r metr\u016f p\u0159ed na\u0161\u00edm c\u00edlem jsme si ale je\u0161t\u011b stihly ud\u011blat malou p\u0159est\u00e1vku, jeliko\u017e na\u0161i pozornost zaujal mal\u00fd obch\u016fdek Dary natury, kde bylo k\u00a0dost\u00e1n\u00ed nep\u0159ebern\u00e9 mno\u017estv\u00ed ko\u0159en\u00ed, \u010daj\u016f, vitam\u00ednov\u00fdch n\u00e1poj\u016f, med\u016f a dal\u0161\u00edch zdrav\u00fdch produkt\u016f. Bylo to za\u0159\u00edzeno ve venkovsk\u00e9m stylu a kr\u00e1sn\u011b to tam von\u011blo.<\/p>\n<p>A tak n\u011bkter\u00e9 z\u00a0n\u00e1s neodolaly a n\u011bco si tu koupily k\u00a0rychl\u00e9 sva\u010dince.<img loading=\"lazy\" decoding=\"async\" class=\"SzDcob alignleft\" src=\"https:\/\/lh3.googleusercontent.com\/ofAVqRp-NrMKZ1GirPsOt--5GZnVAev3GkNi8k97zANz294woFLXGn449pNTSw999Wyd-2ehwd88ESoIZHOYNM6aG1MZtcA8_LPGbP_Z1brR2SBodtGO0LFZmdFd0rZ2ZGwmJHuR4-vawARTj5mIOg3ASCpH-gZGrmA_wVq7y7GLk4p7SJFo2FGNNSWRmqILkQgF-P0Kfi9rSRrxVhk4IoeUK6FSR9kKVJFdkyjiI7zMxlclbVA3NT7X0YDBpMsjRMKCKGfViJWi2uml95aGjREzEK7pNGoIjGkGaj_FFqBU8XPykRg7_QN8XpH1m4TvMR-QBKdKZHhEzD_S60ZIhrOJtmksKxNs9gciSHu-R9VdiJKqZFFQXa00lmvn2mI2EToNJPLxg0nVZD8wqvmJgRaP9RkTqAZMCDa1tCZz_Gi7ltTKFGFY3Ke6ulq5B9Mzit3hRlSyM-uZrCnQ4moiiGh7ZC0_3Hxe0zGKwrEFI1taa050iaMnbN7JY2slslEcboCYgKJrkV4iap63O9e7TnUzhyRTHb9GPCQB26L-Sq8xUY4BNEGVa8cr-lsEKj2k0z3_a1rEJ3z7TTgyZcGnoKnMxWIA80NTgsk3ycjqTS9iKuvZ0qLu0wxw_whd2qAVPXz4aBUvy25hBUtOpXaIhNL8VZbZUIInWEuSlrVaGs8DaguLxBGEo2YlyNVdJSwkcW25X53Pg83icf3e5wsyGdCxFwgwCZCMsf-x0iLfouVMAzw=w504-h671-no\" width=\"160\" height=\"615\" aria-label=\"Fotka \u2013 Na v\u00fd\u0161ku \u2013 13. 11. 2018 11:59:32\" \/><\/p>\n<p>Jednou z\u00a0t\u011bchto v\u011bc\u00ed byl m\u00edrn\u011b \u0159e\u010deno nep\u0159\u00edli\u0161 lahodn\u00fd, ale zato ur\u010dit\u011b velmi zdrav\u00fd n\u00e1poj ?. Lehce posiln\u011bn\u00e9 a pln\u00e9 vitam\u00edn\u016f jsme tedy dorazily na v\u00fdstavu, kter\u00e1 byla v\u011bnov\u00e1na aktu\u00e1ln\u00edmu t\u00e9matu &#8211;<strong> populismu<\/strong>.<\/p>\n<p>V\u00fdstava byla rozd\u011blena do t\u0159\u00ed pater a ka\u017ed\u00e9 patro bylo zcela odli\u0161n\u00e9.<\/p>\n<p>P\u0159\u00edzem\u00ed bylo zam\u011b\u0159eno p\u0159edev\u0161\u00edm na ma\u010farsk\u00fd populismus, na jejich siln\u00fd cit pro nacionalismus, na hrdost na ma\u010farsk\u00e9 ko\u0159eny a k\u0159ivdu, \u017ee jim byla odebr\u00e1na ur\u010dit\u00e1 \u00fazem\u00ed, s\u00a0\u010d\u00edm\u017e se mnoz\u00ed dodnes nedok\u00e1\u017e\u00ed vyrovnat. Nejv\u00fdsti\u017en\u011bj\u0161\u00edm heslem bylo \u201eMake Hungary great again\u201c. Mnoh\u00e9 fotografie vedly k\u00a0zamy\u0161len\u00ed, k\u00a0diskuzi a mimo jin\u00e9 prob\u011bhla i kr\u00e1tk\u00e1 \u00favaha nad t\u00edm, zda m\u011blo z\u016fstat Rakousko-Uhersko nebo zda jsi jsou n\u00e1zorov\u011b bl\u00edzc\u00ed lid\u00e9 se stejnou krevn\u00ed skupinou.<\/p>\n<p>Pot\u00e9 jsme se\u0161ly do podzemn\u00edch prostor, kde se nach\u00e1zely zaj\u00edmav\u011b pojat\u00e9, ale pon\u011bkud depresivn\u00ed fotografie nebo videa. V horn\u00edm pat\u0159e pak krom\u011b jin\u00e9ho byly naopak k vid\u011bn\u00ed vtipn\u00e9 kreatury p\u0159edstavuj\u00edc\u00ed spojen\u00ed n\u011bjak\u00e9ho zv\u00ed\u0159ete a sv\u011btov\u00e9ho politika.\u00a0 <img loading=\"lazy\" decoding=\"async\" class=\"SzDcob alignright\" src=\"https:\/\/lh3.googleusercontent.com\/ICTmFtoL4o2YDeyWqaZvgF1AVDg1wkIvASV9WpE6oHQocPMYpOgVaywIiWQGoIry2DMVhfjdnB48buGjofheazfjvoe1r-k5ZhKQOFVUK1MSbDvM8CwkwvKmiiQ5mtV2Pj8uzLHKi5iCs-BDn7zudpYLcHd1zs9kMZPBYg1NeANG8-eeGo_5Kp3feZRnp2FIquB7oH9tgTaVErjBqEykshgb7ZJD1xosUT1FgDhR3DGmrDeR6krG6yrtMG7zEvGF14PZMWhGmyhiaj1QAA3Qm9bm5i-rScwiLtzojlz6xf2oRtOvHMtJWt8XQb83FchkfvvLKcohCVEZB2_zC9ImriWnwjuH57_8viItiM_944yf-g_0qlQh3V0sfpTh0b3mVku3NKX_FsDU2pr6sMzcHS-Q4y7n-rZy7LWHMg4uHTCNSPcC48faUeZB_nJOFLaqhEeddYLB94vPHVIAQUWrWVLoak-B-V3EXqdjlkOOATc7H_u3Pp4c0cFoTYYNkJ6z4BIi--A1r0WZuPPHIFTANM7uN9tTXByw-E9tQHAy8oHlHKEjx6volNq2TIgB3eEjzK6wUGiR4uNBNhdjTdcJaV1E47yJim1NK9fOO_DL2vtvXV5M9ZMymWhJ21ImWFZsztPiF8o8IX3fZRLdgszh2es-ZWWlBq6oY6NAPY54ZTcYZfZfPR02YtLb1CtXas9NUFrR8pcjZ5HOdvc2qQB-M5MgPakAr3xn2IrhLfh_HZQctyU=w504-h671-no\" width=\"200\" height=\"615\" aria-label=\"Fotka \u2013 Na v\u00fd\u0161ku \u2013 13. 11. 2018 12:57:54\" \/><\/p>\n<p>Po kulturn\u00edm vy\u017eit\u00ed jsme si za\u0161ly na zaslou\u017een\u00fd ob\u011bd do\u00a0nedalek\u00e9 restaurace Bazar Kocha v\u00a0ulici Mokotowska. Hezk\u00e9 prost\u0159ed\u00ed a dobr\u00e9 j\u00eddlo jen lehce pokazila dlouh\u00e1 \u010dekac\u00ed doba na j\u00eddlo a to i na pol\u00e9vku.<\/p>\n<p>Pro kulturn\u00ed \u00fater\u00fd 13.11.2018 napsala Lucie.<\/p>\n<p><a href=\"https:\/\/photos.app.goo.gl\/LrM9pZiyfzNpwevn6\">M\u016f\u017eete se tak\u00e9 pod\u00edvat na ostatn\u00ed fotografie<\/a><\/p>\n","protected":false},"excerpt":{"rendered":"<p>Prvn\u00ed listopadov\u00e9 kulturn\u00ed \u00fater\u00fd za\u010dalo jako obvykle p\u0159\u00edjemn\u00fdm posezen\u00edm u Dany. J\u00e1 se tohoto posezen\u00ed bohu\u017eel\u00a0tentokr\u00e1t nez\u00fa\u010dastnila a s ostatn\u00edmi jsem se se\u0161la a\u017e v parku\u00a0\u0141azienki Kr\u00f3lewskie, kde na\u0161\u00edm prvn\u00edm c\u00edlem byla v\u00fdstava Blask order\u00f3w w 100-lecie odzyskania niepodleg\u0142o\u015bci v\u011bnovan\u00e1 polsk\u00fdm \u0159\u00e1d\u016fm. Ty byly, jak n\u00e1zev napov\u00edd\u00e1, vystaveny v\u00a0souvislosti se stolet\u00fdm v\u00fdro\u010d\u00edm polsk\u00e9 nez\u00e1vislosti a [&hellip;]<\/p>\n","protected":false},"author":2,"featured_media":0,"comment_status":"open","ping_status":"closed","sticky":false,"template":"","format":"standard","meta":{"ngg_post_thumbnail":0,"footnotes":""},"categories":[2],"tags":[],"class_list":["post-5249","post","type-post","status-publish","format-standard","hentry","category-kulturni-ctvrtky"],"_links":{"self":[{"href":"https:\/\/www.infopoint.cz\/polsko\/wp-json\/wp\/v2\/posts\/5249","targetHints":{"allow":["GET"]}}],"collection":[{"href":"https:\/\/www.infopoint.cz\/polsko\/wp-json\/wp\/v2\/posts"}],"about":[{"href":"https:\/\/www.infopoint.cz\/polsko\/wp-json\/wp\/v2\/types\/post"}],"author":[{"embeddable":true,"href":"https:\/\/www.infopoint.cz\/polsko\/wp-json\/wp\/v2\/users\/2"}],"replies":[{"embeddable":true,"href":"https:\/\/www.infopoint.cz\/polsko\/wp-json\/wp\/v2\/comments?post=5249"}],"version-history":[{"count":11,"href":"https:\/\/www.infopoint.cz\/polsko\/wp-json\/wp\/v2\/posts\/5249\/revisions"}],"predecessor-version":[{"id":5529,"href":"https:\/\/www.infopoint.cz\/polsko\/wp-json\/wp\/v2\/posts\/5249\/revisions\/5529"}],"wp:attachment":[{"href":"https:\/\/www.infopoint.cz\/polsko\/wp-json\/wp\/v2\/media?parent=5249"}],"wp:term":[{"taxonomy":"category","embeddable":true,"href":"https:\/\/www.infopoint.cz\/polsko\/wp-json\/wp\/v2\/categories?post=5249"},{"taxonomy":"post_tag","embeddable":true,"href":"https:\/\/www.infopoint.cz\/polsko\/wp-json\/wp\/v2\/tags?post=5249"}],"curies":[{"name":"wp","href":"https:\/\/api.w.org\/{rel}","templated":true}]}}