{"id":5252,"date":"2018-10-16T15:04:35","date_gmt":"2018-10-16T13:04:35","guid":{"rendered":"https:\/\/www.infopoint.cz\/polsko\/?p=5252"},"modified":"2019-10-02T22:44:18","modified_gmt":"2019-10-02T20:44:18","slug":"zahrady-na-strese-knihovny","status":"publish","type":"post","link":"https:\/\/www.infopoint.cz\/polsko\/zahrady-na-strese-knihovny\/","title":{"rendered":"Zahrady na st\u0159e\u0161e knihovny"},"content":{"rendered":"<div id=\"m_-1682725070753709047yui_3_16_0_ym19_1_1544007527459_2643\">\n<p>Dnes n\u00e1s \u010dekal n\u00e1dhern\u00fd den, nejenom proto, \u017ee si zase spole\u010dn\u011b pokec\u00e1me, ale i proto, \u017ee kr\u00e1sn\u00e9 slune\u010dn\u00e9 po\u010das\u00ed je\u0161t\u011b na\u0161t\u011bst\u00ed nekon\u010d\u00ed.<\/p>\n<p>Tak\u017ee dnes \u017e\u00e1dn\u00e9 muzeum (sychrav\u00e9 dny je\u0161t\u011b p\u0159ijdou), ale v\u00fdlet do \u201ep\u0159\u00edrody\u201c Var\u0161avy.<\/p>\n<p>Dal\u0161\u00ed slun\u00ed\u010dko n\u00e1s ale \u010dekalo hned r\u00e1no u Dany na na\u0161em tradi\u010dn\u00edm srazu u kaf\u00ed\u010dka a b\u00edl\u00e9ho \u010daje- p\u0159i\u0161la mezi n\u00e1s Lucka- nov\u00e1 doufejme kamar\u00e1dka, kter\u00e1 se i s\u00a0rodinou p\u0159ist\u011bhovala do Var\u0161avy letos v\u00a0z\u00e1\u0159\u00ed. Tak\u017ee jsme ji hned podrobn\u011b vyzpov\u00eddaly a shodly se na tom (\u201etajn\u011b\u201c, ale nejsou to drby..), \u017ee je \u201e\u00fapln\u011b norm\u00e1ln\u00ed\u201c a bez probl\u00e9mu mezi n\u00e1s zapadne.<\/p>\n<p><img loading=\"lazy\" decoding=\"async\" class=\"SzDcob alignleft\" src=\"https:\/\/lh3.googleusercontent.com\/iZCMCTYhtvjF_VL3v-VF1vS08VsEFsyqRFdvDPGIzIjrrCOGKvb7byBKPxhgTL-bSKknHLcxj_-5h1z8Rm-9PQsbCfP0VvqXT0KvPLi8VJXB42UlyZy504g0cr-SdUcnapO9qzbx0F8PUnn6hXoKwoutvYAKEFVdxYmiJ8Bgwt6jQOD2pzJrXzv30mDSft2DD49N-kVy7v3tk9NNzhqozcrJMZLYJQlpW2zi28w36fY4a5Jx3kntW4_jFYHUWnzeZRnAqbwXyrlTlVra7cwrQLzjazhW7dSNt3r6E6xaP2eviTR2pB-GLIsNnzqJL0xg7RnXX8wOKMZ1vp80r7idRuqgX_VF3k-88XpqfvRMrNfn31qI4Dh8KGUZ42W7AbA9c4rGErPNw63_BJLJWGWDtOwXj4wIK8dEj_IVJ3qBpeGNkfyleev9fYzSjnftUvJd8JJ0RW0Zy14wFOD5EMlwocEOEJASf_lAiu6dZQ9PBU1xjrmA4XT7dXczD_sr-xvA7iPBSfV47tp-M1g0ONzrBC3RcwXWjjur9L_waA7u-4BgSKnge63TBEjQVfO9PfL3XxFutgJ3u-Y_DauP787TxCHqnE9_3z_LMsTvthaNLVIPXC79MvWCDD4zytZJ0HzRhcDenJAZl734uvu8Bf_nmKkrw2OjWmKAcrC9nsP-Iehbqku2Mulcfg=w895-h671-no\" width=\"300\" height=\"615\" aria-label=\"Fotka \u2013 Na \u0161\u00ed\u0159ku \u2013 16. 10. 2018 11:48:15\" \/><\/p>\n<p>Dal\u0161\u00ed novinkou dne\u0161n\u00edho dne byla volba dopravn\u00edho prost\u0159edku- Dana jako p\u0159\u00edznivce v\u0161eho nov\u00e9ho st\u00e1hla aplikaci Panek &#8211; velmi v\u00fdhodn\u00e9 p\u016fj\u010dovny mal\u00fdch elektrick\u00fdch aut. Dnes tedy \u017e\u00e1dn\u00fd autobus, ale luxusn\u00ed j\u00edzda v\u00a0mal\u00e9m b\u00edl\u00e9m aut\u00ed\u010dku (je n\u00e1s dnes p\u011bt, Maria nemohla bohu\u017eel p\u0159ij\u00edt, tak\u017ee se vejdeme).<\/p>\n<p>Parkujeme u univerzitn\u00ed knihovny Biblioteka Uniwersytecka (<a href=\"https:\/\/www.buw.uw.edu.pl\/\">https:\/\/www.buw.uw.edu.pl\/<\/a>) a jdeme proch\u00e1zet kr\u00e1sn\u00fdmi zahradami- nejenom v\u00a0okol\u00ed t\u00e9to velmi popul\u00e1rn\u00ed 200 let star\u00e9 budovy, ale i na jej\u00ed st\u0159e\u0161e. Travi\u010dka je je\u0161t\u011b kr\u00e1sn\u011b zelen\u00e1, ale na listech strom\u016f u\u017e je podzim vid\u011bt.<img loading=\"lazy\" decoding=\"async\" class=\"SzDcob alignright\" src=\"https:\/\/lh3.googleusercontent.com\/ndIQwsgAlWpK4QvMGfghd0JV8GQLtO5IRQyHQmvYBR2PRPlzlY5TcvPIq9cWIsYwBGar8JuutdNkroEIu8Feh-jCDlUTohDoPLUThDLDw28eUc5zQHbqOZzxd8lfgROvkpUx_x4t5Uxim1IstehLQGls6a3d_onMPlmox1FemsF5XfGcw5tvivTtF-hW3B9O-vFzN5bQFPtv85LnJP0458SF6VLmOYjqcpLhEf2GmDW40rbAdFgfVVBYu5TZqVwH9OyNw-ByIcBw8ePOaMDCRGmXeYdFPET23oWb65sy7kWvSBBB2xF7ZLrrzdEjnCE6H6EfifXbPB5HubLCTGzA52x1yBZEwlhLwZxaWpfiJ11JhABpv7wlfpvFQ4rJBP-C0J6r2y1YR-kNGOXychU8D-KmJLcT-bi1mhlC_9E9ULxiE37t0csCqxIriAe3_OZaVU9o-uJxhRvfA8zjRZldtKKLmlLmdd9Ly_q6h9xBg9Ve-MpPeK1pnHnbp_mqBM3PaOvvXb5M4c__iflmZNdqp1bt59pIU0H-RwcmDfx6R_302AHkt5lOdywLVgxeJ3UmGastcUd-TzQU0FsM1RqGx95Ut9XjDWThskr4pKJ5UAP-kFBUR5j-y0EOh5pUwEV7Z0Po6aYGfc1Y99u3DO3HSzRQ-VuJATPZuj7_hDbcTjp2FlAYVts-Bg=w895-h671-no\" width=\"300\" height=\"615\" aria-label=\"Fotka \u2013 Na \u0161\u00ed\u0159ku \u2013 16. 10. 2018 11:49:23\" \/><\/p>\n<p>Hned naproti p\u0159es ulici je pak men\u0161\u00ed zahrada s\u00a0n\u00e1dhern\u00fdm v\u00fdhledem na budov\u011b sou\u010dasn\u00e9 &#8211; na V\u011bdeck\u00e9m centru a planet\u00e1riu Kopernik (<a href=\"http:\/\/www.kopernik.org.pl\/\">http:\/\/www.kopernik.org.pl\/<\/a>).<\/p>\n<p>A proto\u017ee je st\u00e1le kr\u00e1sn\u011b (dokonce i na chv\u00edli sund\u00e1me bundy), p\u016fj\u010dujeme na\u0161e obl\u00edben\u00e1 kola firmy Veturilo a proj\u00ed\u017ed\u00edme parkem okolo ulice Rozbrat, nesm\u00edme vynechat vyjime\u010dn\u00fd pal\u00e1cov\u00fd are\u00e1l obklopen\u00fd parkem s\u00a0veverkami Lazienki Krolewskie (<a href=\"https:\/\/www.lazienki-krolewskie.pl\/pl\">https:\/\/www.lazienki-krolewskie.pl\/pl<\/a>). V\u00fdbornou n\u00e1ladu n\u00e1m tu ani nezkaz\u00ed str\u00e1\u017en\u00edk p\u0159ed parkovi\u0161t\u011bm vjezdu, kter\u00fd n\u00e1s nep\u011bkn\u011b vyz\u00fdv\u00e1, abychom na kole nejezdily, ale vedly ho vedle sebe.<\/p>\n<p>Tradi\u010dn\u00ed t\u0159e\u0161ni\u010dka na dortu v\u00a0podob\u011b v\u00fdborn\u00e9ho ob\u011bda je dnes v\u00a0restauraci Na Lato <a href=\"https:\/\/www.na-lato.com\/\">https:\/\/www.na-lato.com\/<\/a>, kde se raduje nejenom n\u00e1\u0161 \u017ealudek, ale op\u011bt i o\u010di a du\u0161e &#8211; v\u00fdhled do zelen\u011b se st\u00e1le- zvl\u00e1\u0161t\u011b pak v\u00a0polovin\u011b \u0159\u00edjna- neomrz\u00ed.<img loading=\"lazy\" decoding=\"async\" class=\"SzDcob\" src=\"https:\/\/lh3.googleusercontent.com\/OfgwHXF_UINhejrsHsbtTZA9zB9QBbT8beQ-Pkws6LU0em5OranbqGqNTGkDuP8ICNOKGeTi-g_EfFuzRQAV_U2CTN4pzy9HINryDF_MeNKmiokrtTWaMdyRjMwC2GHfUxkw5vUgYZheX1c41wq5IN5jhQsrWs85Siw2jbb4Ri8hQpGcBQcGHwG6vtaQkQSoeaooA32Q9sZ6DSYfwhbvi-J0Z5i5GAr1a5_WnSqje1hyBy3_a6ibFgwpn4WzLFNRoQooZAz4CN2CL6T_GQoHFWkMe_IlGv1Ne_5g9F0dE8Qcdu7fmlRFQ__e2s7Fl1jur-9thMMZmtWTSPrG9hJfv6kAOuWDjes7KcNPU6zCwyfvPCleNYDmPM26cyQBZDofdkZy7fnI-jHkisPE7l6kBmECAcNJWya8H0LwmY7cYdBJ7C1oVQl-BXHFe0eibkFynQnLDUNc_jlhCY24-KosMaNGrQRSUzfCJWjWAAx0sDCixi9bypIihLv0bMnzXaVi4qGznut6TjrdptzAHMY2XjyjUpTdcoxw1e7UMlrgOxK0_dLIrXW8jPd3QTZz5x11oz5DBfduk_8DF1uL5JysuviB-hKyxIf9n2rhY_81BSd0CzzLIQylPaBnuCVob0686F1X8T4ZeJv-CQVBVeuepDanPP1HQgw5cXhIt9Uil05dpSCDJET-fQ=w902-h671-no\" width=\"826\" height=\"615\" aria-label=\"Fotka \u2013 Na \u0161\u00ed\u0159ku \u2013 16. 10. 2018 13:30:15\" \/><\/p>\n<p>Tak a\u0165 n\u00e1m to slun\u00ed\u010dko vydr\u017e\u00ed co nejd\u00e9le! No a taky a\u0165 se s\u00a0n\u00e1mi Lucce l\u00edb\u00ed a vz\u00e1jemn\u011b se obohacujeme\u2026<\/p>\n<p><img loading=\"lazy\" decoding=\"async\" class=\"SzDcob\" src=\"https:\/\/lh3.googleusercontent.com\/WO_IPPlPKg5ygsfBJeH8MErEFLL230aVETTd-G_1H2RMAu9iDtSqh_LR27RnVwIdVWkUNzNvwM8Q7_LY-I1NpkT9MuBb7ndfhNL7edT14EJpxByKcYCPUQsk2LlEGSxa8B9klMe5dUE2oOMIYhqalJC07rsAm8-AdQCJV8WbgTeEj3e9KnTMrrU7NLJRFX-anYK2of4nM_OWYKAFjYG3IH2xsA22bp1HwFNoC0rU3mZUUBuN5AhKYeWz6KvftMm58sqmSFX3AzLKdr318cbI-7dxa81ABf7vy-owqqpch8XXaJriNgbBlUAI5e8E6PlIrU7rP6pIQl_pb-zvLIF8J9YB9SicTrr1G7qp_D5EbUmWmfbf4wesjDtkOXJBcYiIyLkSUSce4-lH8McdQx7egoRkfk0Ag8cW7fpyh8atr-i-h-PdNCBNMQG1aR2TFHKijk_oMCDUcoYPC1PBwR1ZcrKVOh3DCXrq9PFE9dg29cmdLaD6_gH8A-jRnxM5oVg-S0BlXYJ1E6qblUku17Gh8wOHUasfJvZVFU2RssYQn6aZDm5M_wHxToBKq26ZMGIqwpJia8hWZHvzAmYB1qxwijSdhGvxHpfHXrGNjlRlvcxk1SWO8v6VogvZz_NY15OAfH67vf2dhWKrHNMHPcuODTkNQmwFzyJSOEh6miPuvpTOFjtYRwHJVw=w836-h671-no\" width=\"766\" height=\"615\" aria-label=\"Fotka \u2013 Na \u0161\u00ed\u0159ku \u2013 16. 10. 2018 11:36:55\" \/><\/p>\n<p>Pro <a href=\"https:\/\/www.infopoint.cz\/polsko\/category\/kulturni-ctvrtky\/\">kulturn\u00ed \u010dtvrtek<\/a> 16.10.2018, napsala Monika<span id=\"m_-1682725070753709047yui_3_16_0_ym19_1_1544007527459_2644\"><br \/>\n<\/span><\/p>\n<p><a href=\"https:\/\/photos.app.goo.gl\/rvUn6WL4sm8Mbvnw8\">M\u016f\u017eete se tak\u00e9 pod\u00edvat na ostatn\u00ed fotografie<\/a><\/p>\n<\/div>\n","protected":false},"excerpt":{"rendered":"<p>Dnes n\u00e1s \u010dekal n\u00e1dhern\u00fd den, nejenom proto, \u017ee si zase spole\u010dn\u011b pokec\u00e1me, ale i proto, \u017ee kr\u00e1sn\u00e9 slune\u010dn\u00e9 po\u010das\u00ed je\u0161t\u011b na\u0161t\u011bst\u00ed nekon\u010d\u00ed. Tak\u017ee dnes \u017e\u00e1dn\u00e9 muzeum (sychrav\u00e9 dny je\u0161t\u011b p\u0159ijdou), ale v\u00fdlet do \u201ep\u0159\u00edrody\u201c Var\u0161avy. Dal\u0161\u00ed slun\u00ed\u010dko n\u00e1s ale \u010dekalo hned r\u00e1no u Dany na na\u0161em tradi\u010dn\u00edm srazu u kaf\u00ed\u010dka a b\u00edl\u00e9ho \u010daje- p\u0159i\u0161la mezi [&hellip;]<\/p>\n","protected":false},"author":2,"featured_media":0,"comment_status":"open","ping_status":"closed","sticky":false,"template":"","format":"standard","meta":{"ngg_post_thumbnail":0,"footnotes":""},"categories":[2],"tags":[],"class_list":["post-5252","post","type-post","status-publish","format-standard","hentry","category-kulturni-ctvrtky"],"_links":{"self":[{"href":"https:\/\/www.infopoint.cz\/polsko\/wp-json\/wp\/v2\/posts\/5252","targetHints":{"allow":["GET"]}}],"collection":[{"href":"https:\/\/www.infopoint.cz\/polsko\/wp-json\/wp\/v2\/posts"}],"about":[{"href":"https:\/\/www.infopoint.cz\/polsko\/wp-json\/wp\/v2\/types\/post"}],"author":[{"embeddable":true,"href":"https:\/\/www.infopoint.cz\/polsko\/wp-json\/wp\/v2\/users\/2"}],"replies":[{"embeddable":true,"href":"https:\/\/www.infopoint.cz\/polsko\/wp-json\/wp\/v2\/comments?post=5252"}],"version-history":[{"count":8,"href":"https:\/\/www.infopoint.cz\/polsko\/wp-json\/wp\/v2\/posts\/5252\/revisions"}],"predecessor-version":[{"id":5626,"href":"https:\/\/www.infopoint.cz\/polsko\/wp-json\/wp\/v2\/posts\/5252\/revisions\/5626"}],"wp:attachment":[{"href":"https:\/\/www.infopoint.cz\/polsko\/wp-json\/wp\/v2\/media?parent=5252"}],"wp:term":[{"taxonomy":"category","embeddable":true,"href":"https:\/\/www.infopoint.cz\/polsko\/wp-json\/wp\/v2\/categories?post=5252"},{"taxonomy":"post_tag","embeddable":true,"href":"https:\/\/www.infopoint.cz\/polsko\/wp-json\/wp\/v2\/tags?post=5252"}],"curies":[{"name":"wp","href":"https:\/\/api.w.org\/{rel}","templated":true}]}}