{"id":5274,"date":"2018-12-12T15:21:05","date_gmt":"2018-12-12T14:21:05","guid":{"rendered":"https:\/\/www.infopoint.cz\/polsko\/?p=5274"},"modified":"2020-01-30T20:10:05","modified_gmt":"2020-01-30T19:10:05","slug":"muzeum-moderniho-umeni-muzeum-nad-wisla-cast-prvni","status":"publish","type":"post","link":"https:\/\/www.infopoint.cz\/polsko\/muzeum-moderniho-umeni-muzeum-nad-wisla-cast-prvni\/","title":{"rendered":"Muzeum modern\u00edho um\u011bn\u00ed &#8211; Muzeum Nad Wis\u0142\u0105 &#8211; \u010d\u00e1st prvn\u00ed"},"content":{"rendered":"<div>Pochmurn\u00e9 r\u00e1no ani teploty m\u00edrn\u011b pod nulou n\u00e1s neodradily od \u00famyslu podniknout v tomto kalend\u00e1\u0159n\u00edm roce na\u0161\u00ed posledn\u00ed spole\u010dnou v\u00fdpravu za kulturou.<\/div>\n<div>\u00a0<\/div>\n<div>Vzhledem k tomu, \u017ee odjezd na v\u00e1no\u010dn\u00ed pr\u00e1zdniny se opravdu nezadr\u017eiteln\u011b\u00a0bl\u00ed\u017e\u00ed, ne \u00fapln\u011b v\u0161ichni se mohli dostavit. Spole\u010dn\u011b posn\u00eddat v \u00fatuln\u00e9 kav\u00e1rn\u011b Kafka nedaleko \u0159eky a Muzea modern\u00edho um\u011bn\u00ed se uk\u00e1zalo jako v\u00fdborn\u00fd n\u00e1pad.<\/div>\n<div>\u00a0<\/div>\n<div>V budov\u011b Muzea modern\u00edho um\u011bn\u00ed na b\u0159ehu Visly u\u017e jsme byli n\u011bkolikr\u00e1t. Dnes jsme zav\u00edtali na v\u00fdstavu <span lang=\"CS\">\u201eNiepodleg\u0142e. Kobiety a\u00a0dyskurs narodowy\u201d\u00a0<\/span>v\u011bnovanou \u017een\u00e1m a jejich podce\u0148ovan\u00e9 roli v historick\u00fdch boj\u00edch za svobodu a nez\u00e1vislost na r\u016fzn\u00fdch kontinentech &#8211; zkr\u00e1tka n\u011bco pro n\u00e1s.<\/div>\n<div>\u00a0<\/div>\n<div>Hned u vchodu jsme byli nesm\u00edrn\u011b mile p\u0159ekvapeni mo\u017enost\u00ed absolvovat prohl\u00eddku s pr\u016fvodkyn\u00ed bez p\u0159edchoz\u00ed rezervace. \u00da\u017easn\u00e1 d\u00e1ma se n\u00e1s okam\u017eit\u011b v\u0159ele ujala a my se u\u017e jen nechali un\u00e1\u0161et jej\u00edm vypr\u00e1v\u011bn\u00edm.<\/div>\n<div>\u00a0<\/div>\n<div>V\u00fdstavu uv\u00e1d\u00ed d\u00edlo Paw\u0142a Bowika <em>Rewers 8<\/em> zobrazuj\u00edc\u00ed kab\u00e1tec mar\u0161\u00e1la Pi\u0142sudsk\u00e9ho symbolicky p\u0159evr\u00e1cen\u00fd na ruby. Pokra\u010duje zm\u00ednkou o Rose Luxemburgov\u00e9 &#8211; marxistick\u00e9 teoreti\u010dce polsk\u00e9ho p\u016fvodu, kterou n\u00e1m m\u016f\u017ee p\u0159ipomenout nap\u0159\u00edklad jej\u00ed cit\u00e1t \u201eSvoboda je v\u017edy svobodou jinak sm\u00fd\u0161lej\u00edc\u00edho\u201c. \u017denu jako symbol revoluce p\u0159edstavuje\u00a0<em>Lady Rosa of Luxembourg<\/em> od\u00a0Sanji Ivekovi\u0107, kter\u00e1 je\u00a0alegori\u00ed\u00a0k monumentu\u00a0<em>G\u00eblle Fra (Golden lady)<\/em> v Lucemburku. Pohr\u00e1v\u00e1n\u00ed si s dvoj\u00edm v\u00fdznamem slova &#8222;Race&#8220; je pot\u00e9 vyobrazeno v d\u00edle Lubainy Himid, kter\u00e1 pou\u017eila jako n\u00e1m\u011bt obraz Pabla Picassa <em>\u017deny b\u011b\u017e\u00edc\u00ed po pl\u00e1\u017ei<\/em>.<img loading=\"lazy\" decoding=\"async\" class=\"SzDcob\" src=\"https:\/\/lh3.googleusercontent.com\/x8pEjeoqj6klUuxwpiYPO52U5_XVqEeOLl-1-GVigOeokdMGmGPkaskExYK49pdT7Gwk4ifU5Px-nrxpJlVb2UzcyQZRrfG98ZlJ7MHRMXpA-5xF2awdq-UT9cSLnGX3uP18mZ3q7U_AEnNk-MP7q_bHVodJQADr6v8eSVBu2mDgP_QndhYAU3dNQ7GelGzgHOCMLJFmtnEkyZypOxD3EZXauanpqmblzQNIbCY63ZIcbxFjfHdSfVmcVCBtAdVh291SgC3csYeys-lBGETgUvfXB0-AtFze_6_n7hzufY6dVsbz6uc9GTUJBvPVWiF4NlfZ1mDNtZPUGqpewO4WfwQ2u5eppnZCtBCK-a_WmDOmnApuTiya6jQokTGOR5OXCXomY7pQzLmKfZQHm9HIgwtyzhnTn8TtUgP41UZ8cZioQ0A7LhnMrBUtCxB3giwW5xBIGzmD8BpC9Bl--j0fDdk-W1l4Iwdvqqvj0MGBcJaPnjOgXb3ccukpvJ_2IpLA-nUiV09kdHwAfwrWgLgcwZnO6lH7hhVIfgd1bMkCL5DJu2Fq3m_RpxPyImdfSS7CvLaVghzElPtwVT3iab1qjiJzoFQel4d9L6z4cxi5YQsz0By6yYzgKeodxa9NoXUhTf5-CEzsB8FzLgeI6G3A9fGB3M8LM_oiTOc80ylSJAjh4-TYdHWnvCLG9f2we7Q7swFjYWWR5Dy7VsrN8oNkayjozw=w1600-h900-no\" width=\"1600\" height=\"900\" \/><\/div>\n<div>\u00a0<\/div>\n<div>Z\u016fstali bychom ur\u010dit\u011b d\u00e9le, ale \u010das n\u00e1s trochu tla\u010dil. Vid\u011bli jsme opravdu jen malou \u010d\u00e1st v\u00fdstavy a z\u016fstalo je\u0161t\u011b mnoho ot\u00e1zek.<\/div>\n<div>Nevad\u00ed, mysleli jsme i na ostatn\u00ed a u\u017e m\u00e1me domluvenou dal\u0161\u00ed prohl\u00eddku hned na za\u010d\u00e1tek p\u0159\u00ed\u0161t\u00edho roku.<\/div>\n<div>Tak\u017ee nezapome\u0148te dorazit!<\/div>\n<div>\u00a0<\/div>\n<div>Ob\u011bd jsme si vychutnali v na\u0161\u00ed obl\u00edben\u00e9 Dziurce od klucza, kde se v\u0161echny n\u00e1mi vybran\u00e9 pokrmy a dezerty daj\u00ed ohodnotit op\u011bt jen nejvy\u0161\u0161\u00edm mo\u017en\u00fdm po\u010dtem bod\u016f.<\/div>\n<div>\u00a0<\/div>\n<div>Rok je u konce a my se velmi t\u011b\u0161\u00edme, jak\u00e1 kulturn\u00ed p\u0159ekvapen\u00ed si pro n\u00e1s Var\u0161ava p\u0159iprav\u00ed na ten nadch\u00e1zej\u00edc\u00ed.<\/div>\n<div>\u00a0<\/div>\n<div>Na vid\u011bnou v nov\u00e9m roce 2019, a\u0165 je i ten V\u00e1\u0161 pln\u00fd v\u00fdjime\u010dn\u00fdch p\u0159\u00e1tel.<\/div>\n<div>\u00a0<\/div>\n<div>Zdrav\u00edme V\u00e1s v\u0161echny a t\u011b\u0161\u00edme se na nov\u00e9 tv\u00e1\u0159e.<\/div>\n<div>\u00a0<\/div>\n<div>\n<div>A komu zv\u011bdavost ned\u00e1, m\u016f\u017ee se p\u0159edem p\u0159ipravit na druhou \u010d\u00e1st v\u00fdstavy, kter\u00e1 se uskute\u010dn\u00ed 15.1.:<\/div>\n<div><a class=\"m_-2330225095861772146link-extern\" href=\"https:\/\/artmuseum.pl\/en\/wystawy\/niepodlegle\" target=\"_blank\" rel=\"noopener noreferrer\">https:\/\/artmuseum.pl\/en\/wystawy\/niepodlegle<\/a><\/div>\n<div>\u00a0<\/div>\n<div>Fotografie dod\u00e1me v lednu!<\/div>\n<\/div>\n<div>\u00a0<\/div>\n<div>\n<div id=\"m_-1682725070753709047yui_3_16_0_ym19_1_1544007527459_2643\">\n<p>Pro <a href=\"https:\/\/www.infopoint.cz\/polsko\/category\/kulturni-ctvrtky\/\">kulturn\u00ed \u010dtvrtek<\/a> 11.12.2018<span id=\"m_-1682725070753709047yui_3_16_0_ym19_1_1544007527459_2644\">, napsala Margita<\/span><\/p>\n<p><a href=\"https:\/\/photos.app.goo.gl\/WTtDY5zkjyDpKWrk8\">M\u016f\u017eete se tak\u00e9 pod\u00edvat na ostatn\u00ed fotografie\u00a0<\/a><\/p>\n<\/div>\n<\/div>\n\n","protected":false},"excerpt":{"rendered":"<p>Pochmurn\u00e9 r\u00e1no ani teploty m\u00edrn\u011b pod nulou n\u00e1s neodradily od \u00famyslu podniknout v tomto kalend\u00e1\u0159n\u00edm roce na\u0161\u00ed posledn\u00ed spole\u010dnou v\u00fdpravu za kulturou. \u00a0 Vzhledem k tomu, \u017ee odjezd na v\u00e1no\u010dn\u00ed pr\u00e1zdniny se opravdu nezadr\u017eiteln\u011b\u00a0bl\u00ed\u017e\u00ed, ne \u00fapln\u011b v\u0161ichni se mohli dostavit. Spole\u010dn\u011b posn\u00eddat v \u00fatuln\u00e9 kav\u00e1rn\u011b Kafka nedaleko \u0159eky a Muzea modern\u00edho um\u011bn\u00ed se uk\u00e1zalo jako [&hellip;]<\/p>\n","protected":false},"author":2,"featured_media":0,"comment_status":"open","ping_status":"closed","sticky":false,"template":"","format":"standard","meta":{"ngg_post_thumbnail":0,"footnotes":""},"categories":[2],"tags":[],"class_list":["post-5274","post","type-post","status-publish","format-standard","hentry","category-kulturni-ctvrtky"],"_links":{"self":[{"href":"https:\/\/www.infopoint.cz\/polsko\/wp-json\/wp\/v2\/posts\/5274","targetHints":{"allow":["GET"]}}],"collection":[{"href":"https:\/\/www.infopoint.cz\/polsko\/wp-json\/wp\/v2\/posts"}],"about":[{"href":"https:\/\/www.infopoint.cz\/polsko\/wp-json\/wp\/v2\/types\/post"}],"author":[{"embeddable":true,"href":"https:\/\/www.infopoint.cz\/polsko\/wp-json\/wp\/v2\/users\/2"}],"replies":[{"embeddable":true,"href":"https:\/\/www.infopoint.cz\/polsko\/wp-json\/wp\/v2\/comments?post=5274"}],"version-history":[{"count":5,"href":"https:\/\/www.infopoint.cz\/polsko\/wp-json\/wp\/v2\/posts\/5274\/revisions"}],"predecessor-version":[{"id":5642,"href":"https:\/\/www.infopoint.cz\/polsko\/wp-json\/wp\/v2\/posts\/5274\/revisions\/5642"}],"wp:attachment":[{"href":"https:\/\/www.infopoint.cz\/polsko\/wp-json\/wp\/v2\/media?parent=5274"}],"wp:term":[{"taxonomy":"category","embeddable":true,"href":"https:\/\/www.infopoint.cz\/polsko\/wp-json\/wp\/v2\/categories?post=5274"},{"taxonomy":"post_tag","embeddable":true,"href":"https:\/\/www.infopoint.cz\/polsko\/wp-json\/wp\/v2\/tags?post=5274"}],"curies":[{"name":"wp","href":"https:\/\/api.w.org\/{rel}","templated":true}]}}