{"id":5289,"date":"2019-01-30T11:00:36","date_gmt":"2019-01-30T10:00:36","guid":{"rendered":"https:\/\/www.infopoint.cz\/polsko\/?p=5289"},"modified":"2020-01-30T20:18:52","modified_gmt":"2020-01-30T19:18:52","slug":"muzeum-moderniho-umeni-muzeum-nad-wisla-cast-druha","status":"publish","type":"post","link":"https:\/\/www.infopoint.cz\/polsko\/muzeum-moderniho-umeni-muzeum-nad-wisla-cast-druha\/","title":{"rendered":"Muzeum modern\u00edho um\u011bn\u00ed &#8211; Muzeum Nad Wis\u0142\u0105 &#8211; \u010d\u00e1st druh\u00e1"},"content":{"rendered":"<p>Venku byla zima a nevl\u00eddn\u011b, v\u016fbec n\u00e1s to dnes nel\u00e1kalo na proch\u00e1zku po m\u011bst\u011b. Z\u016fstaly jsme tedy v\u00a0teple u \u010daje a k\u00e1vy a s\u00a0neobvykl\u00fdm zpo\u017ed\u011bn\u00edm jsme vyjely autem do Muzea nad Wislou. Tam jsme si ji\u017e p\u0159ed v\u00e1no\u010dn\u00edmi pr\u00e1zdninami domluvily dokon\u010den\u00ed prohl\u00eddky po v\u00fdstav\u011b NIEPODLEG\u0141E.<\/p>\n<p>Prosinec 2018-leden 2019<\/p>\n<p>Pan\u00ed Jolanta, na\u0161e pr\u016fvodkyn\u011b, kter\u00e1 na n\u00e1s ji\u017e v\u00a0prav\u00e9 poledne \u010dekala, je neoby\u010dejn\u00e1 \u017eena. S\u00a0velkou bravurou a znalost\u00ed v\u011bci n\u00e1s p\u0159\u00edmo vt\u00e1hla do \u017eivot\u016f neoby\u010dejn\u00fdch \u017een, kter\u00e9 byly tv\u016frkyn\u011bmi \u010di inspirac\u00ed vystaven\u00fdch d\u011bl.<\/p>\n<p>T\u00fdkala se jak osobnost\u00ed s polsk\u00fdmi ko\u0159eny (R\u016f\u017ea Luxemburgov\u00e1), tak i state\u010dn\u00fdch bojovnic za nez\u00e1vislost z\u00a0Afriky, Chorvatska \u010di \u0160pan\u011blska. Byla to vlastn\u011b takov\u00e1 kulturn\u00ed p\u0159edn\u00e1\u0161ka o d\u011bjin\u00e1ch um\u011bn\u00ed a geopolitice minul\u00e9ho stolet\u00ed. Moc zaj\u00edmav\u00e9.<\/p>\n<p>\u010c\u00e1st v\u00fdstavy byla v\u011bnov\u00e1na t\u00e9matu v\u00a0Polsku v\u00edce ne\u017e aktu\u00e1ln\u00edmu &#8211; potratov\u00e9 politice. <img loading=\"lazy\" decoding=\"async\" class=\"SzDcob\" src=\"https:\/\/lh3.googleusercontent.com\/iRaskfIj9zMQ7Dlw_xyBYlwHd8WRZY2vJy641gW2b-T3R7Mv-RasqGjBeIGROvQGP-34TXvR1Rsv760ZaPq8jdgtXwaE3X1buLcnM7P14lIKi14TF8NRxF-noP0x5vOw7oZiklFBq2eoAuyRjpW0Btu9U35OoO0dZ-xGHa1RvZlGwgzVCGaGeW34Q0YqkW_thac5mG8syDEFv9lY4Fht3W_exHV7vdtrbJWRHY5JNImgDZMLMCYxT57_ZMbGShuLpYaN_aRRmUfUnyLCEqCG21NMoqLii3IUkTECCAAucqrk9eFso4eLcZO2xLyhF7mhmsoGCMErCWWLg_WPpLYsNeIhkLKEgivKXicmasYPoLnCldrksZ-Ss8wuIN5CNYU_8i5AFQJqKAqeLdsj-YSljtsO45A1AJJbCAdtIAPIQiN59jK2buBrWVOwBSCUremSIZu4UnbzqTiupNqkjcUt8fJM_fmpM_d3Kt8kvwgtMrQ0loeok0ExrtA0TWkePRMSu_ulwNwgzhqR0Y-h4oEIhKN3ESZITKbxNJd8YN_Pm4Vm9WInvH0o4uj8Ty3OwfsyAdAYljoS0feX8BOPPLM6Kb0BEZvbDSU5R0nHZ8hITxq6_xeCV1ug56kQvK-hGKLMvFMKxiXfBMoLQ5HxZK7R2mtTTLSDFARLuJwI6ydBbQQUF_Vo6HZydw=s962-no\" width=\"962\" height=\"962\" aria-label=\"Kol\u00e1\u017e \u2013 Fotka \u2013 \u010ctverec \u2013 30. 1. 2020 18:23:15\" data-atf=\"false\" data-iml=\"239198\" \/>Dne\u0161n\u00ed velmi neliber\u00e1ln\u00ed a katolickou c\u00edrkv\u00ed siln\u011b ovlivn\u011bn\u00fd postoj polsk\u00e9ho st\u00e1tu k potrat\u016fm, je celkem nov\u00e1 v\u011bc. K\u00a0na\u0161emu velk\u00e9mu \u00fadivu\u00a0 jsme se dozv\u011bd\u011bli, \u017ee a\u017e v\u00a0devades\u00e1t\u00fdch letech, tedy po konci komunistick\u00e9ho re\u017eimu, p\u0159i\u0161la i tato velk\u00e1 nesvoboda \u017een, omezuj\u00edc\u00ed volbu mate\u0159stv\u00ed, kter\u00e1\u017eto trv\u00e1 dodnes.<\/p>\n<p>Jadwiga Sawicka, <em>God\u2019s Eye \/ Woman\u2019s Body<\/em>,<\/p>\n<p>D\u00edky d\u00edl\u016fm Fridy Orupabo v\u00edme o otci modern\u00ed gynekologie doktoru Jamesovi M. Simsovi a jak velkou cenu p\u0159i jeho objevech musely zaplatit \u010dern\u00e9 otrokyn\u011b, kter\u00e9 pou\u017e\u00edval jako \u00a8pokusn\u00e9 subjekty\u201c. Velmi znepokojuj\u00edc\u00ed.<\/p>\n<p>Plak\u00e1t od Sanji Ivekovi\u0107 n\u00e1s zase p\u0159ivedl k\u00a0tomu, pro\u010d t\u00e9m\u011b\u0159 nikdo nev\u00ed o tom, kdo byly \u017eeny Solidarity, kter\u00e9 cel\u00e9 hnut\u00ed dlouh\u00e1 l\u00e9ta udr\u017eovaly a podporovaly.<\/p>\n<p>V d\u00edle Gen XX zase autorka poukazovala na zapomenut\u00e9 hrdinky druh\u00e9 sv\u011btov\u00e9 v\u00e1lky, partyz\u00e1nky a voja\u010dky. Jejich jm\u00e9na a osudy dala do kontextu s\u00a0dne\u0161n\u00edmi idoly \u2013 supermodelkami.<\/p>\n<p>Po dvouhodinov\u00e9m poutav\u00e9m v\u00fdkladu u\u017e n\u00e1m hlasit\u011b kru\u010delo v\u00a0\u017ealudku, tak\u017ee jsme posledn\u00ed \u010d\u00e1st v\u00fdstavy jenom rychle prol\u00e9tly, pod\u011bkovaly pan\u00ed Jolant\u011b a ut\u00edkaly se naj\u00edst do nedalek\u00e9 Pizzerie Boscaiola. J\u00eddlo bylo v\u00fdborn\u00e9 a rychl\u00e9, co\u017e bylo dob\u0159e, proto\u017ee jsme u\u017e sp\u011bchaly za na\u0161imi dal\u0161\u00edmi povinnostmi.<\/p>\n<p>Pro <a href=\"https:\/\/www.infopoint.cz\/polsko\/category\/kulturni-ctvrtky\/\">kulturn\u00ed \u010dtvrtek<\/a> 15.1.2019<span id=\"m_-1682725070753709047yui_3_16_0_ym19_1_1544007527459_2644\">, napsala Dana<br \/>\n<\/span><\/p>\n<p><a href=\"https:\/\/photos.app.goo.gl\/WTtDY5zkjyDpKWrk8\">Zde se m\u016f\u017eete se pod\u00edvat i na dal\u0161\u00ed fotografie.<\/a><\/p>\n","protected":false},"excerpt":{"rendered":"<p>Venku byla zima a nevl\u00eddn\u011b, v\u016fbec n\u00e1s to dnes nel\u00e1kalo na proch\u00e1zku po m\u011bst\u011b. Z\u016fstaly jsme tedy v\u00a0teple u \u010daje a k\u00e1vy a s\u00a0neobvykl\u00fdm zpo\u017ed\u011bn\u00edm jsme vyjely autem do Muzea nad Wislou. Tam jsme si ji\u017e p\u0159ed v\u00e1no\u010dn\u00edmi pr\u00e1zdninami domluvily dokon\u010den\u00ed prohl\u00eddky po v\u00fdstav\u011b NIEPODLEG\u0141E. Prosinec 2018-leden 2019 Pan\u00ed Jolanta, na\u0161e pr\u016fvodkyn\u011b, kter\u00e1 na n\u00e1s [&hellip;]<\/p>\n","protected":false},"author":67,"featured_media":0,"comment_status":"open","ping_status":"closed","sticky":false,"template":"","format":"image","meta":{"ngg_post_thumbnail":0,"footnotes":""},"categories":[2],"tags":[],"class_list":["post-5289","post","type-post","status-publish","format-image","hentry","category-kulturni-ctvrtky","post_format-post-format-image"],"_links":{"self":[{"href":"https:\/\/www.infopoint.cz\/polsko\/wp-json\/wp\/v2\/posts\/5289","targetHints":{"allow":["GET"]}}],"collection":[{"href":"https:\/\/www.infopoint.cz\/polsko\/wp-json\/wp\/v2\/posts"}],"about":[{"href":"https:\/\/www.infopoint.cz\/polsko\/wp-json\/wp\/v2\/types\/post"}],"author":[{"embeddable":true,"href":"https:\/\/www.infopoint.cz\/polsko\/wp-json\/wp\/v2\/users\/67"}],"replies":[{"embeddable":true,"href":"https:\/\/www.infopoint.cz\/polsko\/wp-json\/wp\/v2\/comments?post=5289"}],"version-history":[{"count":24,"href":"https:\/\/www.infopoint.cz\/polsko\/wp-json\/wp\/v2\/posts\/5289\/revisions"}],"predecessor-version":[{"id":5645,"href":"https:\/\/www.infopoint.cz\/polsko\/wp-json\/wp\/v2\/posts\/5289\/revisions\/5645"}],"wp:attachment":[{"href":"https:\/\/www.infopoint.cz\/polsko\/wp-json\/wp\/v2\/media?parent=5289"}],"wp:term":[{"taxonomy":"category","embeddable":true,"href":"https:\/\/www.infopoint.cz\/polsko\/wp-json\/wp\/v2\/categories?post=5289"},{"taxonomy":"post_tag","embeddable":true,"href":"https:\/\/www.infopoint.cz\/polsko\/wp-json\/wp\/v2\/tags?post=5289"}],"curies":[{"name":"wp","href":"https:\/\/api.w.org\/{rel}","templated":true}]}}