{"id":5298,"date":"2019-01-16T19:39:38","date_gmt":"2019-01-16T18:39:38","guid":{"rendered":"https:\/\/www.infopoint.cz\/polsko\/?p=5298"},"modified":"2020-06-24T09:39:59","modified_gmt":"2020-06-24T07:39:59","slug":"pilsudski-jmenoval-pred-100-lety-polskym-premierem-slavneho-hudebnika","status":"publish","type":"post","link":"https:\/\/www.infopoint.cz\/polsko\/pilsudski-jmenoval-pred-100-lety-polskym-premierem-slavneho-hudebnika\/","title":{"rendered":"Pi\u0142sudski jmenoval p\u0159ed 100 lety polsk\u00fdm premi\u00e9rem slavn\u00e9ho hudebn\u00edka"},"content":{"rendered":"<blockquote><p>16. ledna 1919 se stal polsk\u00fdm premi\u00e9rem skladatel a politik Ignacy Jan Paderewski. Rozhoduj\u00edc\u00ed moc v zemi v\u0161ak dr\u017eel ve sv\u00fdch rukou n\u00e1\u010deln\u00edk polsk\u00e9ho st\u00e1tu J\u00f3zef Pi\u0142sudski.<\/p><\/blockquote>\n<p>Zdroj: <a href=\"https:\/\/www.idnes.cz\/technet\/pred-100-lety\/ignacy-jan-paderewski-ignacy-jan-paderewski.A190116_101016_pred-100-lety_vov\">https:\/\/www.idnes.cz\/technet\/pred-100-lety\/ignacy-jan-paderewski-ignacy-jan-paderewski.A190116_101016_pred-100-lety_vov<\/a><\/p>\n","protected":false},"excerpt":{"rendered":"<p>16. ledna 1919 se stal polsk\u00fdm premi\u00e9rem skladatel a politik Ignacy Jan Paderewski. Rozhoduj\u00edc\u00ed moc v zemi v\u0161ak dr\u017eel ve sv\u00fdch rukou n\u00e1\u010deln\u00edk polsk\u00e9ho st\u00e1tu J\u00f3zef Pi\u0142sudski. Zdroj: https:\/\/www.idnes.cz\/technet\/pred-100-lety\/ignacy-jan-paderewski-ignacy-jan-paderewski.A190116_101016_pred-100-lety_vov<\/p>\n","protected":false},"author":2,"featured_media":0,"comment_status":"closed","ping_status":"closed","sticky":false,"template":"","format":"standard","meta":{"ngg_post_thumbnail":0,"footnotes":""},"categories":[24],"tags":[],"class_list":["post-5298","post","type-post","status-publish","format-standard","hentry","category-zajimavosti"],"_links":{"self":[{"href":"https:\/\/www.infopoint.cz\/polsko\/wp-json\/wp\/v2\/posts\/5298","targetHints":{"allow":["GET"]}}],"collection":[{"href":"https:\/\/www.infopoint.cz\/polsko\/wp-json\/wp\/v2\/posts"}],"about":[{"href":"https:\/\/www.infopoint.cz\/polsko\/wp-json\/wp\/v2\/types\/post"}],"author":[{"embeddable":true,"href":"https:\/\/www.infopoint.cz\/polsko\/wp-json\/wp\/v2\/users\/2"}],"replies":[{"embeddable":true,"href":"https:\/\/www.infopoint.cz\/polsko\/wp-json\/wp\/v2\/comments?post=5298"}],"version-history":[{"count":1,"href":"https:\/\/www.infopoint.cz\/polsko\/wp-json\/wp\/v2\/posts\/5298\/revisions"}],"predecessor-version":[{"id":5299,"href":"https:\/\/www.infopoint.cz\/polsko\/wp-json\/wp\/v2\/posts\/5298\/revisions\/5299"}],"wp:attachment":[{"href":"https:\/\/www.infopoint.cz\/polsko\/wp-json\/wp\/v2\/media?parent=5298"}],"wp:term":[{"taxonomy":"category","embeddable":true,"href":"https:\/\/www.infopoint.cz\/polsko\/wp-json\/wp\/v2\/categories?post=5298"},{"taxonomy":"post_tag","embeddable":true,"href":"https:\/\/www.infopoint.cz\/polsko\/wp-json\/wp\/v2\/tags?post=5298"}],"curies":[{"name":"wp","href":"https:\/\/api.w.org\/{rel}","templated":true}]}}