{"id":5301,"date":"2019-01-23T19:42:31","date_gmt":"2019-01-23T18:42:31","guid":{"rendered":"https:\/\/www.infopoint.cz\/polsko\/?p=5301"},"modified":"2019-01-28T19:46:28","modified_gmt":"2019-01-28T18:46:28","slug":"sedmidenni-valka-o-tesinsko-jitri-emoce-az-do-soucasnosti","status":"publish","type":"post","link":"https:\/\/www.infopoint.cz\/polsko\/sedmidenni-valka-o-tesinsko-jitri-emoce-az-do-soucasnosti\/","title":{"rendered":"Sedmidenn\u00ed v\u00e1lka o T\u011b\u0161\u00ednsko jit\u0159\u00ed emoce a\u017e do sou\u010dasnosti"},"content":{"rendered":"<blockquote><p>Vznik samostatn\u00e9ho \u010deskoslovensk\u00e9ho st\u00e1tu v roce 1918 prov\u00e1zely ostr\u00e9 \u00fazemn\u00ed spory nejen s Ma\u010fary a N\u011bmci, ale tak\u00e9 s Pol\u00e1ky, kte\u0159\u00ed se v t\u00e9 dob\u011b tak\u00e9 do\u010dkali obnovy vlastn\u00edho st\u00e1tu. Spor mezi \u010ceskoslovenskem a Polskem o \u00fazem\u00ed T\u011b\u0161\u00ednska dokonce za\u010d\u00e1tkem roku 1919 p\u0159erostl ve v\u00e1lku, kter\u00e1 si vy\u017e\u00e1dala des\u00edtky lidsk\u00fdch \u017eivot\u016f a na dlouho poznamenala vztahy mezi ob\u011bma zem\u011bmi.<\/p><\/blockquote>\n<p>Zdroj: <a href=\"https:\/\/www.idnes.cz\/technet\/pred-100-lety\/sedmidenni-valka-tesinsko-jitrit-emoce-az-do-soucasnost.A190121_171814_pred-100-lety_heli\">https:\/\/www.idnes.cz\/technet\/pred-100-lety\/sedmidenni-valka-tesinsko-jitrit-emoce-az-do-soucasnost.A190121_171814_pred-100-lety_heli<\/a><\/p>\n","protected":false},"excerpt":{"rendered":"<p>Vznik samostatn\u00e9ho \u010deskoslovensk\u00e9ho st\u00e1tu v roce 1918 prov\u00e1zely ostr\u00e9 \u00fazemn\u00ed spory nejen s Ma\u010fary a N\u011bmci, ale tak\u00e9 s Pol\u00e1ky, kte\u0159\u00ed se v t\u00e9 dob\u011b tak\u00e9 do\u010dkali obnovy vlastn\u00edho st\u00e1tu. Spor mezi \u010ceskoslovenskem a Polskem o \u00fazem\u00ed T\u011b\u0161\u00ednska dokonce za\u010d\u00e1tkem roku 1919 p\u0159erostl ve v\u00e1lku, kter\u00e1 si vy\u017e\u00e1dala des\u00edtky lidsk\u00fdch \u017eivot\u016f a na dlouho poznamenala [&hellip;]<\/p>\n","protected":false},"author":2,"featured_media":0,"comment_status":"open","ping_status":"closed","sticky":false,"template":"","format":"standard","meta":{"ngg_post_thumbnail":0,"footnotes":""},"categories":[24],"tags":[],"class_list":["post-5301","post","type-post","status-publish","format-standard","hentry","category-zajimavosti"],"_links":{"self":[{"href":"https:\/\/www.infopoint.cz\/polsko\/wp-json\/wp\/v2\/posts\/5301","targetHints":{"allow":["GET"]}}],"collection":[{"href":"https:\/\/www.infopoint.cz\/polsko\/wp-json\/wp\/v2\/posts"}],"about":[{"href":"https:\/\/www.infopoint.cz\/polsko\/wp-json\/wp\/v2\/types\/post"}],"author":[{"embeddable":true,"href":"https:\/\/www.infopoint.cz\/polsko\/wp-json\/wp\/v2\/users\/2"}],"replies":[{"embeddable":true,"href":"https:\/\/www.infopoint.cz\/polsko\/wp-json\/wp\/v2\/comments?post=5301"}],"version-history":[{"count":1,"href":"https:\/\/www.infopoint.cz\/polsko\/wp-json\/wp\/v2\/posts\/5301\/revisions"}],"predecessor-version":[{"id":5302,"href":"https:\/\/www.infopoint.cz\/polsko\/wp-json\/wp\/v2\/posts\/5301\/revisions\/5302"}],"wp:attachment":[{"href":"https:\/\/www.infopoint.cz\/polsko\/wp-json\/wp\/v2\/media?parent=5301"}],"wp:term":[{"taxonomy":"category","embeddable":true,"href":"https:\/\/www.infopoint.cz\/polsko\/wp-json\/wp\/v2\/categories?post=5301"},{"taxonomy":"post_tag","embeddable":true,"href":"https:\/\/www.infopoint.cz\/polsko\/wp-json\/wp\/v2\/tags?post=5301"}],"curies":[{"name":"wp","href":"https:\/\/api.w.org\/{rel}","templated":true}]}}