{"id":5322,"date":"2019-01-30T11:15:41","date_gmt":"2019-01-30T10:15:41","guid":{"rendered":"https:\/\/www.infopoint.cz\/polsko\/?p=5322"},"modified":"2020-01-30T20:41:40","modified_gmt":"2020-01-30T19:41:40","slug":"leden-2018-mn-a-vystava-ke-stoleti-nezavislosti-polska","status":"publish","type":"post","link":"https:\/\/www.infopoint.cz\/polsko\/leden-2018-mn-a-vystava-ke-stoleti-nezavislosti-polska\/","title":{"rendered":"Leden 2019 MN a v\u00fdstava ke stolet\u00ed nez\u00e1vislosti Polska"},"content":{"rendered":"<p>Dne\u0161n\u00ed kulturn\u00ed \u00fater\u00fd jsme si op\u011bt zp\u0159\u00edjemnily k\u00e1vou a \u010dajem u Dany a teprve pak jsme vyrazily do<a href=\"http:\/\/(http:\/\/www.mnw.art.pl\"> N\u00e1rodn\u00edho muzea ve Var\u0161av\u011b\u00a0<\/a><\/p>\n<p>Mirka bohu\u017eel tentokr\u00e1t nedorazila a tak p\u0159i\u0161la o prohl\u00eddku v\u00fdstavy <strong>Krzycz\u0105c: Polska! Niepodleg\u0142a 1918<\/strong>. Prov\u00e1d\u011bla n\u00e1s mladi\u010dk\u00e1 a sympatick\u00e1 pr\u016fvodkyn\u011b. V\u00fdstava byla zorganizovan\u00e1 na po\u010dest 100let\u00e9ho v\u00fdro\u010d\u00ed z\u00edsk\u00e1n\u00ed nez\u00e1vislosti Polska.<\/p>\n<p><img loading=\"lazy\" decoding=\"async\" class=\"SzDcob\" src=\"https:\/\/lh3.googleusercontent.com\/9UFWzwuvPbzcrdEeOEZBsaJtMGLZqlNuicEa_L1-PrZpqEZKOS6UHNpCRbb8mdQebWiAVrTyB87lFuSWzrrtMqCtIY3lUemc15eOJwg8lHGy6Afa1R-dI4PAZmtPrzAXgh-5TZYZk0oBv0u2pBGcgJJFLsodadkpIzKET7jQDoQAJw58uDLkAv_ZkKtgRxpNu0q_vxtjZ3tdpXh6v5Zy4xCmxcPNsmpFF-VPOONv-91o0DmFShnc6NEkImxwtXwkZ-qXeV1m55SMhVOwz_DsvTcAMgzgpHY0j7LWaXlp_y_6ABVmPbV5zfmjSIzzpLB3Abscx7TuYTbN6znVZvwwZs3-BGSSIc4Mcb9SsbbcRSk0lRVXyeCkurHyDJd8hhWK1X9G73YigEDTsnip4i4QEydDMKu-ZB5aauqJDX-PrDmRaN9WqTBKp5VP48fbfMYGGNIjypsilvDb4330xX13oxPMkYqT6TSuay1fUDPh_509fEYgsJbaJm5Pj01amRcpXA51phYDMlV-YZv4pCZhpZiHcxFNsCKaCHzExL9pTx07vNqQHXt1yMjGZt0ANkMXeQFAxF1oby8wCF33u7pUcARn_cKn09iWMwlYxmaaWI-uc2pSdEpban87yiUK2ivsu-qNGuUtrXKWUAQUqbxBKWW61sf2JcEmAnPEVvKftC2ur5sWUgvd2A=s962-no\" width=\"962\" height=\"962\" data-atf=\"false\" data-iml=\"1680461\" aria-label=\"Kol\u00e1\u017e \u2013 Fotka \u2013 \u010ctverec \u2013 22. 1. 2019 13:22:18\" \/><\/p>\n<p style=\"text-align: left\">Jej\u00edm hlavn\u00edm z\u00e1m\u011brem bylo konfrontovat historick\u00e9 i politick\u00e9 ud\u00e1losti p\u0159ed 1. sv\u011btovou v\u00e1lkou, b\u011bhem n\u00ed a po n\u00ed nap\u0159\u00ed\u010d v\u0161emi t\u0159emi \u010d\u00e1stmi polsk\u00e9ho \u00fazem\u00ed \u2013 v\u00a0Rusku, Rakousko-Uhersku a Prusku. Toto rozd\u011blen\u00ed zachycoval nap\u0159\u00edklad obraz Panny Marie s\u00a0Je\u017e\u00ed\u0161em, kter\u00fd m\u011bl v\u00a0srdci zabodnut\u00e9 t\u0159i kop\u00ed a jeho\u017e krev tekla t\u0159emi proudy do zlat\u00e9ho kalicha.<\/p>\n<p>V\u00a0prvn\u00ed \u010d\u00e1sti v\u00fdstavy se nach\u00e1zely obrazy spojen\u00e9 s\u00a0obdob\u00edm p\u0159ed 1. sv\u011btovou v\u00e1lkou t\u00fdkaj\u00edc\u00ed se nap\u0159. revoluce v\u00a0roce 1905 v\u00a0Rusku nebo obraz vyjad\u0159uj\u00edc\u00ed bou\u0159i nad Evropou jako p\u0159edzv\u011bst 1. sv\u011btov\u00e9 v\u00e1lky.<\/p>\n<p>Z\u00a0obdob\u00ed v\u00e1lky n\u00e1s zaujal velk\u00fd emotivn\u00ed obraz zapln\u011bn\u00fd z\u00a0velk\u00e9 \u010d\u00e1sti lidmi prchaj\u00edc\u00edmi p\u0159ed v\u00e1lkou nebo tapeta na zdi, na kter\u00e9 byly zobrazeny zv\u011bt\u0161eniny skute\u010dn\u00fdch hrac\u00edch karet s\u00a0v\u00e1le\u010dn\u00fdmi motivy.<\/p>\n<p>N\u011bkter\u00e9 z\u00a0n\u00e1sleduj\u00edc\u00edch obraz\u016f a soch se t\u00fdkaly legi\u00ed, kter\u00e9 vedl mar\u0161\u00e1l Pilsudski. Ten pr\u00fd zak\u00e1zal \u017een\u00e1m vstup do legi\u00ed, ale na\u0161ly se i takov\u00e9, kter\u00e9 se tam dostaly v\u00a0p\u0159evleku za mu\u017ee.<\/p>\n<p>Krom\u011b obrazu jedn\u00e9 z\u00a0t\u011bchto \u017een byl k\u00a0vid\u011bn\u00ed i zidealizovan\u00fd obraz hrdinn\u00fdch polsk\u00fdch legion\u00e1\u0159\u016f v\u00a0\u010dist\u00fdch uniform\u00e1ch por\u00e1\u017eej\u00edc\u00edch rusk\u00e9 voj\u00e1ky.<\/p>\n<p>Zaj\u00edmav\u00e9 byly i kresby\/malby p\u0159\u00edrody (p\u0159edev\u0161\u00edm strom\u016f) jako n\u011bm\u00e9 \u00fa\u010dastnice v\u00e1lky. Velmi p\u016fsobiv\u00e9 ov\u0161em bylo pojet\u00ed smrti na jednom z\u00a0obraz\u016f, kde se kr\u00e1sn\u00e1 sv\u011btlovlas\u00e1 d\u00edvka dot\u00fdk\u00e1 prstem \u010dela voj\u00e1ka, \u010d\u00edm\u017e p\u0159edstavovala kulku m\u00ed\u0159\u00edc\u00ed do voj\u00e1ka a znamenaj\u00edc\u00ed tak smrt.<\/p>\n<p>Pon\u011bkud vizion\u00e1\u0159sky vyzn\u00edval obraz <em>Legenda o korun\u011b<\/em>, jeliko\u017e byl namalov\u00e1n ji\u017e v\u00a0roce 1916, tj. dva roky p\u0159ed koncem v\u00e1lky a vyhl\u00e1\u0161en\u00edm nez\u00e1vislosti Polska. Na n\u011bm byl vyobrazen kr\u00e1sn\u00fd polonah\u00fd mlad\u00edk s\u00a0korunou na hlav\u011b a s\u00a0b\u00edlou orlic\u00ed nad hlavou, kter\u00e1 mu roz\u0165ala okovy a on tak p\u0159edstavoval svobodu a nez\u00e1vislost Polska, obklopen v\u00fdjevy z d\u011bjin Polska.<\/p>\n<p>Ne\u010dekan\u00fdm p\u0159ekvapen\u00edm pro m\u011b byl obraz Juraje J\u00e1no\u0161\u00edka a zji\u0161t\u011bn\u00ed, \u017ee je jako hrdina uzn\u00e1v\u00e1n (mo\u017en\u00e1 i p\u0159ivlast\u0148ov\u00e1n) Pol\u00e1ky, z\u0159ejm\u011b proto, \u017ee ob\u010das p\u0159epad\u00e1val i na polsk\u00e9m \u00fazem\u00ed.<\/p>\n<p>Dal\u0161\u00ed s\u00e9rie obraz\u016f byla v\u011bnov\u00e1na pov\u00e1le\u010dn\u00e9mu obdob\u00ed, kdy se je\u0161t\u011b v\u00a0roce 1920 vedla v\u00e1lka o hranice, p\u0159edev\u0161\u00edm se sov\u011btsk\u00fdmi bol\u0161eviky. K\u00a0vid\u011bn\u00ed byl i obraz nebo fotografie zachycuj\u00edc\u00ed prezidenta Gabriela Narutowicza, kter\u00fd se stal prezidentem polsk\u00e9 republiky v\u00a0roce 1922 a po p\u011bti dnech od zvolen\u00ed byl zavra\u017ed\u011bn.<\/p>\n<p>V\u00fdstavu ukon\u010duj\u00ed obrazy, busty a sochy mar\u0161\u00e1la Jozefa Pilsudsk\u00e9ho.<\/p>\n<p>Po zaj\u00edmav\u00e9, ale pon\u011bkud skli\u010duj\u00edc\u00ed v\u00fdstav\u011b, jsme se v\u00a0r\u00e1mci muzejn\u00ed budovy p\u0159esunuly do p\u0159\u00edjemn\u00e9 restaurace Aleje3, kde jsme si pochutnaly na dobr\u00e9m ob\u011bd\u011b ve stylu modern\u00ed gastronomie.<\/p>\n<p>Pro kulturn\u00ed \u010dtvrtek 22.1.2019, napsala Lucie<\/p>\n<p><a href=\"https:\/\/photos.app.goo.gl\/pF6s613LsRUZyk9K9\">Zde si m\u016f\u017eete prohl\u00e9dnout ostatn\u00ed fotografie.<\/a><\/p>\n","protected":false},"excerpt":{"rendered":"<p>Dne\u0161n\u00ed kulturn\u00ed \u00fater\u00fd jsme si op\u011bt zp\u0159\u00edjemnily k\u00e1vou a \u010dajem u Dany a teprve pak jsme vyrazily do N\u00e1rodn\u00edho muzea ve Var\u0161av\u011b\u00a0 Mirka bohu\u017eel tentokr\u00e1t nedorazila a tak p\u0159i\u0161la o prohl\u00eddku v\u00fdstavy Krzycz\u0105c: Polska! Niepodleg\u0142a 1918. Prov\u00e1d\u011bla n\u00e1s mladi\u010dk\u00e1 a sympatick\u00e1 pr\u016fvodkyn\u011b. V\u00fdstava byla zorganizovan\u00e1 na po\u010dest 100let\u00e9ho v\u00fdro\u010d\u00ed z\u00edsk\u00e1n\u00ed nez\u00e1vislosti Polska. Jej\u00edm hlavn\u00edm z\u00e1m\u011brem [&hellip;]<\/p>\n","protected":false},"author":67,"featured_media":0,"comment_status":"open","ping_status":"closed","sticky":false,"template":"","format":"standard","meta":{"ngg_post_thumbnail":0,"footnotes":""},"categories":[2],"tags":[],"class_list":["post-5322","post","type-post","status-publish","format-standard","hentry","category-kulturni-ctvrtky"],"_links":{"self":[{"href":"https:\/\/www.infopoint.cz\/polsko\/wp-json\/wp\/v2\/posts\/5322","targetHints":{"allow":["GET"]}}],"collection":[{"href":"https:\/\/www.infopoint.cz\/polsko\/wp-json\/wp\/v2\/posts"}],"about":[{"href":"https:\/\/www.infopoint.cz\/polsko\/wp-json\/wp\/v2\/types\/post"}],"author":[{"embeddable":true,"href":"https:\/\/www.infopoint.cz\/polsko\/wp-json\/wp\/v2\/users\/67"}],"replies":[{"embeddable":true,"href":"https:\/\/www.infopoint.cz\/polsko\/wp-json\/wp\/v2\/comments?post=5322"}],"version-history":[{"count":10,"href":"https:\/\/www.infopoint.cz\/polsko\/wp-json\/wp\/v2\/posts\/5322\/revisions"}],"predecessor-version":[{"id":5648,"href":"https:\/\/www.infopoint.cz\/polsko\/wp-json\/wp\/v2\/posts\/5322\/revisions\/5648"}],"wp:attachment":[{"href":"https:\/\/www.infopoint.cz\/polsko\/wp-json\/wp\/v2\/media?parent=5322"}],"wp:term":[{"taxonomy":"category","embeddable":true,"href":"https:\/\/www.infopoint.cz\/polsko\/wp-json\/wp\/v2\/categories?post=5322"},{"taxonomy":"post_tag","embeddable":true,"href":"https:\/\/www.infopoint.cz\/polsko\/wp-json\/wp\/v2\/tags?post=5322"}],"curies":[{"name":"wp","href":"https:\/\/api.w.org\/{rel}","templated":true}]}}