{"id":5348,"date":"2019-03-20T21:54:14","date_gmt":"2019-03-20T20:54:14","guid":{"rendered":"https:\/\/www.infopoint.cz\/polsko\/?p=5348"},"modified":"2020-01-30T20:46:07","modified_gmt":"2020-01-30T19:46:07","slug":"muzeum-varsavy","status":"publish","type":"post","link":"https:\/\/www.infopoint.cz\/polsko\/muzeum-varsavy\/","title":{"rendered":"Kr\u00f3likarna a v\u00fdstava pomn\u00edk\u016f 12-02-2019"},"content":{"rendered":"<p><a href=\"https:\/\/photos.app.goo.gl\/KL7S5SJiECQFiwQQA\"><img loading=\"lazy\" decoding=\"async\" class=\"SzDcob\" src=\"https:\/\/lh3.googleusercontent.com\/si8juTrt4IZkqBcJvbAfkpMutu7dbmS1w-bcVRWgnyvg5Xv81hc4Ra6QziH5gBKZtlj51x3Tb1RhFBIe3AfLDnb1Kt8L2J27eIS5BIj5W7g1RJrDIjKTigcJGzN99IOm4ktztD4LVjLqRQUTVMwfak7WwDfvoTFUuc4cbDrUaMQU9JoCLE0Ztang2FKmFlTrruKLY7BnFUgeiwKJo35mgEnEqDxiI_YQ-mO5ltLufeqQ7rdM1SMSzOlBDNnPOxhAWhH3oQnieaMmkYMRUMCXXCq_8DwNJEBAJ1IV1UHRm-peKOVHHQPZbEOT-MobkM1IklxQapWC99IvP3KIVhSm59XoSFhIb6JJsPYXOh-lHdWm_YeHFsniGyj65z2sQC1CMC5z45jEOZRUqnCi0eym6NaO-wIe3rMSQnkevLyclukCqh0d98TFPa00jG8HohYWRG-iyyJma9cbrNZt7uSID4wgpgKQ9WzOATirp5Lvo9x-dc52q74Ea3UIWvEFzwe8NTzRk1D0Ab3du6F_aKtSpsc6BC7_kOhpTS8KVTSQndnBlNfV9GSYhA5zzEkt6Qb1-U5biM8gyNg9n2nD3wqjjlaNJXgOKieC3TxsK-FA4Z2Yr0AKj9ClyI_EhJxAnFyvpfIqzN-KGg4ZPlfK4UVx6z8YlXQnmopmhBWuyBNybeQAQJr42SwYTw=s962-no\" width=\"962\" height=\"962\" data-atf=\"false\" data-iml=\"2651257\" aria-label=\"Kol\u00e1\u017e \u2013 Fotka \u2013 \u010ctverec \u2013 12. 2. 2019 13:53:30\" \/><\/a><\/p>\n","protected":false},"excerpt":{"rendered":"","protected":false},"author":67,"featured_media":0,"comment_status":"open","ping_status":"closed","sticky":false,"template":"","format":"standard","meta":{"ngg_post_thumbnail":0,"footnotes":""},"categories":[2],"tags":[],"class_list":["post-5348","post","type-post","status-publish","format-standard","hentry","category-kulturni-ctvrtky"],"_links":{"self":[{"href":"https:\/\/www.infopoint.cz\/polsko\/wp-json\/wp\/v2\/posts\/5348","targetHints":{"allow":["GET"]}}],"collection":[{"href":"https:\/\/www.infopoint.cz\/polsko\/wp-json\/wp\/v2\/posts"}],"about":[{"href":"https:\/\/www.infopoint.cz\/polsko\/wp-json\/wp\/v2\/types\/post"}],"author":[{"embeddable":true,"href":"https:\/\/www.infopoint.cz\/polsko\/wp-json\/wp\/v2\/users\/67"}],"replies":[{"embeddable":true,"href":"https:\/\/www.infopoint.cz\/polsko\/wp-json\/wp\/v2\/comments?post=5348"}],"version-history":[{"count":6,"href":"https:\/\/www.infopoint.cz\/polsko\/wp-json\/wp\/v2\/posts\/5348\/revisions"}],"predecessor-version":[{"id":5652,"href":"https:\/\/www.infopoint.cz\/polsko\/wp-json\/wp\/v2\/posts\/5348\/revisions\/5652"}],"wp:attachment":[{"href":"https:\/\/www.infopoint.cz\/polsko\/wp-json\/wp\/v2\/media?parent=5348"}],"wp:term":[{"taxonomy":"category","embeddable":true,"href":"https:\/\/www.infopoint.cz\/polsko\/wp-json\/wp\/v2\/categories?post=5348"},{"taxonomy":"post_tag","embeddable":true,"href":"https:\/\/www.infopoint.cz\/polsko\/wp-json\/wp\/v2\/tags?post=5348"}],"curies":[{"name":"wp","href":"https:\/\/api.w.org\/{rel}","templated":true}]}}