{"id":5355,"date":"2019-03-20T22:04:11","date_gmt":"2019-03-20T21:04:11","guid":{"rendered":"https:\/\/www.infopoint.cz\/polsko\/?p=5355"},"modified":"2020-01-30T20:57:08","modified_gmt":"2020-01-30T19:57:08","slug":"muzeum-warszawy","status":"publish","type":"post","link":"https:\/\/www.infopoint.cz\/polsko\/muzeum-warszawy\/","title":{"rendered":"M\u00fazeum Var\u0161avy"},"content":{"rendered":"<div class=\"moz-text-html\" lang=\"x-unicode\">\n<div class=\"\"><span class=\"\">V utorok sme sa v\u0161etci prebudili do slne\u010dn\u00e9ho r\u00e1na, ale ve\u013emi chladn\u00e9ho. I ke\u010f niektor\u00ed si myslia, \u017ee u\u017e pri\u0161la dlhoo\u010dak\u00e1van\u00e1 jar (\u017ee Mirka?). Pl\u00e1nom dne\u0161n\u00e9ho d\u0148a bolo dokon\u010denie prehliadky Var\u0161avsk\u00e9ho m\u00fazea.<\/span><\/div>\n<div class=\"\"><\/div>\n<h5 style=\"text-align: left\"><span class=\"\">Pivnice sme mali \u00faspe\u0161ne za sebou, e\u0161te n\u00e1m zost\u00e1valo prejs\u0165 5 poschod\u00ed.<\/span><\/h5>\n<div><\/div>\n<\/div>\n<div><\/div>\n<div class=\"moz-text-html\" lang=\"x-unicode\">\n<div class=\"\" style=\"text-align: justify\"><span class=\"\">\u00a0<\/span><\/div>\n<div><\/div>\n<div class=\"\" style=\"text-align: justify\"><span class=\"\">Var\u0161avsk\u00e9 m\u00fazeum vzniklo v roku 1936. Jeho s\u00eddlom je 11 historick\u00fdch n\u00e1jomn\u00fdch domov na Staromestskom n\u00e1mest\u00ed, zap\u00edsan\u00fdch od roku 1980 na Zozname svetov\u00e9ho dedi\u010dstva UNESCO. Zo zbierok s 300 000 predmetmi sa vybralo 7352 expon\u00e1tov. Toto s\u00fa len origin\u00e1ly: ka\u017edodenn\u00e9 a sl\u00e1vnostn\u00e9 veci, umeleck\u00e9 diela a predmety, suven\u00edry \u013eud\u00ed a udalost\u00ed. <\/span><\/div>\n<h5 style=\"text-align: left\"><span class=\"\">Uk\u00e1zan\u00e9 s\u00fa v 21 tematick\u00fdch miestnostiach. <\/span><\/h5>\n<div class=\"\" style=\"text-align: left\"><span class=\"\">Zobrazuj\u00fa pr\u00edbehy vec\u00ed a ich tvorcov, majite\u013eov alebo u\u017e\u00edvate\u013eov &#8211; \u017eien a mu\u017eov.<\/span><\/div>\n<div class=\"\" style=\"text-align: left\"><\/div>\n<div class=\"\"><span class=\"\">Pre\u010do Var\u0161ava v\u010fa\u010d\u00ed za svoj v\u00fdvoj? Kto s\u00fa jej obyvatelia a obyvatelia? Odkia\u013e poch\u00e1dzaj\u00fa? Ako sa zmenili \u017eivotn\u00e9 podmienky? Kde je centrum mesta a kde sa nach\u00e1dzaj\u00fa jeho hranice? V\u0161etky \u00fadaje s\u00fa zachyten\u00e9 na grafoch, map\u00e1ch a infografik\u00e1ch, aby ste sa mohli \u013eahko zorientova\u0165 v mno\u017estve \u00fadajov.<\/span><\/div>\n<div><img loading=\"lazy\" decoding=\"async\" class=\"SzDcob\" src=\"https:\/\/lh3.googleusercontent.com\/sMTZ_EBYDswgG7gKFyJh09qT6cgEf2w8Sm5HhpM32G0dtWj9NeJQFU0cGZjNw4fHSE6GEF9wb213fQA-LP1Z6UBaTbisAn6Am-uNV2695lzEnpI1Futnh1s8I1ZFhJxxmQf6fnvM75UCAEtmp4yIvh4vtEooys2Avb8vOYRcZhymjM7Z-epMM-c4LozfOXfHehTTrMI7-6BlRYuklwc7G5A9_7KLqJtJq36MR7shwZzkg5Hd_ISTNDHNkkfDE7U9lLCWBnk98HBlThnM0srfosqfPveqHSb_-r_5dFX6vUI4elH--_ZJViyEJB86QHaEDxkBbO1UVBiXO-0pOrn3ToAKFtzAshGzl-NlO7MwQkNCW4LMFfGH9SJCcemIJSZD9irzZhq76Nfx_nwFLX7NvlpXVOP5cllHKvRRiVzbK9qG_a2YgYEpnOT_ntnxyScQXDt3OGTnO38q12S74ikV7_WUbY5gzzTV7EpIE88EKe1oA_H0hQFiElNyVLNFIXjkeDlbZ5_BjJUHooDNPKMGXpvhzxxu4ysSB1_TY-OvHstC1LquZ6bij4EF-T5ONqRQ7OzFDZek58Z1eZAyWoWRMHsHVcBvmrQJNTZ6LZ7bE-O4KGXgQkFVSKhKmy0DIiCkuQ2cwEurxnuSSiEzvJUdrn7_cMPTVK-MM5SqVHQv8Th2NYJpVOFG5Vrb8HN_ZWc3bGCoZ4mO3B9eH_JxE5C60Z88YAJ5YO8u-WIIifPvbgLcWhU=s962-no\" width=\"962\" height=\"962\" data-atf=\"false\" data-iml=\"436197\" aria-label=\"Kol\u00e1\u017e \u2013 Fotka \u2013 \u010ctverec \u2013 30. 1. 2020 18:20:06\" \/><\/div>\n<div><\/div>\n<div class=\"\"><\/div>\n<div class=\"\" style=\"text-align: justify\"><span class=\"\">M\u00fazeum Var\u0161avy je nielen m\u00fazeum, ale nach\u00e1dza sa v \u0148om aj kn\u00edhkupectvo, kaviare\u0148, kino, kni\u017enica a taktie\u017e rozh\u013ead\u0148a, odkia\u013e mo\u017eno vidie\u0165 strechy Star\u00e9ho i Nov\u00e9ho Mesta a taktie\u017e siluetu N\u00e1rodn\u00e9ho \u0161tadi\u00f3na.<\/span><\/div>\n<div class=\"\"><\/div>\n<div class=\"\"><span class=\"\">Ja s Luckou sme sa tie\u017e dozvedeli zauj\u00edmav\u00fa inform\u00e1ciu o tom, kto bol najv\u00e4\u010d\u0161\u00edm sexu\u00e1lnym maniakom v dejin\u00e1ch Po\u013eska, ko\u013eko det\u00ed mal a ku ko\u013ek\u00fdm sa priznal.\u00a0<\/span><\/div>\n<div class=\"\"><\/div>\n<div><\/div>\n<div><\/div>\n<h5><span class=\"\">Po takomto zauj\u00edmavom v\u00fdklade sme sa pobrali do nami u\u017e zn\u00e1mej re\u0161taur\u00e1cie, kde sme si dali v\u00fdborn\u00fd obed\u00edk. <\/span><\/h5>\n<div><\/div>\n<div><\/div>\n<div><\/div>\n<div><\/div>\n<div class=\"\"><span class=\"\">V\u0161etko by bolo skvel\u00e9, ak by nieko\u013ek\u00fdch \u010dlenov na\u0161ej os\u00e1dky nevyviedlo z koncentr\u00e1cie zrkadlo zavesen\u00e9 na stene. Nebolo toti\u017eto rovnobe\u017en\u00e9 s hranami steny.<\/span><\/div>\n<div><\/div>\n<div class=\"\"><span class=\"\"> I napriek tomuto sme v\u0161etci nechali pr\u00e1zdne taniere a pobrali sa za deti\u010dkami.<\/span><\/div>\n<\/div>\n<div><\/div>\n<div><\/div>\n<div>Pro Kulturn\u00ed \u010dtvrtek\u00a005-03-19 napsala M\u00e1ria<\/div>\n<div><\/div>\n<div><a href=\"https:\/\/photos.app.goo.gl\/fSEK7NvkCokV3phSA\">Zde si m\u016f\u017eete prohl\u00e9dnout fotografie z t\u00e9to akce.<\/a><\/div>\n<div class=\"moz-text-html\" lang=\"x-unicode\">\n<div class=\"\"><\/div>\n<\/div>\n","protected":false},"excerpt":{"rendered":"<p>V utorok sme sa v\u0161etci prebudili do slne\u010dn\u00e9ho r\u00e1na, ale ve\u013emi chladn\u00e9ho. I ke\u010f niektor\u00ed si myslia, \u017ee u\u017e pri\u0161la dlhoo\u010dak\u00e1van\u00e1 jar (\u017ee Mirka?). Pl\u00e1nom dne\u0161n\u00e9ho d\u0148a bolo dokon\u010denie prehliadky Var\u0161avsk\u00e9ho m\u00fazea. Pivnice sme mali \u00faspe\u0161ne za sebou, e\u0161te n\u00e1m zost\u00e1valo prejs\u0165 5 poschod\u00ed. \u00a0 Var\u0161avsk\u00e9 m\u00fazeum vzniklo v roku 1936. Jeho s\u00eddlom je 11 [&hellip;]<\/p>\n","protected":false},"author":67,"featured_media":0,"comment_status":"open","ping_status":"closed","sticky":false,"template":"","format":"standard","meta":{"ngg_post_thumbnail":0,"footnotes":""},"categories":[2],"tags":[],"class_list":["post-5355","post","type-post","status-publish","format-standard","hentry","category-kulturni-ctvrtky"],"_links":{"self":[{"href":"https:\/\/www.infopoint.cz\/polsko\/wp-json\/wp\/v2\/posts\/5355","targetHints":{"allow":["GET"]}}],"collection":[{"href":"https:\/\/www.infopoint.cz\/polsko\/wp-json\/wp\/v2\/posts"}],"about":[{"href":"https:\/\/www.infopoint.cz\/polsko\/wp-json\/wp\/v2\/types\/post"}],"author":[{"embeddable":true,"href":"https:\/\/www.infopoint.cz\/polsko\/wp-json\/wp\/v2\/users\/67"}],"replies":[{"embeddable":true,"href":"https:\/\/www.infopoint.cz\/polsko\/wp-json\/wp\/v2\/comments?post=5355"}],"version-history":[{"count":8,"href":"https:\/\/www.infopoint.cz\/polsko\/wp-json\/wp\/v2\/posts\/5355\/revisions"}],"predecessor-version":[{"id":5655,"href":"https:\/\/www.infopoint.cz\/polsko\/wp-json\/wp\/v2\/posts\/5355\/revisions\/5655"}],"wp:attachment":[{"href":"https:\/\/www.infopoint.cz\/polsko\/wp-json\/wp\/v2\/media?parent=5355"}],"wp:term":[{"taxonomy":"category","embeddable":true,"href":"https:\/\/www.infopoint.cz\/polsko\/wp-json\/wp\/v2\/categories?post=5355"},{"taxonomy":"post_tag","embeddable":true,"href":"https:\/\/www.infopoint.cz\/polsko\/wp-json\/wp\/v2\/tags?post=5355"}],"curies":[{"name":"wp","href":"https:\/\/api.w.org\/{rel}","templated":true}]}}