{"id":5359,"date":"2019-03-21T15:30:33","date_gmt":"2019-03-21T14:30:33","guid":{"rendered":"https:\/\/www.infopoint.cz\/polsko\/?p=5359"},"modified":"2020-01-30T21:12:03","modified_gmt":"2020-01-30T20:12:03","slug":"oslavy-dvojitych-narozenin-a-muzeum-warszawskiej-pragi","status":"publish","type":"post","link":"https:\/\/www.infopoint.cz\/polsko\/oslavy-dvojitych-narozenin-a-muzeum-warszawskiej-pragi\/","title":{"rendered":"Oslavy dvojit\u00fdch narozenin a Muzeum Warszawskiej Pragi"},"content":{"rendered":"<p>Pl\u00e1n kulturn\u00edho \u00fater\u00fd byl jasn\u00fd; rozdat d\u00e1rky oslavenkyn\u00edm, d\u00e1t si dort, p\u0159ip\u00edt si bublinkama a dojet na druhou stranu \u0159eky Visly do Targow\u00e9, kde vyu\u017eijeme vstupenky z\u00a0minul\u00e9 akce, kter\u00e9 n\u00e1m plat\u00ed i do Muzea Pragi.<\/p>\n<p>To r\u00e1no jsme se se\u0161ly v\u00a0 dobr\u00e9 n\u00e1lad\u011b a v hojn\u00e9m po\u010dtu. Lucka dokonce p\u0159ivedla svou kamar\u00e1dku Lenku, kter\u00e1 byla jist\u011b udivena, jak t\u011b\u017eko se \u010dlov\u011bk v na\u0161\u00ed spole\u010dnosti dostane ke slovu. Slavili jsme toti\u017e dvojit\u00e9 narozeniny Moniky a M\u00e1rie. D\u00e1rky se l\u00edbily, dort chutnal, skleni\u010dky vypr\u00e1zdnily, ale v p\u016fl jeden\u00e1ct\u00e9 jsme je\u0161t\u011b st\u00e1le sed\u011bly u stolu a pop\u00edjely k\u00e1vu a \u010daj\u2026\u2026. je\u0161t\u011b bylo pot\u0159eba probrat co se minul\u00fd t\u00fdden ud\u00e1lo.<\/p>\n<p><img loading=\"lazy\" decoding=\"async\" class=\"SzDcob\" src=\"https:\/\/lh3.googleusercontent.com\/WGDJygXfWitPahezGSr9sNXJsyKZzFXjSzbeiV1MNmEfFLOX9DJYdU5cg-RH-S3B74YxDOCN72yqvsXF01T0P4giIidCzisFbbYzCyIkFA8jqxaFOemd02iFLHnAXJOHXssm6Q1xPqNnihcAQjpfxssEhrTAKW5wf7aUBQuVfLMc7crfpOiuZi6m9vHOMTqBOjaKHlf-Vaf0kA4uAUHg1ir1DTTKLuF6xHrc5xeIVtFlsnmiPy2qFFiqBrUbrgCN9XEdH26rUZvgf_F_l2W1HXmV8MCkpvhUmJcoIOWo-EAq3u2rzU4haigtRh4hM6ju0KToEjrCoJiVPfDD0-seYHYLS7QVz2l0JFwgbweRnKR06vJXaYvrG6TTllvu3vFy_UpoG-5SufMTTK8Bqv0gu78gMpac_Pm01CE7ZTkTE6_z_pDB3DKXPsauMoYqM8VCnYwOuCwOLLm8MFglEHFrHrXPGYUssbUqImMch-fab-3xCvVGmhWUAPCsa-dCfcpSA6Cb-0uDCsyN9xZFrbmZNTkVl9unzLpTDdPRDoGyCkLSqpTZhxjVXNLkeiXILHm7vsFLEmhRPkhTOhHvOasXGttaobrrihfUCpllekYlEGs9EjO4R1nTiJIKAjbCSOzKUjH9CR6XTL7cefdKItJ46cnD-E83RgXCUPbmxHefU3XUU4uArJxzwYTSRr1juxTqsgRiSug7fS4SiIA_dx1am_KoiI9eZC1jEyYeUAZe4xEB6Kc=s962-no\" width=\"962\" height=\"962\" data-atf=\"false\" data-iml=\"3680371\" \/><\/p>\n<p>Nakonec jsme vyjely ku Pradze a\u017e o jeden\u00e1ct\u00e9 hodin\u011b.<\/p>\n<p>Muzeum je velmi obs\u00e1hl\u00e9 a bylo jasn\u00e9, \u017ee ho dnes cel\u00e9 neuvid\u00edme. Nach\u00e1z\u00ed se\u00a0 v\u00a0n\u011bkolika dovedn\u011b propojen\u00fdch \u00a0historick\u00fdch domech. Jedn\u00edm z\u00a0nich je i d\u016fm Krzy\u017canowsk\u00e9ho, nejstar\u0161\u00ed cihlov\u00fd d\u016fm Pragy. Nejprve jsme vyjely v\u00fdtahem do podkrov\u00ed, kde se n\u00e1m moc l\u00edbil koberec s\u00a0velkou mapou Var\u0161avy. Hledaly jsme na n\u011bm zn\u00e1m\u00e9 ulice a parky a n\u011bkdo se i trochu ztratil.<\/p>\n<p>O patro n\u00ed\u017ee byla expozice z minulosti i sou\u010dasnosti \u0159emesel Pragi. Zaujaly n\u00e1s mini zahr\u00e1dky uv\u011bzn\u011bn\u00e9 ve sklen\u011bn\u00fdch ba\u0148k\u00e1ch plovouc\u00edch ve vod\u011b, vyroben\u00e9 \u0159emesln\u00edky ve spolupr\u00e1ci s mlad\u00fdmi um\u011blci. Obdivovaly jsme retro v\u00fdtvory modern\u00edch obuvn\u00edk\u016f.<\/p>\n<p>V\u00fdrobci de\u0161tn\u00edk\u016f inspirovali ke geni\u00e1ln\u00edmu n\u00e1padu &#8211; de\u0161tn\u00edk na kter\u00fd by ze spodn\u00ed strany ukazoval projekci interaktivn\u00ed mapy s navigac\u00ed. U\u017e nikdy tak nezmoknout a nezabloudit.<\/p>\n<p>Je\u0161t\u011b kr\u00e1tk\u00e1 zast\u00e1vka v \u017eidovsk\u00e9 modlitebn\u011b, kter\u00e1 m\u011bla krom\u011b fascinuj\u00edc\u00edch artefakt\u016f i zaj\u00edmavou barvu zd\u00ed. Vojenskou zelenou. Pot\u00e9 jsme se vydaly dlouh\u00fdm \u010dlenit\u00fdm podzem\u00edm sm\u011brem k v\u00fdchodu.<\/p>\n<p>U\u017e jsme sp\u011bchaly a bylo stra\u0161n\u011b t\u011b\u017ek\u00e9 se alespo\u0148 na chvilku nezastavit u nes\u010detn\u00fdch \u00a0expon\u00e1t\u016f, fotografi\u00ed, obrazovek s p\u00edsni\u010dkami o Pradze. Ur\u010dit\u011b se sem mus\u00edme je\u0161t\u011b alespo\u0148 jednou vr\u00e1tit.<\/p>\n<h5>Po cest\u011b na ob\u011bd jsme pro\u0161ly Bazarkem R\u00f3\u017cyckiego k zaj\u00edmav\u00e9mu domu, kter\u00fd n\u011bkdo pokryl alobalem. Pro\u010dpak asi?<\/h5>\n<p>Ob\u011bd byl v restauraci <a href=\"http:\/\/boskapraga.pl\/\">Boska Praga<\/a>, kde n\u00e1s p\u0159ekvapil industri\u00e1ln\u00ed design a \u010d\u00ed\u0161n\u00edk s pohyby tajtrdl\u00edka. J\u00eddlo bylo dobr\u00e9, tedy a\u017e na Len\u010diny karban\u00e1tky. Na dezert a k\u00e1vu u\u017e \u010das nebyl, ihned po zaplacen\u00ed jsme rychle vyrazily za na\u0161imi dal\u0161\u00edmi povinnostmi.<\/p>\n<p>Jako v\u017edy to bylo s v\u00e1mi moc fajn, d\u011bkuji.<\/p>\n<div>Pro Kulturn\u00ed \u010dtvrtek 12.3.2019 napsala Dana<\/div>\n<div><\/div>\n<div><a href=\"https:\/\/photos.app.goo.gl\/mAttL7ThKiyXcYXE9\">Zde si m\u016f\u017eete prohl\u00e9dnout fotografie z t\u00e9to akce.<\/a><\/div>\n<div class=\"moz-text-html\" lang=\"x-unicode\">\n<div class=\"\"><\/div>\n<\/div>\n","protected":false},"excerpt":{"rendered":"<p>Pl\u00e1n kulturn\u00edho \u00fater\u00fd byl jasn\u00fd; rozdat d\u00e1rky oslavenkyn\u00edm, d\u00e1t si dort, p\u0159ip\u00edt si bublinkama a dojet na druhou stranu \u0159eky Visly do Targow\u00e9, kde vyu\u017eijeme vstupenky z\u00a0minul\u00e9 akce, kter\u00e9 n\u00e1m plat\u00ed i do Muzea Pragi. To r\u00e1no jsme se se\u0161ly v\u00a0 dobr\u00e9 n\u00e1lad\u011b a v hojn\u00e9m po\u010dtu. Lucka dokonce p\u0159ivedla svou kamar\u00e1dku Lenku, kter\u00e1 byla [&hellip;]<\/p>\n","protected":false},"author":67,"featured_media":0,"comment_status":"open","ping_status":"closed","sticky":false,"template":"","format":"standard","meta":{"ngg_post_thumbnail":0,"footnotes":""},"categories":[2],"tags":[],"class_list":["post-5359","post","type-post","status-publish","format-standard","hentry","category-kulturni-ctvrtky"],"_links":{"self":[{"href":"https:\/\/www.infopoint.cz\/polsko\/wp-json\/wp\/v2\/posts\/5359","targetHints":{"allow":["GET"]}}],"collection":[{"href":"https:\/\/www.infopoint.cz\/polsko\/wp-json\/wp\/v2\/posts"}],"about":[{"href":"https:\/\/www.infopoint.cz\/polsko\/wp-json\/wp\/v2\/types\/post"}],"author":[{"embeddable":true,"href":"https:\/\/www.infopoint.cz\/polsko\/wp-json\/wp\/v2\/users\/67"}],"replies":[{"embeddable":true,"href":"https:\/\/www.infopoint.cz\/polsko\/wp-json\/wp\/v2\/comments?post=5359"}],"version-history":[{"count":17,"href":"https:\/\/www.infopoint.cz\/polsko\/wp-json\/wp\/v2\/posts\/5359\/revisions"}],"predecessor-version":[{"id":5657,"href":"https:\/\/www.infopoint.cz\/polsko\/wp-json\/wp\/v2\/posts\/5359\/revisions\/5657"}],"wp:attachment":[{"href":"https:\/\/www.infopoint.cz\/polsko\/wp-json\/wp\/v2\/media?parent=5359"}],"wp:term":[{"taxonomy":"category","embeddable":true,"href":"https:\/\/www.infopoint.cz\/polsko\/wp-json\/wp\/v2\/categories?post=5359"},{"taxonomy":"post_tag","embeddable":true,"href":"https:\/\/www.infopoint.cz\/polsko\/wp-json\/wp\/v2\/tags?post=5359"}],"curies":[{"name":"wp","href":"https:\/\/api.w.org\/{rel}","templated":true}]}}