{"id":5380,"date":"2019-03-30T20:46:25","date_gmt":"2019-03-30T19:46:25","guid":{"rendered":"https:\/\/www.infopoint.cz\/polsko\/?p=5380"},"modified":"2020-01-30T21:36:40","modified_gmt":"2020-01-30T20:36:40","slug":"penezni-centrum","status":"publish","type":"post","link":"https:\/\/www.infopoint.cz\/polsko\/penezni-centrum\/","title":{"rendered":"Pen\u011b\u017en\u00ed centrum"},"content":{"rendered":"<p>19.3.2019<\/p>\n<p>Te\u010f u\u017e se k tomu mohu ve\u0159ejn\u011b p\u0159iznat, ale dne\u0161n\u00ed program m\u011b (a Mirku taky!) v\u016fbec neoslovil &#8211; m\u00e1me j\u00edt do Muzea pen\u011bz&#8230;Tak\u017ee asi n\u011bjak\u00e9 nudn\u00e9 vitr\u00edny s rezav\u00fdmi mincemi, dlouh\u00fd text na tabul\u00edch o historii, nevl\u00eddn\u00e1 pan\u00ed v d\u016fchodu, kter\u00e1 expozici hl\u00edd\u00e1 a nedovol\u00ed na nic si s\u00e1hnout.\u00a0Nav\u00edc p\u0159\u00edmo v s\u00eddle Polsk\u00e9 n\u00e1rodn\u00ed banky.<\/p>\n<p>No aspo\u0148 \u017ee jdeme v na\u0161\u00ed dobr\u00e9 part\u011b a kon\u010d\u00edme dobr\u00fdm ob\u011bdem.<\/p>\n<p>Na konci dne\u0161n\u00edho kulturn\u00edho &#8222;\u010dtvrtko\u00faterku&#8220; jsme byly fakt v hodn\u011b hodn\u011b p\u0159\u00edjemn\u00e9m \u0161oku a pro\u017eily den, na kter\u00fd se dlouho nezapom\u00edn\u00e1. Tak\u017ee dodate\u010dn\u011b velk\u00e1 omluva Danu\u0161ce za prvotn\u00ed ned\u016fv\u011bru.<\/p>\n<p><img loading=\"lazy\" decoding=\"async\" class=\"SzDcob\" src=\"https:\/\/lh3.googleusercontent.com\/OHhsT0nxrQpwVmvOnGuAev-GxVQvu8htu7BUsDV11WLCH7XzMeUvHw6mebYqDa2gWCoqxKysaWZMYtQlvYkP3p-JilRa2ofUODDjT5q0dopw8j-Z6GGruNKmEWs4q8jrLqOUoijbLwKIkldHLNTaBloOVxTgll8BTV5MaY3B_ERgDqPE7kraYo2TRyjKUiDLeHCPi3a3oHvJdvWupXjrr7pxZv3sMmHxk9m0ZwIMaM6imBzkdkDw6lt4xNJ3lky9hsYmzMqZxnDON50HdCbxyxmEDEBnAk0GjefwTaqzmJsU8PVxcfppSVzaLGNIfOUtVLrZFUn1PRDHnC0szPVW-JMDZpxJ6I6rDoW-8B-4PrInr0qxGZvMWKa-LDVuiyciDcE7cuO6mCbuy3w1szwzV70PAmpysQqh3SnUVAfexUo-AUfGSZ7bOM3nh1Y12SWgA6q04fD7XkAG12U75i9MOnQnG7oPnTMIjdGalIiEYvRNL-W2kyG8QaUXYkSYJN8c-u2z6OnT8X7Jpgxd37J28pq8o6Mtj2dbwP1sy2y8gMloXeTIfkyLHhuXhBEa4rXFiDLxf26nmB7TPR9urri78o2YL0tXto6NcxSGZsZGeW2YtSw-QT9kzEkaHVVTD3t9VetLS2eLwUwQ_15NhGAX9uW5WGE7gHIzpyWZpssHbeMHxGimVXxAbw=s962-no\" width=\"962\" height=\"962\" aria-label=\"Kol\u00e1\u017e \u2013 Fotka \u2013 \u010ctverec \u2013 30. 1. 2020 18:18:39\" data-iml=\"505637\" \/><\/p>\n<p>Stru\u010dn\u011b program v bodech:\u00a0 \u00a0<\/p>\n<p>&#8211; rann\u00ed posezen\u00ed a d\u016fle\u017eit\u00e9 diskuze na Truskawick\u00e9 je tradi\u010dn\u011b super, jen zas\u00a0m\u00e1lo \u010dasu<\/p>\n<p>&#8211; pohodln\u00fd p\u0159esun aut\u00ed\u010dkem firmy Panek skoro a\u017e p\u0159ede dve\u0159e muzea<\/p>\n<p>&#8211; N\u00c1DHERN\u00c9 poutav\u00e9 muzeum (o tom v textu d\u00e1le)<\/p>\n<p>&#8211; ob\u011bd v italsk\u00e9 restauraci Spacca Napoli (\u00a0<a href=\"http:\/\/spaccanapoli.pl\/\">http:\/\/spaccanapoli.pl\/<\/a>\u00a0),\u00a0holky nad\u0161en\u00e9, m\u011b jen chyb\u011bla v menu pol\u00e9vka<\/p>\n<p>&#8211; \u010daj a k\u00e1va a hlavn\u011b neskute\u010dn\u00e9 dort\u00edky v cukr\u00e1rn\u011b spojen\u00e9 s na\u0161\u00edm vlastn\u00edm testov\u00e1n\u00edm v\u011bt\u0161iny druh\u016f z\u00e1kusk\u016f.ale Kalorick\u00e9 to tolik nebylo, ka\u017ed\u00e1 jsme z toho mal\u00e9ho um\u011bleck\u00e9ho d\u00edla v cukr\u00e1rn\u011b Odette otestovala jenom kousek.<\/p>\n<p>&#8211; a kdy\u017e u\u017e jsme myslela, \u017ee n\u00e1s dnes u\u017e nic dal\u0161\u00edho tak super nem\u016f\u017ee potkat, tak jsem uvid\u011bla sv\u016fj vysn\u011bn\u00fd turistick\u00fd autobus hop-on-hop-off a alespo\u0148 si popov\u00eddala s \u0159idi\u010dem a vzala propaga\u010dn\u00ed let\u00e1k\u00a0&#8222;na n\u011bkdy p\u0159\u00ed\u0161t\u011b&#8220;\u00a0(ale stejn\u011b furt nech\u00e1pu, pro\u010d s n\u00edm nechce Dana jet..)<\/p>\n<p>A te\u010f alespo\u0148 stru\u010dn\u011b k<a href=\"https:\/\/www.cpnbp.pl\/\"> muzeu<\/a>.<\/p>\n<p>Jeho z\u0159izovateli- Polsk\u00e9 centr\u00e1ln\u00ed bance NBP se poda\u0159ilo zaj\u00edmavou formou uk\u00e1zat z\u00e1kladn\u00ed ekonomick\u00e9 procesy, pomoci poznat historii a sou\u010dasnost pen\u011bz-minc\u00ed a bankovek, platebn\u00edch karet. St\u00e1l\u00e1 v\u00fdstava je rozd\u011blena na celkem 15 t\u00e9matick\u00fdch \u010d\u00e1st\u00ed, ne v\u0161echny jsme bohu\u017eel stihly vid\u011bt. Velmi zaj\u00edmav\u011b je vytvo\u0159ena \u201culice Bankovn\u00ed\u201d nejenom dokumentuj\u00edc\u00ed p\u0159edv\u00e1le\u010dn\u00e9 rozd\u011blen\u00ed Polska, kabinet numizmatika, ale i ta \u201cnez\u00e1\u017eivn\u00e1\u201d historie.<\/p>\n<p>Mohly jsme si podr\u017eet zlatou cihlu (p\u011bkn\u011b t\u011b\u017ek\u00e1, 12,5 kg bychom v kabelce nen\u00e1padn\u011b asi neodeslaly..), vstoupit do auta p\u0159ev\u00e1\u017eej\u00edc\u00edho pen\u00edze, prohl\u00e9dnout \u0161upl\u00edky stolku numismatika&#8230;Ale hlavn\u011b jsme pomoc\u00ed speci\u00e1ln\u00edho detektoru vyzkou\u0161ely pravost na\u0161ich doklad\u016f a bankovek- d\u00edky Mirce, kter\u00e1 m\u00e1 v pen\u011b\u017eence v\u0161e snad krom\u011b zimbabwsk\u00e9ho dolaru a slu\u017eebn\u00ed pr\u016fkazky FBI, jsme jednozna\u010dn\u011b ur\u010dily jako nejhez\u010d\u00ed a nejl\u00e9pe chr\u00e1n\u011bn\u00fd doklad jej\u00ed \u0161v\u00fdcarsk\u00fd \u0159idi\u010dsk\u00fd pr\u016fkaz.<\/p>\n<p>T\u011b\u017ece se v\u0161e popisuje, opravdu doporu\u010duji za\u017e\u00edt. I pr\u00e1v\u011b proto mus\u00edme na toto m\u00edsto znovu, nestihly jsme proj\u00edt v\u0161echny \u010d\u00e1sti ( jak \u0159\u00edkala na\u0161e kultury znal\u00e1 Margitka, to nejlep\u0161\u00ed z muzea jsme je\u0161t\u011b ani nevid\u011bly).<\/p>\n<p>A jedna zaj\u00edmavost &#8211; byla to asi prvn\u00ed v\u00fdstava, ze kter\u00e9 jsme necht\u011bly odej\u00edt a dokonce ani nec\u00edtily hlad, a tak n\u00e1s Dana musela doslova vyh\u00e1n\u011bt, jinak bychom nestihly dal\u0161\u00ed program.<\/p>\n<p>\u00a0<\/p>\n<p>Fakt super den!<\/p>\n<p>Pro Kulturn\u00ed \u010dtvrtek napsala Monika.<\/p>\n<p><a href=\"https:\/\/photos.app.goo.gl\/4rnXMhkaudaiMddz5\">Zde<\/a> si m\u016f\u017eete prohl\u00e9dnout dal\u0161\u00ed fotografie z t\u00e9to akce.<\/p>\n<p>\u00a0<\/p>\n\n","protected":false},"excerpt":{"rendered":"<p>19.3.2019 Te\u010f u\u017e se k tomu mohu ve\u0159ejn\u011b p\u0159iznat, ale dne\u0161n\u00ed program m\u011b (a Mirku taky!) v\u016fbec neoslovil &#8211; m\u00e1me j\u00edt do Muzea pen\u011bz&#8230;Tak\u017ee asi n\u011bjak\u00e9 nudn\u00e9 vitr\u00edny s rezav\u00fdmi mincemi, dlouh\u00fd text na tabul\u00edch o historii, nevl\u00eddn\u00e1 pan\u00ed v d\u016fchodu, kter\u00e1 expozici hl\u00edd\u00e1 a nedovol\u00ed na nic si s\u00e1hnout.\u00a0Nav\u00edc p\u0159\u00edmo v s\u00eddle Polsk\u00e9 n\u00e1rodn\u00ed [&hellip;]<\/p>\n","protected":false},"author":67,"featured_media":0,"comment_status":"open","ping_status":"closed","sticky":false,"template":"","format":"standard","meta":{"ngg_post_thumbnail":0,"footnotes":""},"categories":[2],"tags":[],"class_list":["post-5380","post","type-post","status-publish","format-standard","hentry","category-kulturni-ctvrtky"],"_links":{"self":[{"href":"https:\/\/www.infopoint.cz\/polsko\/wp-json\/wp\/v2\/posts\/5380","targetHints":{"allow":["GET"]}}],"collection":[{"href":"https:\/\/www.infopoint.cz\/polsko\/wp-json\/wp\/v2\/posts"}],"about":[{"href":"https:\/\/www.infopoint.cz\/polsko\/wp-json\/wp\/v2\/types\/post"}],"author":[{"embeddable":true,"href":"https:\/\/www.infopoint.cz\/polsko\/wp-json\/wp\/v2\/users\/67"}],"replies":[{"embeddable":true,"href":"https:\/\/www.infopoint.cz\/polsko\/wp-json\/wp\/v2\/comments?post=5380"}],"version-history":[{"count":6,"href":"https:\/\/www.infopoint.cz\/polsko\/wp-json\/wp\/v2\/posts\/5380\/revisions"}],"predecessor-version":[{"id":5659,"href":"https:\/\/www.infopoint.cz\/polsko\/wp-json\/wp\/v2\/posts\/5380\/revisions\/5659"}],"wp:attachment":[{"href":"https:\/\/www.infopoint.cz\/polsko\/wp-json\/wp\/v2\/media?parent=5380"}],"wp:term":[{"taxonomy":"category","embeddable":true,"href":"https:\/\/www.infopoint.cz\/polsko\/wp-json\/wp\/v2\/categories?post=5380"},{"taxonomy":"post_tag","embeddable":true,"href":"https:\/\/www.infopoint.cz\/polsko\/wp-json\/wp\/v2\/tags?post=5380"}],"curies":[{"name":"wp","href":"https:\/\/api.w.org\/{rel}","templated":true}]}}