{"id":5382,"date":"2019-03-30T21:09:52","date_gmt":"2019-03-30T20:09:52","guid":{"rendered":"https:\/\/www.infopoint.cz\/polsko\/?p=5382"},"modified":"2020-01-30T21:38:47","modified_gmt":"2020-01-30T20:38:47","slug":"muzeum-na-visle-a-vystava-daniela-rycharskiego","status":"publish","type":"post","link":"https:\/\/www.infopoint.cz\/polsko\/muzeum-na-visle-a-vystava-daniela-rycharskiego\/","title":{"rendered":"Muzeum na Visle a v\u00fdstava Daniela Rycharskiego"},"content":{"rendered":"<div>\n<p>Za\u010d\u00e1tek jara a p\u0159edev\u0161\u00edm b\u0159ezen je pro n\u00e1s ji\u017e tradi\u010dn\u011b m\u011bs\u00edcem oslav, a tak jsme si i\u00a0dne\u0161n\u00ed r\u00e1no u k\u00e1vy a \u010daje osladili narozeninov\u00fdmi dort\u00edky. Co\u017e se vlastn\u011b uk\u00e1zalo jako velmi dobr\u00e1 strategie, proto\u017ee nakonec dorazili i ti, co cht\u011bli p\u0159ijet a\u017e na v\u00fdstavu.<\/p>\n<p>B\u011bhem bujar\u00e9 konverzace panovala jako v\u017edy velmi vesel\u00e1 n\u00e1lada.<\/p>\n<p>Po \u010dase jsme op\u011bt zav\u00edtali do Muzea modern\u00edho um\u011bn\u00ed na Visle pobl\u00ed\u017e na\u0161ich obl\u00edben\u00fdch zahrad Univerzitn\u00ed knihovny.<\/p>\n<p>V\u0161ichni jsme se t\u011b\u0161ili na prohl\u00eddku s pan\u00ed kur\u00e1torkou Jolantou. Nejen, \u017ee jsme si ji obl\u00edbili, ale p\u0159edev\u0161\u00edm jsme pochopili, \u017ee si z v\u00fdstavy odneseme daleko v\u00edce poznatk\u016f a mnoh\u00e1 skryt\u00e1 fakta n\u00e1m tak nez\u016fstanou utajena. Velk\u00fdm p\u0159ekvapen\u00edm pro n\u00e1s bylo, \u017ee si na n\u00e1s pan\u00ed Jolanta p\u0159ibrala posilu. Datab\u00e1ze na\u0161ich obl\u00edben\u00fdch pr\u016fvodce se tedy op\u011bt roz\u0161\u00ed\u0159ila.<\/p>\n<h5>Na\u0161\u00edm dne\u0161n\u00edm kulturn\u00edm c\u00edlem byla v\u00fdstava\u00a0&#8222;Daniel Rycharski: Fears&#8220;.<\/h5>\n<p><img loading=\"lazy\" decoding=\"async\" class=\"SzDcob\" src=\"https:\/\/lh3.googleusercontent.com\/5C344XNTZ8b31fzV1bZrMhJP7vH_L9vYBASbyjWzipQ2dXO_ohOJysIpW5M0r1uKQjtelgTyI0tPj9Z1YIrbmkcOLc5yKVrfD6-IjWQsVGILogISRk7wpIhFOfXEy2c0jYHxuBpIoBYEyy371d6asKQZiP3J73Oxrwcfx0t-s2ESwECcdaz_rPOsMP2xBz3OSpbEBvZqAl84Su7zHAi9-ZiEeoV-DGUoV97XPsPH8km2MpUhigpXmiTWcynJQLwMoFwpqeHgSvINHrhp5kcMCbPrvq9cYK63n9kpLG0ENCkZe69Hur6qf9DgjBnSJ_7oCDu9XIxOdAuPzBhjKOfvn0QjtQq9XqPpVcsB7SArip7LSzBWSw6Evd2IFTCTCM-L5_xexcvVGrR37tCBQiy-lcpk2GrajGgeJBTcV3Z-znKnavV9eWTccNJEyxh32he3q5WRWXWfzuYOO-OdecCRIQeJPktawS0EjfnMHKy96vn-7Q35ZOCbE-aE7FKeRkNA3RXGr4s7lgNnrEwhUkk0Thfd5-seDNVi6tQ2htNybbrhfK8fZuBlAKvp55v8QSPCDmVHOZXXRrqeoql2xRv_XlBijv9qD3P_Cm-vatUHfejpUDh497V5jMLThnbaaVmczyMfW8Krt1Q8VFEXCmZ_bvzxKsb3X7aNO447t7q6iJSBCsloYd3sew=s962-no\" width=\"962\" height=\"962\" data-atf=\"false\" data-iml=\"481773\" aria-label=\"Kol\u00e1\u017e \u2013 Fotka \u2013 \u010ctverec \u2013 26. 3. 2019 14:30:34\" \/><\/p>\n<p>V\u00fdstava s barvit\u00fdm v\u00fdkladem n\u00e1s p\u0159ivedla hned na za\u010d\u00e1tku k zamy\u0161len\u00ed, jak obohacuj\u00edc\u00ed je skute\u010dnost, \u017ee jsme ka\u017ed\u00fd jin\u00fd. P\u0159esto je v lidech, obzvl\u00e1\u0161t\u011b na mal\u00fdch m\u011bstech \u010di vesnic\u00edch, st\u00e1le siln\u011b zako\u0159en\u011bna \u0159ada p\u0159edsudk\u016f. Nejen \u017ee to st\u00e1le mnoz\u00ed necht\u011bj\u00ed vid\u011bt, ale odm\u00edtaj\u00ed o tom i diskutovat. Nen\u00ed t\u011b\u017ek\u00e9 \u017eit na polsk\u00e9 vesnici a b\u00fdt siln\u011b v\u011b\u0159\u00edc\u00ed. P\u0159iznat ov\u0161em v t\u00e9to kombinaci \u017ee jste gay, vy\u017eaduje st\u00e1le velkou d\u00e1vku odvahy.<\/p>\n<p>Daniel Rycharski za\u010dal svou tvorbu po studi\u00edch ve sv\u00e9 rodn\u00e9 vsi Kur\u00f3wko a to vesnick\u00fdm street artem. Vyobrazov\u00e1n\u00edm hybridn\u00edch zv\u00ed\u0159at na zdi dom\u016f, stodol a autobusov\u00fdch zast\u00e1vek.<\/p>\n<p>Sv\u00e1 sou\u010dastn\u00e1 d\u00edla tvo\u0159\u00ed mnohdy z nepot\u0159ebn\u00fdch nebo zapomenut\u00fdch p\u0159edm\u011bt\u016f, zrovna tak jako z p\u0159edm\u011bt\u016f, kter\u00e9 se staly &#8222;sv\u011bdkem&#8220; nejpohnut\u011bj\u0161\u00edch lidsk\u00fdch p\u0159\u00edb\u011bh\u016f a ne\u0161t\u011bst\u00ed. Jedn\u00edm z jeho hlavn\u00edch n\u00e1m\u011bt\u016f je \u017eivot na vesnici.<\/p>\n<ul>\n<li>Postel s k\u0159\u00ed\u017eem, jako symbol \u017eivota i h\u0159\u00edchu ve spole\u010dnosti, kter\u00e1 jinakost nep\u0159ij\u00edm\u00e1, s podtextem &#8222;Bez spravedlnosti nen\u00ed solidarity&#8220;.<\/li>\n<li>K\u0159\u00ed\u017ee od\u011bn\u00e9 do \u010d\u00e1st\u00ed od\u011bv\u016f osob s r\u016fznou sexu\u00e1ln\u00ed orientac\u00ed a instalovan\u00e9 jako skupina stra\u0161\u00e1k\u016f pou\u017e\u00edvan\u00fdch na pol\u00edch k pla\u0161en\u00ed divok\u00e9 zv\u011b\u0159e.<\/li>\n<li>Ob\u0159\u00ed neust\u00e1le rezav\u011bj\u00edc\u00ed kolo na \u0159ez\u00e1n\u00ed kamene s \u00fa\u017easn\u00fdm n\u00e1pisem &#8222;Bude\u0161 spasen, pokud bude\u0161 \u017e\u00edt v pravd\u011b. Pokud ne, bude m\u00edsto tebe spasen n\u011bkdo jin\u00fd&#8220;.<\/li>\n<li>K\u0159\u00ed\u017e vyroben\u00fd z v\u011btv\u00ed stromu, pod kter\u00fdm ukon\u010dily \u017eivot dv\u011b mlad\u00e9 \u017eeny, z\u0159ejm\u011b kv\u016fli negativn\u00ed reakci okol\u00ed na jejich sexu\u00e1ln\u00ed orientaci.<\/li>\n<li>Socha p\u0159em\u00fd\u0161lej\u00edc\u00edho roln\u00edka, sed\u00edc\u00edho na n\u00e1dob\u011b na ml\u00e9ko\u00a0na poj\u00edzdn\u00e9 plo\u0161in\u011b. Inspirac\u00ed byla grafika Albrechta Durera.<\/li>\n<\/ul>\n<p>K vid\u011bn\u00ed toho bylo mnohem v\u00edce, ale mysl\u00edm, \u017ee nen\u00ed \u00fa\u010delem vyjmenovat\u00a0v\u0161e. D\u016fle\u017eit\u00e9 je, \u017ee n\u00e1s to p\u0159ivedlo op\u011bt k zamy\u0161len\u00ed. Nen\u00ed n\u00e1hodou d\u016fle\u017eit\u011bj\u0161\u00ed, jak \u017eijeme, co \u010din\u00edme pro druh\u00e9, dok\u00e1\u017eeme si naslouchat a pom\u00e1hat? \u010ceho se vlastn\u011b boj\u00edme my, na\u0161e okol\u00ed, spole\u010dnost, ve kter\u00e9 \u017eijeme? Zjednodu\u0161en\u011b \u0159e\u010deno\u00a0rozhodn\u011b\u00a0n\u00e1s to nenechalo chladn\u00fdmi.<\/p>\n<p>U v\u00fdchodu na n\u00e1s \u010dekalo je\u0161t\u011b mil\u00e9 p\u0159ekvapen\u00ed, mo\u017enost vyfotografovat se s autorem v\u00fdstavy.<\/p>\n<p>Na z\u00e1v\u011br jsme dostali mil\u00e9 pozv\u00e1n\u00ed na nadch\u00e1zej\u00edc\u00ed v\u00fdstavu, tentokr\u00e1t by m\u011bl b\u00fdt t\u00e9matem feminismus. U\u017e se v\u0161ichni t\u011b\u0161\u00edme na explozi na\u0161ich n\u00e1zor\u016f a koment\u00e1\u0159\u016f.<\/p>\n<p>N\u00e1sledoval v\u00fdborn\u00fd ob\u011bd v Dziurce od klucza. Co to znamen\u00e1, v\u0161ichni v\u00edme a net\u0159eba dal\u0161\u00edho koment\u00e1\u0159e Snad jen, \u017ee u tepl\u00e9 pol\u00e9vky jsme pozorovali z okna, jak za\u010d\u00edn\u00e1 sn\u011b\u017eit.<\/p>\n<p>Z\u00e1v\u011bre\u010dn\u00e9 hodnocen\u00ed: D\u00e1v\u00e1me z p\u011bti mo\u017en\u00fdch &#8211; \u0161est hv\u011bzdi\u010dek :)<\/p>\n<div>Pro Kulturn\u00ed \u010dtvrtek 26.3.2019 napsala Margita<\/div>\n<div><\/div>\n<div><a href=\"https:\/\/photos.app.goo.gl\/zYNobqnCPWU5ux3g9\">Zde si m\u016f\u017eete prohl\u00e9dnout fotografie z t\u00e9to akce.<\/a><\/div>\n<div class=\"moz-text-html\" lang=\"x-unicode\">\n<div class=\"\"><\/div>\n<\/div>\n<\/div>\n","protected":false},"excerpt":{"rendered":"<p>Za\u010d\u00e1tek jara a p\u0159edev\u0161\u00edm b\u0159ezen je pro n\u00e1s ji\u017e tradi\u010dn\u011b m\u011bs\u00edcem oslav, a tak jsme si i\u00a0dne\u0161n\u00ed r\u00e1no u k\u00e1vy a \u010daje osladili narozeninov\u00fdmi dort\u00edky. Co\u017e se vlastn\u011b uk\u00e1zalo jako velmi dobr\u00e1 strategie, proto\u017ee nakonec dorazili i ti, co cht\u011bli p\u0159ijet a\u017e na v\u00fdstavu. B\u011bhem bujar\u00e9 konverzace panovala jako v\u017edy velmi vesel\u00e1 n\u00e1lada. Po \u010dase [&hellip;]<\/p>\n","protected":false},"author":67,"featured_media":0,"comment_status":"open","ping_status":"closed","sticky":false,"template":"","format":"standard","meta":{"ngg_post_thumbnail":0,"footnotes":""},"categories":[2],"tags":[],"class_list":["post-5382","post","type-post","status-publish","format-standard","hentry","category-kulturni-ctvrtky"],"_links":{"self":[{"href":"https:\/\/www.infopoint.cz\/polsko\/wp-json\/wp\/v2\/posts\/5382","targetHints":{"allow":["GET"]}}],"collection":[{"href":"https:\/\/www.infopoint.cz\/polsko\/wp-json\/wp\/v2\/posts"}],"about":[{"href":"https:\/\/www.infopoint.cz\/polsko\/wp-json\/wp\/v2\/types\/post"}],"author":[{"embeddable":true,"href":"https:\/\/www.infopoint.cz\/polsko\/wp-json\/wp\/v2\/users\/67"}],"replies":[{"embeddable":true,"href":"https:\/\/www.infopoint.cz\/polsko\/wp-json\/wp\/v2\/comments?post=5382"}],"version-history":[{"count":9,"href":"https:\/\/www.infopoint.cz\/polsko\/wp-json\/wp\/v2\/posts\/5382\/revisions"}],"predecessor-version":[{"id":5661,"href":"https:\/\/www.infopoint.cz\/polsko\/wp-json\/wp\/v2\/posts\/5382\/revisions\/5661"}],"wp:attachment":[{"href":"https:\/\/www.infopoint.cz\/polsko\/wp-json\/wp\/v2\/media?parent=5382"}],"wp:term":[{"taxonomy":"category","embeddable":true,"href":"https:\/\/www.infopoint.cz\/polsko\/wp-json\/wp\/v2\/categories?post=5382"},{"taxonomy":"post_tag","embeddable":true,"href":"https:\/\/www.infopoint.cz\/polsko\/wp-json\/wp\/v2\/tags?post=5382"}],"curies":[{"name":"wp","href":"https:\/\/api.w.org\/{rel}","templated":true}]}}