{"id":5395,"date":"2019-05-14T18:58:58","date_gmt":"2019-05-14T16:58:58","guid":{"rendered":"https:\/\/www.infopoint.cz\/polsko\/?p=5395"},"modified":"2020-01-30T21:53:21","modified_gmt":"2020-01-30T20:53:21","slug":"niewidzialna-wystawa-warszawa","status":"publish","type":"post","link":"https:\/\/www.infopoint.cz\/polsko\/niewidzialna-wystawa-warszawa\/","title":{"rendered":"Jarn\u00ed v\u00fdlet do Var\u0161avsk\u00e9 p\u0159\u00edrody a gastronomick\u00e9 um\u011bn\u00ed"},"content":{"rendered":"\n<p>P\u0159edem upozor\u0148uji, \u017ee p\u00ed\u0161u tvrd\u00e9 \u201ey\u201c u v\u0161ech sloves, kter\u00e9 se t\u00fdkaj\u00ed na\u0161eho d\u00e1msk\u00e9ho klubu. \u201eKulturn\u00ed \u010dtvrtky\u201c, kter\u00e9 z\u00a0nedostatku \u010dasu po\u0159\u00e1d\u00e1me v\u00a0\u00fater\u00fd jsou toti\u017e nav\u00fdsost \u017eenskou z\u00e1le\u017eitost\u00ed. Ka\u017edou sch\u016fzku za\u010d\u00edn\u00e1me lehkou sn\u00eddan\u00ed v\u00a0dev\u011bt r\u00e1no u Dany. M\u00e1me sice pak trochu probl\u00e9m tu veselou konverzaci ve spr\u00e1vn\u00fd okam\u017eik utnout a p\u0159em\u00edstit se n\u011bkam za kulturou, ale zat\u00edm se n\u00e1m to da\u0159\u00ed.<\/p>\n<p><img loading=\"lazy\" decoding=\"async\" class=\"SzDcob\" src=\"https:\/\/lh3.googleusercontent.com\/7A-DYuU6GPXGtAgA4PYp5xh5A3tBJpD2ZKQiREjs1oYs7UWBEElWlSt9MUfJq3LQqLAUe3pjB7QTaMkv782yGYt_h6KCjOXslMXtbVu9H_Th0Sox_4eIufByiBX9UMc8lIkxKGtCEhkqSgoN3vcbrc0UwhNs947g4WgFspBjQf1Y5oulOxMKO-_BjCUXwKVNECCNMd_481X1gXZgh201_ZsFXYQNS8LOeuVirHnp4irLI3Zo6vZ4OiF6CpQ-ThZQId5vROTOlYVy65HCGQPanqh7zCeN3BT1tgwBDiBKlaFBdKtN2GWbQDMVM32Chf-eiBxmQsBSmD9Xu9DO0upA8tNLI9o2hHjPCZ6vinN6l6J-4LtYPqr0QiEPvidC5hL5RiyNbDbhIUHlQcrtAOqSkld4BAmJ0jDPd2XVxB6VIo-JysJk7yRcLajg9ZQL6yduDkJ9c2tMben4h6J-yDc5SyN7UmfaF-iuLibjUUrapV89amo6qWR4MdEMwGpKKOSpYHllNIsgQ4LPsX8z7Q1CGZxIQEbX7OKwSWCqMOOir5TRbzTC1rkCUn7nal-hjZA8pZ2H4rEQevgUrHbJX1_Z1taFWINBSbvTbLeYj3v7Ui7ZMmdyi-TPTyjCMmAFLPsD1GVCmItyZNJJHEPsQH1V-VZqxE4qzn3mG5wibqCK3ZgNrok_NIOjFA=s962-no\" width=\"962\" height=\"962\" data-atf=\"false\" data-iml=\"374971\" aria-label=\"Kol\u00e1\u017e \u2013 Fotka \u2013 \u010ctverec \u2013 30. 1. 2020 18:20:50\" \/><\/p>\n<p>Mimochodem zbo\u017e\u0148uji ten moment, kdy p\u0159ich\u00e1z\u00edm kolem dev\u00e1t\u00e9 k domu, zazvon\u00edm na zvonek u zahradn\u00ed branky a pak se otev\u0159ou domovn\u00ed dve\u0159e, odkud se p\u0159es zahradu a\u017e na chodn\u00edk linou vesel\u00e9 \u017eensk\u00e9 hlasy a sm\u00edch. V\u00a0tu chv\u00edli vstupuji do jin\u00e9ho sv\u011bta. Do sv\u011bta \u010dist\u011b \u017eensk\u00e9ho. Do sv\u011bta pln\u00e9ho souzn\u011bn\u00ed a porozum\u011bn\u00ed.<\/p>\n<p>Letos se jaro ve Var\u0161av\u011b za\u010dalo hl\u00e1sit velice brzy. U\u017e b\u011bhem b\u0159ezna n\u00e1s vyt\u00e1hlo ze zimn\u00edch bund a namlsalo n\u00e1s sluncem a teplotami kolem 20 stup\u0148\u016f. Bylo to p\u00e1r h\u0159ejiv\u00fdch dn\u00ed, kter\u00e9 pak zase rychle skon\u010dily a vyst\u0159\u00eddal je sem tam sn\u00edh, sem tam mraz\u00edk a sem tam v\u00edtr, z\u00a0kter\u00e9ho m\u00e1te pocit, \u017ee je ve Var\u0161av\u011b vlastn\u011b po\u0159\u00e1d.<\/p>\n<p>Pot\u00ed\u017e byla v\u00a0tom, \u017ee se n\u00e1m u\u017e necht\u011blo do tepl\u00fdch kab\u00e1t\u016f. \u201eMus\u00edme se obl\u00e9kat jarn\u011b, abychom to jaro p\u0159ivolali zp\u00e1tky.\u201c Tato pam\u00e1tn\u00e1 v\u011bta zn\u011bla v\u00a0n\u00e1sleduj\u00edc\u00edch t\u00fddnech na\u0161eho \u00fatern\u00edho setk\u00e1v\u00e1n\u00ed n\u011bkolikr\u00e1t. Tak jsme se nakonec 9. dubna rozhodly vyrazit do Var\u0161avsk\u00e9 p\u0159\u00edrody a zjistit, jestli u\u017e je jaro poznat nejen na n\u00e1s.<\/p>\n<p>Pravdou je, \u017ee n\u011bkolik z\u00a0n\u00e1s \u201evym\u011bklo\u201c a m\u00edsto jarn\u00edch kab\u00e1tk\u016f obl\u00e9klo teplou bundu a \u010depici. Ostatn\u00ed, odv\u00e1\u017en\u011b jarn\u011b od\u011bn\u00e9, celou dobu posmrk\u00e1valy, schov\u00e1valy promrzl\u00e9 ruce do kapes a ti\u0161e z\u00e1vid\u011bly.<\/p>\n<p>Autobusem jsme se svezly na zast\u00e1vku Spacerowa ke kraji parku, kter\u00fd se jmenuje Lazienki Kr\u00f3lewskie. Bujn\u00e1 konverzace, kter\u00e1 za\u010dala u\u017e u sn\u00eddan\u011b n\u00e1s neopustila ani v\u00a0autobuse a ani v\u00a0n\u00e1sleduj\u00edc\u00edch hodin\u00e1ch.<\/p>\n<p>Ka\u017ed\u00fd psycholog, kter\u00fd n\u00e1s potk\u00e1, mus\u00ed j\u00e1sat, nebo\u0165 jsme z\u00e1\u0159n\u00fdm p\u0159\u00edkladem poznatku, \u017ee \u017eenin mozek zvl\u00e1dne n\u011bkolik \u010dinnost\u00ed najednou. Tedy krom\u011b neust\u00e1l\u00e9ho hovoru dok\u00e1\u017eeme jet t\u00edm spr\u00e1vn\u00fdm autobusem, vystoupit na spr\u00e1vn\u00e9 zast\u00e1vce, vn\u00edmat stromy, kv\u011btiny a zv\u00ed\u0159ata kolem sebe a nenucen\u011b je zahrnovat do nekone\u010dn\u00e9ho proudu konverzace.<\/p>\n<p>Park Lazienki Kr\u00f3lewskie je rozs\u00e1hl\u00fd komplex pal\u00e1cov\u00fdch budov a zahrad s\u00a0mohutn\u00fdmi stromy, kv\u011btinov\u00fdmi z\u00e1hony a rybn\u00edky, je pln\u00fd pt\u00e1k\u016f a veverek. V\u00a0polsk\u00e9m jazyce znamen\u00e1 slovo \u201elazienki\u201c koupelna. Tak trochu p\u0159em\u00fd\u0161l\u00edm, jestli pan kr\u00e1l chodil po sv\u00e9m teritoriu jen tak v\u00a0\u017eupanu nebo ne\u2026 Park byl zalo\u017een v\u00a018. stolet\u00ed polsk\u00fdm kr\u00e1lem Stanislawem Augustem Poniatowskim.<\/p>\n<p>U\u017e od st\u0159edov\u011bku bylo toto m\u00edsto vyhrazeno p\u0159\u00edrod\u011b. Mazov\u0161t\u00ed v\u00e9vodov\u00e9 sem jezdili na lov zv\u011b\u0159e. Ke konci 18. stolet\u00ed tu za\u010dala vznikat kr\u00e1lovsk\u00e1 letn\u00ed rezidence. Stanislaw August Poniatowski se p\u0159ipravoval na roli kr\u00e1le a pot\u0159eboval k\u00a0tomu klid a soust\u0159ed\u011bn\u00ed. Krom\u011b r\u016fzn\u00fdch vil a z\u00e1me\u010dk\u016f ve stylu klasicismu tu najdeme oran\u017eerii, amfite\u00e1tr, \u010d\u00ednskou zahradu, romantickou zahradu, kr\u00e1lovskou zahradu a modern\u00ed zahradu.<\/p>\n<p>Na\u0161e kroky n\u00e1s zavedly k\u00a0oran\u017eerii. D\u016fvodem byly z\u00e1hony tulip\u00e1n\u016f, u kter\u00fdch jsme p\u0159edpokl\u00e1daly, \u017ee pokvetou. Nekvetly. Bylo chladno, realisticky zalo\u017een\u00fd \u010dlov\u011bk by \u0159ekl dokonce mrazivo. Stromy, ke\u0159e, kv\u011btiny, zv\u00ed\u0159ata a lid\u00e9, kte\u0159\u00ed chodili kolem n\u00e1s v\u00a0rukavic\u00edch (!) v\u016fbec nem\u011bli takovou jarn\u00ed n\u00e1ladu jako my.<\/p>\n<p>Kr\u00e1lovsk\u00e9mu parku jsme v\u0161ak daly je\u0161t\u011b \u0161anci a do\u0161ly jsme do botanick\u00e9 zahrady. Ani tam v\u0161ak jaro nebylo ve velk\u00e9m rozpuku. Kv\u011bty velk\u00fdch magnoli\u00ed u\u017e sice byly nap\u016fl v\u00a0kv\u011btu, ale chlad dne\u0161n\u00edho dne jim to \u00fasp\u011b\u0161n\u011b rozmluvil. Kdo n\u00e1s ale v\u00a0zahrad\u011b bavil, byl pan ka\u010der. Bylo toti\u017e na n\u011bm vid\u011bt, \u017ee i on m\u00e1 jarn\u00ed n\u00e1ladu a sebejist\u011b se p\u0159ipravoval na chv\u00edli, kdy jarn\u00ed n\u00e1ladu dostanou i kachny. Koupal se v\u00a0mal\u00fdch jez\u00edrk\u00e1ch, hopkal z\u00a0jednoho do druh\u00e9ho, jakoby se rozcvi\u010doval a z\u0159ejm\u011b jsme se mu l\u00edbily, proto\u017ee s\u00a0n\u00e1mi i dost dlouhou dobu hovo\u0159il a prov\u00e1zel n\u00e1s.<\/p>\n<p>\u00a0<\/p>\n<p>Kdy\u017e v\u0161ak nastal \u010das ob\u011bda, nechaly jsme ka\u010dera ka\u010derem a parkem jsme pro\u0161ly do b\u00fdval\u00e9ho st\u0159edov\u011bk\u00e9ho hradu, kter\u00fd je nyn\u00ed zn\u00e1m pod n\u00e1zvem Z\u00e1mek Ujazdowski. Od osmdes\u00e1t\u00fdch let minul\u00e9ho stolet\u00ed je toto m\u00edsto doslova mekkou modern\u00edho polsk\u00e9ho um\u011bn\u00ed.<\/p>\n<p>V\u00a0p\u0159\u00edzem\u00ed, s\u00a0v\u00fdhledem na Wislu a pr\u00fd s\u00a0nejkr\u00e1sn\u011bj\u0161\u00ed terasou ve Var\u0161av\u011b (to jsme kv\u016fli zim\u011b opravdu neocenily) je tu zvl\u00e1\u0161tn\u00ed mal\u00e1 restaurace<strong> Qchnia Artystycna<\/strong>, tedy v\u00a0p\u0159ekladu Um\u011bleck\u00e1 kuchyn\u011b. Byly jsme hladov\u00e9, tak jsme se s\u00a0chut\u00ed pustily do objedn\u00e1v\u00e1n\u00ed menu. S\u00a0p\u0159\u00edjemn\u00fdm p\u0159ekvapen\u00edm jsme zjistily, \u017ee modern\u00ed um\u011bn\u00ed se d\u00e1 ztv\u00e1rnit v\u00a0jedl\u00e9 form\u011b. Chu\u0165ov\u00fd i vizu\u00e1ln\u00ed z\u00e1\u017eitek st\u00e1l za to. A\u017e n\u00e1m bylo t\u00e9m\u011b\u0159 l\u00edto jejich v\u00fdtvory sn\u00edst.<\/p>\n<p>Um\u011bleck\u00e1 kuchyn\u011b bylo na\u0161e posledn\u00ed zastaven\u00ed. V\u017edycky, kdy\u017e ukon\u010dujeme n\u00e1\u0161 klub a rozch\u00e1z\u00edme se dom\u016f, dob\u0159e si uv\u011bdomuji, \u017ee nekon\u010d\u00edme proto, \u017ee bychom si snad u\u017e v\u0161echno \u0159ekly, ale prost\u011b jen mus\u00edme vyzvednout d\u011bti ze \u0161kol a \u0161kolek a va\u0159it ve\u010de\u0159e a nakupovat. Tak\u017ee z\u00e1v\u011brem, i kdy\u017e se n\u00e1m nakonec jaro nepoda\u0159ilo p\u0159ivolat, stejn\u011b jsme odch\u00e1zely dom\u016f nadopov\u00e1ny optimismem, \u017ee u\u017e snad p\u0159\u00ed\u0161t\u011b se p\u0159\u00edroda p\u0159id\u00e1 k\u00a0na\u0161\u00ed neutuchaj\u00edc\u00ed jarn\u00ed n\u00e1lad\u011b.<\/p>\n<ol start=\"9\">\n<li>dubna ve Var\u0161av\u011b<\/li>\n<\/ol>\n<p>Pro Kulturn\u00ed \u010dtvrtek napsala Lenka.<\/p>\n<p><a href=\"https:\/\/photos.app.goo.gl\/SAGFYUpUiWCFxA7U6\">M\u016f\u017eete se pod\u00edvat na dal\u0161\u00ed fotografie z t\u00e9to akce.<\/a><\/p>\n<p>\u00a0<\/p>\n<p>\u00a0<\/p>\n","protected":false},"excerpt":{"rendered":"<p>P\u0159edem upozor\u0148uji, \u017ee p\u00ed\u0161u tvrd\u00e9 \u201ey\u201c u v\u0161ech sloves, kter\u00e9 se t\u00fdkaj\u00ed na\u0161eho d\u00e1msk\u00e9ho klubu. \u201eKulturn\u00ed \u010dtvrtky\u201c, kter\u00e9 z\u00a0nedostatku \u010dasu po\u0159\u00e1d\u00e1me v\u00a0\u00fater\u00fd jsou toti\u017e nav\u00fdsost \u017eenskou z\u00e1le\u017eitost\u00ed. Ka\u017edou sch\u016fzku za\u010d\u00edn\u00e1me lehkou sn\u00eddan\u00ed v\u00a0dev\u011bt r\u00e1no u Dany. M\u00e1me sice pak trochu probl\u00e9m tu veselou konverzaci ve spr\u00e1vn\u00fd okam\u017eik utnout a p\u0159em\u00edstit se n\u011bkam za kulturou, ale [&hellip;]<\/p>\n","protected":false},"author":67,"featured_media":0,"comment_status":"open","ping_status":"closed","sticky":false,"template":"","format":"standard","meta":{"ngg_post_thumbnail":0,"footnotes":""},"categories":[2],"tags":[],"class_list":["post-5395","post","type-post","status-publish","format-standard","hentry","category-kulturni-ctvrtky"],"_links":{"self":[{"href":"https:\/\/www.infopoint.cz\/polsko\/wp-json\/wp\/v2\/posts\/5395","targetHints":{"allow":["GET"]}}],"collection":[{"href":"https:\/\/www.infopoint.cz\/polsko\/wp-json\/wp\/v2\/posts"}],"about":[{"href":"https:\/\/www.infopoint.cz\/polsko\/wp-json\/wp\/v2\/types\/post"}],"author":[{"embeddable":true,"href":"https:\/\/www.infopoint.cz\/polsko\/wp-json\/wp\/v2\/users\/67"}],"replies":[{"embeddable":true,"href":"https:\/\/www.infopoint.cz\/polsko\/wp-json\/wp\/v2\/comments?post=5395"}],"version-history":[{"count":12,"href":"https:\/\/www.infopoint.cz\/polsko\/wp-json\/wp\/v2\/posts\/5395\/revisions"}],"predecessor-version":[{"id":5662,"href":"https:\/\/www.infopoint.cz\/polsko\/wp-json\/wp\/v2\/posts\/5395\/revisions\/5662"}],"wp:attachment":[{"href":"https:\/\/www.infopoint.cz\/polsko\/wp-json\/wp\/v2\/media?parent=5395"}],"wp:term":[{"taxonomy":"category","embeddable":true,"href":"https:\/\/www.infopoint.cz\/polsko\/wp-json\/wp\/v2\/categories?post=5395"},{"taxonomy":"post_tag","embeddable":true,"href":"https:\/\/www.infopoint.cz\/polsko\/wp-json\/wp\/v2\/tags?post=5395"}],"curies":[{"name":"wp","href":"https:\/\/api.w.org\/{rel}","templated":true}]}}