{"id":5408,"date":"2019-05-14T19:33:49","date_gmt":"2019-05-14T17:33:49","guid":{"rendered":"https:\/\/www.infopoint.cz\/polsko\/?p=5408"},"modified":"2020-01-30T22:23:29","modified_gmt":"2020-01-30T21:23:29","slug":"niewidzialna-wystawa-warszawa-2","status":"publish","type":"post","link":"https:\/\/www.infopoint.cz\/polsko\/niewidzialna-wystawa-warszawa-2\/","title":{"rendered":"Niewidzialna wystawa Warszawa"},"content":{"rendered":"\n<p><strong>\u00a0<\/strong><\/p>\n<ol start=\"16\">\n<li><strong> dubna<\/strong><\/li>\n<\/ol>\n<p><strong><br \/>Po ob\u010derstven\u00ed u Dany, jsme zam\u00ed\u0159ily autem do centra na proch\u00e1zku po \u010dtvrti Ochota, kde se probouzelo jaro a trochu netradi\u010dn\u011b n\u00e1s u\u017e p\u0159ed v\u00fdstavou \u010dekal ob\u011bd v restauraci Grand Kredens.<\/strong><\/p>\n<p><img loading=\"lazy\" decoding=\"async\" class=\"SzDcob\" src=\"https:\/\/lh3.googleusercontent.com\/M7pF_-bjTWR13h8nyF_y3i3cB5rLK8_htHLGz1HMyc_4phd_gc4895j1r2cjMpC71NUh3lu3B-26YHo0ugY8mEMg2O884QOpKIaCiU0LiIqebxZcy6hGnZje-Yd6Y5GzhXOj7yuaYRtGqLNCjMwhFT979KHXPk6O82aemoErNpWZwThn9cMTVXdpWeTvHIAWAHoZqWHyiC3JVnr8IL_BmremoqfyRTBaLOAKh6U7UcTa4mVIORLzirTHE_gdmM45i1RI599Gn_In7WbStQGJmZGBE2YEE-QB65eMIlGU8ZXizxYSkdrEpKYX3Ulz5842BzzmnOZEEWnO7yWcR2ZWUjdCrJiq7jhaB-fR3ecmrJNBPmPuBP4mu1z8mQlg4MDyWmOfMsnEKNNW-0FBZ3PR_E19vMVsHL7gmO5Yk8czwRpHfZQnMAriQxJWu5KR2G2MYBQ1OiRh9WaDMwGeBoBKL6zvsleP_1p-HuSZMG3JxVbLcCZ_Ygxo97mNbshAV9EX_JMDqjSbW8Ym84DlR_dmyzSbdwZtlHCxbVusp4RJtxZQYRfW7gdU36RLWCNiNpfUPdXM_0NeErHShBofnTGgcY4fehbxbSjHCt6SjqNKdFabzWFlMkrat4V5rKj-yCrpbdTdn0qqIJDuUPJDYWbg1x40N11OelAJHob_S8ZxIhVU989QUvsNaUbjhJb_kdrRybLrMzRIkprULa46fGFODZ8xg2OThAVrQbUm256kno5CW0Y=s962-no\" width=\"962\" height=\"962\" data-atf=\"false\" data-iml=\"105991\" aria-label=\"Kol\u00e1\u017e \u2013 Fotka \u2013 \u010ctverec \u2013 16. 4. 2019 13:31:08\" \/><\/p>\n<p>\u00a0<\/p>\n<p><strong>Niewidzialna Wystawa je skute\u010dn\u011b z\u00e1\u017eitek. Moc se n\u00e1m tam l\u00edbilo a dojmy byly nep\u0159ebern\u00e9.<\/strong><\/p>\n<p><strong>\u00a0<\/strong><strong>Zbyl i \u010das na z\u00e1kusek a k\u00e1vi\u010dku v Trattoria da Antonio, kde jsme v\u0161e je\u0161t\u011b probraly v denn\u00edm sv\u011btle. Dal\u0161\u00ed \u00fasp\u011b\u0161n\u00e9 kulturn\u00ed \u00fater\u00fd za n\u00e1mi.<\/strong><\/p>\n<p>Pro Kulturn\u00ed \u010dtvrtek 16.4.2019 napsala Mirka<\/p>\n<p>\u00a0<\/p>\n<p><a href=\"https:\/\/photos.app.goo.gl\/33RdXk5JegFL47Y17\">Zde si m\u016f\u017eete prohl\u00e9dnout fotografie z t\u00e9to akce.<\/a><\/p>\n<p>\u00a0<\/p>\n","protected":false},"excerpt":{"rendered":"<p>\u00a0 dubna Po ob\u010derstven\u00ed u Dany, jsme zam\u00ed\u0159ily autem do centra na proch\u00e1zku po \u010dtvrti Ochota, kde se probouzelo jaro a trochu netradi\u010dn\u011b n\u00e1s u\u017e p\u0159ed v\u00fdstavou \u010dekal ob\u011bd v restauraci Grand Kredens. \u00a0 Niewidzialna Wystawa je skute\u010dn\u011b z\u00e1\u017eitek. Moc se n\u00e1m tam l\u00edbilo a dojmy byly nep\u0159ebern\u00e9. \u00a0Zbyl i \u010das na z\u00e1kusek a k\u00e1vi\u010dku [&hellip;]<\/p>\n","protected":false},"author":67,"featured_media":0,"comment_status":"open","ping_status":"closed","sticky":false,"template":"","format":"standard","meta":{"ngg_post_thumbnail":0,"footnotes":""},"categories":[2],"tags":[],"class_list":["post-5408","post","type-post","status-publish","format-standard","hentry","category-kulturni-ctvrtky"],"_links":{"self":[{"href":"https:\/\/www.infopoint.cz\/polsko\/wp-json\/wp\/v2\/posts\/5408","targetHints":{"allow":["GET"]}}],"collection":[{"href":"https:\/\/www.infopoint.cz\/polsko\/wp-json\/wp\/v2\/posts"}],"about":[{"href":"https:\/\/www.infopoint.cz\/polsko\/wp-json\/wp\/v2\/types\/post"}],"author":[{"embeddable":true,"href":"https:\/\/www.infopoint.cz\/polsko\/wp-json\/wp\/v2\/users\/67"}],"replies":[{"embeddable":true,"href":"https:\/\/www.infopoint.cz\/polsko\/wp-json\/wp\/v2\/comments?post=5408"}],"version-history":[{"count":4,"href":"https:\/\/www.infopoint.cz\/polsko\/wp-json\/wp\/v2\/posts\/5408\/revisions"}],"predecessor-version":[{"id":5663,"href":"https:\/\/www.infopoint.cz\/polsko\/wp-json\/wp\/v2\/posts\/5408\/revisions\/5663"}],"wp:attachment":[{"href":"https:\/\/www.infopoint.cz\/polsko\/wp-json\/wp\/v2\/media?parent=5408"}],"wp:term":[{"taxonomy":"category","embeddable":true,"href":"https:\/\/www.infopoint.cz\/polsko\/wp-json\/wp\/v2\/categories?post=5408"},{"taxonomy":"post_tag","embeddable":true,"href":"https:\/\/www.infopoint.cz\/polsko\/wp-json\/wp\/v2\/tags?post=5408"}],"curies":[{"name":"wp","href":"https:\/\/api.w.org\/{rel}","templated":true}]}}