{"id":5416,"date":"2019-05-15T09:15:42","date_gmt":"2019-05-15T07:15:42","guid":{"rendered":"https:\/\/www.infopoint.cz\/polsko\/?p=5416"},"modified":"2020-01-30T22:43:27","modified_gmt":"2020-01-30T21:43:27","slug":"majova-navsteva-botanicke-zahrady-powsin","status":"publish","type":"post","link":"https:\/\/www.infopoint.cz\/polsko\/majova-navsteva-botanicke-zahrady-powsin\/","title":{"rendered":"M\u00e1jov\u00e1 n\u00e1v\u0161t\u011bva botanick\u00e9 zahrady Powsin."},"content":{"rendered":"\n<p><br \/><br \/>Chladn\u00e9, ale p\u0159esto slune\u010dn\u00e9 m\u00e1jov\u00e9 r\u00e1no n\u00e1s vyl\u00e1kalo na proch\u00e1zku do botanick\u00e9 zahrady v Powsin\u011b. Prohl\u00eddku zahrady jsme za\u010dali tradi\u010dn\u011b \u010dajem, k\u00e1vou a sladkou te\u010dkou. Nejen proto, \u017ee bylo pot\u0159eba sfouknout dal\u0161\u00ed narozeninovou sv\u00ed\u010dku, ale z\u00e1rove\u0148 z\u00edskat p\u0159\u00edle\u017eitost poctiv\u011b ohodnotit m\u00edstn\u00ed kav\u00e1rnu. Mysl\u00edm, \u017ee nezklamala.<\/p>\n<p><img loading=\"lazy\" decoding=\"async\" class=\"SzDcob\" src=\"https:\/\/lh3.googleusercontent.com\/r88swWAt7mUsruJaDX2wxomv04YPKhxX0THA9Hn201sQ4O-wT0C1ogGWZTanc7Rm3dqbWM_FlWpwvhMARIFu3oN1rrLNI1fTpBW7-7uzKOJnHGsGq0beStRUqK1ndbT1ndzG9q64euEglO-XPhMoQiFIAJJBWH8PzGWY0Wjm33_5IgBtHUJTZW4fDGpJFAOv6loFyDXyIMnhQhdn1Ood9hwCBcY9aWGUA13w4EVuY1KmupqXZo5Ks8Cnm91OE-9xXA2Hd8GRb8OwdLHyPCshMCPc7t0zUcSfucvVtIxgHBJZXjhzgtrs2ZZQTW1tmNxrlkp03JomAfcSW14_es8vWCi4GiwF1FW2CPO8muAl1tdwAw5khN6wUIW_sF7QZpPIeLg67UlRnG4ViZOm0RzlqW4zvjX3r-S8925Uvm_5TpAZXSThrJRsilh94u-heYrnTa1CFZHr5rNe5FtrH3l9EgxbUUbu0H0_9xmd_s9fwA6_vdIG1mJjaSAQjVjz55tM1T1KIbJrBlsqhKa_nW4CqIzP3vBELERkQGaAZtTmk3qND4dhx2UBcNhfnaLL6HnJ1DOVPlaUjQRGvQfcyX-KnP434Rtw8DqN6scAje3gWxW5e-r0OXRREyg-G8sfXupiBguCSrQ2X3TJi0LOILncz-LkJHbt2YV63SeKSNJK3omiZqvzDNBMUOI4WRiljCRsML_o8C7X509V-nPbx0Kb9agGKMAQsi5cc_ZO2VVPQXJlJhE=s962-no\" width=\"962\" height=\"962\" data-atf=\"false\" data-iml=\"3470930\" aria-label=\"Kol\u00e1\u017e \u2013 Fotka \u2013 \u010ctverec \u2013 7. 5. 2019 12:41:20\" \/><\/p>\n<p>Slune\u010dn\u00e9 po\u010das\u00ed p\u0159idalo na kr\u00e1se v\u0161em kvetouc\u00edm rostlin\u00e1m, strom\u016fm i ke\u0159\u016fm. Proto\u017ee je kv\u011bten, zahradu zdob\u00ed p\u0159edev\u0161\u00edm v\u0161emi barvami rozkvetl\u00e9 p\u011bni\u0161n\u00edky neboli azalky a rododendrony, tedy n\u00e1rodn\u00ed kv\u011btina Nep\u00e1lu. V\u016fn\u011b byla omamn\u00e1, ale t\u00e9 syt\u00e9 r\u016f\u017eov\u00e9 barvy pr\u00fd bylo m\u00edsty trochu moc. Na\u0161e oko pot\u011b\u0161ila i proch\u00e1zka sklen\u00edky s tropick\u00fdmi a subtropick\u00fdmi rostlinami. Ban\u00e1ny, citr\u00f3ny, mandarinky, brom\u00e9lie, kaktusy, ibi\u0161ek, kam\u00e9lie i maso\u017erav\u00e9 rostliny n\u00e1s nadchly sv\u00fdm vzr\u016fstem.<br \/><br \/>Prvn\u00ed zm\u00ednky o tamn\u00ed botanick\u00e9 zahrad\u011b poch\u00e1z\u00ed ji\u017e z roku 1928, tud\u00ed\u017e n\u011bkter\u00e9 d\u0159eviny budou mnoh\u00e9 pamatovat.<\/p>\n<p><img loading=\"lazy\" decoding=\"async\" class=\"SzDcob\" src=\"https:\/\/lh3.googleusercontent.com\/y70QpDmd5Fwtywkg1PDAyQz__KsNWxhvkZtWMwJ_DkrqDiiJeNvRdjMwf3mkwFiwDgQHmpQAgDMYbFz7WJS_PT0YMPUKr78Ekh5f2M7qlV7ss0BfSYtWQP7Hx6h92kgyEBHT6t5OdkEaLYu-5WW82ltv2I5d0miCQ-0DUluWjcNEiobGZGZHqXhZhpdEK5UMzyYyGjwWfsapoH_zu9AMbItgynp3BBkxQIVip3-2FfmVVv7TI7FHuLK0y2hd91xWOMXBlfabYHQ3VDzd0FP2Qtq-3lmD6wnGYU2x0X2BpQ2RksvRbFchba1D-v8n34F5sgh5eQAufQp0mQG2ZQi4igYlJQn3i1QfurF6dDoLz1Mpq86bT5l8DCIorZkjt4Og8AdSiScx1gk6re3RU7XQz0ft4LomKejs6Ya8_m6tgZ1YKeb2lTiK4D-yBsV1g2b121j93cYWoSAbbaLUCnXLnGJChs9YxnLxx63qAfSioSc8q6YVX3cWueDqfUMJ1qhqzp6bvEs2emaWWOryKjXgtqi7x2rRPX_LNr6-Eh0bP92N4ttA-tStZvJjVzmYxgFhvG9IsuLpgxXxvy5cGpDy9iwYN3OVmEc2nu8S7SRMPVnFtf1dYRCjLK_1yZUcNyYY2PnQiB3mokD5hE4Q4MDV-XCeQdb203jG-rxE_5wpLyimjbuMuOq9EQ=w722-h962-no\" width=\"722\" height=\"962\" aria-label=\"Fotka \u2013 Na v\u00fd\u0161ku \u2013 7. 5. 2019 12:09:41\" data-atf=\"false\" \/><\/p>\n<p>A pro z\u00e1jemce upozorn\u011bn\u00ed, hledaj\u00ed zahradn\u00edky. <br \/><br \/>Na ob\u011bd jsme vybrali strategick\u00e9 m\u00edsto pro dal\u0161\u00ed p\u0159em\u00edst\u011bn\u00ed, tedy Milanovo.<\/p>\n<p>J\u00eddlo bylo v\u00fdborn\u00e9, jen sle\u010dna serv\u00edrka se do n\u00e1s na z\u00e1v\u011br trochu nep\u0159\u00edjemn\u011b zakousla. Je\u0161t\u011b \u0161t\u011bst\u00ed, \u017ee jsme du\u0161e velkorys\u00e9. Nechme plavat, co bylo, a t\u011b\u0161me se na to, co bude. P\u0159\u00ed\u0161t\u011b toti\u017e za\u010d\u00edn\u00e1me p\u0159ekr\u00e1sn\u00fdm a zajist\u00e9 v\u00fdte\u010dn\u00fdm jahodov\u00fdm z\u00e1kuskem, t\u011b\u0161\u00edme se u\u017e te\u010f!<\/p>\n<p>Pro Kulturn\u00ed \u010dtvrtek napsala Margita<\/p>\n<p><a href=\"https:\/\/photos.app.goo.gl\/M1Kp4n9TqhcSYeS17\">M\u016f\u017eete se pod\u00edvat i na dal\u0161\u00ed fotografie.<\/a><\/p>\n<p>\u00a0<\/p>\n<p>\u00a0<\/p>\n","protected":false},"excerpt":{"rendered":"<p>Chladn\u00e9, ale p\u0159esto slune\u010dn\u00e9 m\u00e1jov\u00e9 r\u00e1no n\u00e1s vyl\u00e1kalo na proch\u00e1zku do botanick\u00e9 zahrady v Powsin\u011b. Prohl\u00eddku zahrady jsme za\u010dali tradi\u010dn\u011b \u010dajem, k\u00e1vou a sladkou te\u010dkou. Nejen proto, \u017ee bylo pot\u0159eba sfouknout dal\u0161\u00ed narozeninovou sv\u00ed\u010dku, ale z\u00e1rove\u0148 z\u00edskat p\u0159\u00edle\u017eitost poctiv\u011b ohodnotit m\u00edstn\u00ed kav\u00e1rnu. Mysl\u00edm, \u017ee nezklamala. Slune\u010dn\u00e9 po\u010das\u00ed p\u0159idalo na kr\u00e1se v\u0161em kvetouc\u00edm rostlin\u00e1m, strom\u016fm i [&hellip;]<\/p>\n","protected":false},"author":67,"featured_media":0,"comment_status":"open","ping_status":"closed","sticky":false,"template":"","format":"standard","meta":{"ngg_post_thumbnail":0,"footnotes":""},"categories":[2],"tags":[],"class_list":["post-5416","post","type-post","status-publish","format-standard","hentry","category-kulturni-ctvrtky"],"_links":{"self":[{"href":"https:\/\/www.infopoint.cz\/polsko\/wp-json\/wp\/v2\/posts\/5416","targetHints":{"allow":["GET"]}}],"collection":[{"href":"https:\/\/www.infopoint.cz\/polsko\/wp-json\/wp\/v2\/posts"}],"about":[{"href":"https:\/\/www.infopoint.cz\/polsko\/wp-json\/wp\/v2\/types\/post"}],"author":[{"embeddable":true,"href":"https:\/\/www.infopoint.cz\/polsko\/wp-json\/wp\/v2\/users\/67"}],"replies":[{"embeddable":true,"href":"https:\/\/www.infopoint.cz\/polsko\/wp-json\/wp\/v2\/comments?post=5416"}],"version-history":[{"count":10,"href":"https:\/\/www.infopoint.cz\/polsko\/wp-json\/wp\/v2\/posts\/5416\/revisions"}],"predecessor-version":[{"id":5667,"href":"https:\/\/www.infopoint.cz\/polsko\/wp-json\/wp\/v2\/posts\/5416\/revisions\/5667"}],"wp:attachment":[{"href":"https:\/\/www.infopoint.cz\/polsko\/wp-json\/wp\/v2\/media?parent=5416"}],"wp:term":[{"taxonomy":"category","embeddable":true,"href":"https:\/\/www.infopoint.cz\/polsko\/wp-json\/wp\/v2\/categories?post=5416"},{"taxonomy":"post_tag","embeddable":true,"href":"https:\/\/www.infopoint.cz\/polsko\/wp-json\/wp\/v2\/tags?post=5416"}],"curies":[{"name":"wp","href":"https:\/\/api.w.org\/{rel}","templated":true}]}}