{"id":5435,"date":"2019-06-10T15:08:35","date_gmt":"2019-06-10T13:08:35","guid":{"rendered":"https:\/\/www.infopoint.cz\/polsko\/?p=5435"},"modified":"2019-09-19T16:16:23","modified_gmt":"2019-09-19T14:16:23","slug":"muzeum-na-visle-a-studentska-soutez","status":"publish","type":"post","link":"https:\/\/www.infopoint.cz\/polsko\/muzeum-na-visle-a-studentska-soutez\/","title":{"rendered":"Muzeum na Visle a studentsk\u00e1 sout\u011b\u017e"},"content":{"rendered":"\n<p>14.5.2019<\/p>\n<p>Dnes jsme se jako obvykle se\u0161ly na rann\u00ed k\u00e1vi\u010dku a \u010daj u Dany a jeliko\u017e jsem to byla tentokr\u00e1t j\u00e1, kdo byl \u010derstv\u011b o rok star\u0161\u00ed, tak jsem p\u0159inesla m\u016fj obl\u00edben\u00fd jahodov\u00fd dort a n\u011bco na p\u0159i\u0165uknut\u00ed?. T\u00e9mata byla pon\u011bkud v\u00e1\u017en\u011bj\u0161\u00ed, ale zato velmi zaj\u00edmav\u00e1. A jeliko\u017e jsme m\u011bly domluvenou pr\u016fvodkyni v\u00a0Muzeu modern\u00edho um\u011bn\u00ed na Visle a\u017e na dvan\u00e1ctou hodinu, tak jsme toho probraly celkem dost?.<\/p>\n<p>Po\u010das\u00ed n\u00e1m moc nep\u0159\u00e1lo, ale to n\u00e1m n\u00e1ladu nezkazilo. P\u0159ed muzeem na n\u00e1s ji\u017e \u010dekala moje mil\u00e1 kamar\u00e1dka \u2013 skoro sousedka Petra, kter\u00e1 se k\u00a0n\u00e1m dnes p\u0159idala poprv\u00e9. A tak se na ni d\u00e1my ji\u017e t\u011b\u0161ily, p\u0159edev\u0161\u00edm na to, jak ji vyzpov\u00eddaj\u00ed ?. Ale jeliko\u017e n\u00e1m hned za\u010dala prohl\u00eddka, tak to musela d\u011bv\u010data nechat a\u017e na ob\u011bd.<\/p>\n<p>Ujala se n\u00e1s op\u011bt \u201ena\u0161e\u201c pr\u016fvodkyn\u011b pan\u00ed Jolanta a informace dopl\u0148oval i pan Cesare. Modern\u00ed um\u011bn\u00ed nen\u00ed \u00fapln\u011b m\u016fj \u0161\u00e1lek k\u00e1vy a tak jsem velmi ocenila, \u017ee jsme m\u011bly prohl\u00eddku komentovanou znalci.<\/p>\n<p>Dne\u0161n\u00ed v\u00fdstava byla pojata jako studentsk\u00e1 sout\u011b\u017e roku 2019, tud\u00ed\u017e n\u00e1s \u010dekaly v\u00fdtvory mlad\u00fdch um\u011blc\u016f a um\u011blky\u0148. Nejprve jsme se dozv\u011bd\u011bly p\u00e1r informac\u00ed o minul\u00e9 v\u00fdherkyni t\u00e9to sout\u011b\u017ee a o jej\u00edm d\u00edle. Dal\u0161\u00edm a tud\u00ed\u017e prvn\u00edm expon\u00e1tem t\u00e9to nov\u00e9 sout\u011b\u017ee byla jak\u00e1si \u0161koln\u00ed \u017eidle stoj\u00edc\u00ed na podlaze v\u00a0podivn\u011b p\u0159ekroucen\u00e9m obr\u00e1cen\u00e9m stavu a tak se n\u00e1m naskytl pohled na spoustu \u017ev\u00fdka\u010dek p\u0159ilepen\u00fdch na spodn\u00ed \u010d\u00e1sti sed\u00e1tka. N\u011bkter\u00e9 z\u00a0n\u00e1s si hned vybavily, jak se i ony samy b\u011bhem studentsk\u00fdch let zbavovaly stejn\u00fdm zp\u016fsobem sv\u00fdch \u017ev\u00fdka\u010dek. Nicm\u00e9n\u011b pro mnoh\u00e9 z\u00a0n\u00e1s to byl pohled pon\u011bkud nechutn\u00fd, proto jsme rad\u011bji p\u0159e\u0161ly k\u00a0dal\u0161\u00edmu d\u00edlu, kter\u00fdm byly t\u0159i obrazy vytvo\u0159en\u00e9 z\u00a0molitanu p\u0159edstavuj\u00edc\u00ed lidsk\u00e9 t\u011blo. Pot\u00e9 jsme se p\u0159esunuly k t\u0159\u00edst\u011bnn\u00e9mu objektu, ve kter\u00e9m byl sv\u011btle \u017elut\u00fd p\u00edsek, v\u00a0n\u011bm zap\u00edchnut\u00fd \u010dern\u00fd k\u016fl a na jedn\u00e9 st\u011bn\u011b dva stejn\u00e9 \u010dern\u011b zar\u00e1movan\u00e9 \u017elut\u00e9 obrazy. Obraz se jmenoval Meeting point a n\u011bkter\u00e9 z\u00a0n\u00e1s si dovedly p\u0159edstavit se na p\u00edsku uvelebit v\u00a0pl\u00e1\u017eov\u00e9m leh\u00e1tku a t\u0159eba i \u010dekat na n\u011bjak\u00e9 to setk\u00e1n\u00ed. Zaj\u00edmav\u00fdm bodem byly ov\u0161em baz\u00e9nov\u00e9 sch\u016fdky um\u00edst\u011bn\u00e9 v\u00a0p\u00edsku na okraji d\u00edla, kter\u00e9 n\u00e1m pon\u011bkud naru\u0161ovaly p\u0159edstavu pl\u00e1\u017ee a mo\u0159e. A tak to asi m\u011blo b\u00fdt. Jin\u00fd expon\u00e1t n\u00e1s pak zavedl do na\u0161eho d\u011btstv\u00ed, kdy\u017e p\u0159ed n\u00e1mi st\u00e1la klasick\u00e1 ob\u00fdvac\u00ed st\u011bna z\u00a0dob komunismu, pln\u00e1 zar\u00e1movan\u00fdch fotek a dal\u0161\u00edch drobnost\u00ed z\u00a0t\u00e9 doby. Toto d\u00edlo m\u011blo pouk\u00e1zat p\u0159edev\u0161\u00edm na sousedsk\u00e9 vztahy, kter\u00e9 byly d\u0159\u00edve v\u0159elej\u0161\u00ed a intenzivn\u011bj\u0161\u00ed, zat\u00edmco v\u00a0dne\u0161n\u00ed dob\u011b se mnoz\u00ed soused\u00e9 sotva pozdrav\u00ed. Velmi negativn\u011b jsme ale vn\u00edmaly videoexpon\u00e1t, kter\u00fd zachycoval t\u011blo nah\u00e9ho mu\u017ee le\u017e\u00edc\u00edho na b\u0159i\u0161e v\u00a0tr\u00e1v\u011b a jeho\u017e ruku do krve a do masa ohlod\u00e1vala mal\u00e1 s\u00fdkorka. No, sice zaj\u00edmav\u00e1, ale dosti odpuzuj\u00edc\u00ed p\u0159edstava splynut\u00ed \u010dlov\u011bka s\u00a0p\u0159\u00edrodou. V\u0161echna d\u00edla jsme si bohu\u017eel prohl\u00e9dnout nestihly a ani j\u00e1 jsem se tu nezm\u00ednila o v\u0161ech, co jsme vid\u011bly a probraly. \u010cas n\u00e1s nemilosrdn\u011b tla\u010dil d\u00e1l sm\u011br ob\u011bd a tak jsme se v\u00a0lehk\u00e9m de\u0161ti vydaly svi\u017en\u00fdm krokem do restaurace LAS, kde jsme si jako obvykle pochutnaly. Je\u0161t\u011b jsme probraly dojmy z\u00a0v\u00fdstavy plus p\u00e1r dal\u0161\u00edch t\u00e9mat a kolem t\u0159et\u00ed hodiny op\u011bt nastalo lou\u010den\u00ed a n\u00e1vrat k\u00a0na\u0161im d\u011bti\u010dk\u00e1m.<\/p>\n<p><img loading=\"lazy\" decoding=\"async\" class=\"SzDcob\" src=\"https:\/\/lh3.googleusercontent.com\/Wyfns-h60M1iNM6ZXRecL4FBKPUhw8vzB4P8Y7huiA-bZ3JSPETD46QWj4Uh5fybJBtHI78ZzHTqxBoFXdQSuhVALIgQsJJcmtYAnD9C8aFOAj7ICvYGZlgY16Uj8obrJAmaCCLVRVGnAdGBO-hfCppv0kXY39XPUlos4cmDSAK1T0PIJwG8xNhv3GVwtkG7jKnBj9nG8-cRdrr6JELA3Qxor1sJmZP5KRYLLPoCzE2wqavLs7ofSqWZuuDmmXAr78n6uH2k6UOChgMjnDnv8AupfDLO-GJbbfcr42hHvG7WXUbbHf1QshIgMvYc5e_wY3Ca0Y9BAMrVV3MA8XbeELZNkvHeyFpAYSvkZQqmKNEBP9HE1fSEbEPaMKRV2L98syf6tQhzw3bdgQCWjXef4kh-cmdpN59l8JrXlBA2uTqar4PFlJr0z3S_HPpHeRbTHwWkSosTDKxL3g2kUR1qH80P5RbiL5K8UefaQ19oBrNkJma0gd08-T8z_SPNCbjdtsj5ZaljJEmWDpniqvV86-oY-qrRzb0TSC7Hq9M5yfuuQhkosWT1NGhJTCBoYX4IGMengq1PFXgFvutvKb0HQP0fO-jYIbTgn_JSYemdodBcy2WcdcXGkFRQcqujsgeP39Z6Eun2GhoV_3_Tsh--g3hfNlz8UHB8liHT439tui4AHDhhCOoGIQ=w1189-h671-no\" width=\"1189\" height=\"671\" aria-label=\"Photo - Landscape - May 14, 2019, 12:39:37 PM\" \/><\/p>\n<p>Pro Kulturn\u00ed \u010dtvrtek napsala Lucie.<\/p>\n<p><a href=\"https:\/\/photos.app.goo.gl\/VXX9v5jAhgjhigzSA\">fotogalerie z t\u00e9to akce<\/a><\/p>\n","protected":false},"excerpt":{"rendered":"<p>14.5.2019 Dnes jsme se jako obvykle se\u0161ly na rann\u00ed k\u00e1vi\u010dku a \u010daj u Dany a jeliko\u017e jsem to byla tentokr\u00e1t j\u00e1, kdo byl \u010derstv\u011b o rok star\u0161\u00ed, tak jsem p\u0159inesla m\u016fj obl\u00edben\u00fd jahodov\u00fd dort a n\u011bco na p\u0159i\u0165uknut\u00ed?. T\u00e9mata byla pon\u011bkud v\u00e1\u017en\u011bj\u0161\u00ed, ale zato velmi zaj\u00edmav\u00e1. A jeliko\u017e jsme m\u011bly domluvenou pr\u016fvodkyni v\u00a0Muzeu modern\u00edho um\u011bn\u00ed [&hellip;]<\/p>\n","protected":false},"author":67,"featured_media":0,"comment_status":"open","ping_status":"closed","sticky":false,"template":"","format":"standard","meta":{"ngg_post_thumbnail":0,"footnotes":""},"categories":[2],"tags":[],"class_list":["post-5435","post","type-post","status-publish","format-standard","hentry","category-kulturni-ctvrtky"],"_links":{"self":[{"href":"https:\/\/www.infopoint.cz\/polsko\/wp-json\/wp\/v2\/posts\/5435","targetHints":{"allow":["GET"]}}],"collection":[{"href":"https:\/\/www.infopoint.cz\/polsko\/wp-json\/wp\/v2\/posts"}],"about":[{"href":"https:\/\/www.infopoint.cz\/polsko\/wp-json\/wp\/v2\/types\/post"}],"author":[{"embeddable":true,"href":"https:\/\/www.infopoint.cz\/polsko\/wp-json\/wp\/v2\/users\/67"}],"replies":[{"embeddable":true,"href":"https:\/\/www.infopoint.cz\/polsko\/wp-json\/wp\/v2\/comments?post=5435"}],"version-history":[{"count":6,"href":"https:\/\/www.infopoint.cz\/polsko\/wp-json\/wp\/v2\/posts\/5435\/revisions"}],"predecessor-version":[{"id":5491,"href":"https:\/\/www.infopoint.cz\/polsko\/wp-json\/wp\/v2\/posts\/5435\/revisions\/5491"}],"wp:attachment":[{"href":"https:\/\/www.infopoint.cz\/polsko\/wp-json\/wp\/v2\/media?parent=5435"}],"wp:term":[{"taxonomy":"category","embeddable":true,"href":"https:\/\/www.infopoint.cz\/polsko\/wp-json\/wp\/v2\/categories?post=5435"},{"taxonomy":"post_tag","embeddable":true,"href":"https:\/\/www.infopoint.cz\/polsko\/wp-json\/wp\/v2\/tags?post=5435"}],"curies":[{"name":"wp","href":"https:\/\/api.w.org\/{rel}","templated":true}]}}