{"id":5439,"date":"2019-06-10T15:15:16","date_gmt":"2019-06-10T13:15:16","guid":{"rendered":"https:\/\/www.infopoint.cz\/polsko\/?p=5439"},"modified":"2019-09-13T22:40:51","modified_gmt":"2019-09-13T20:40:51","slug":"velky-varsavsky-sen","status":"publish","type":"post","link":"https:\/\/www.infopoint.cz\/polsko\/velky-varsavsky-sen\/","title":{"rendered":"VELK\u00dd VAR\u0160AVSK\u00dd SEN"},"content":{"rendered":"\n<div class=\"moz-text-html\" lang=\"x-unicode\">Kone\u010dn\u011b se splnil m\u016fj osobn\u00ed VELK\u00dd VAR\u0160AVSK\u00dd SEN &#8211; jely jsme turistick\u00fdm autobusem hip on-hip off!<br \/>Byl kr\u00e1sn\u00fd, \u010derven\u00fd, dvoupatrov\u00fd se zasouvac\u00ed st\u0159echou a mil\u00fdm \u0159idi\u010dem ve slu\u0161iv\u00e9 uniform\u011b.<br \/><br \/>Sraz nebyl tentokr\u00e1t u Dany- musela do Prahy a pr\u00fd ji to moc mrzelo, \u017ee nem\u016f\u017ee jet tak\u00e9- ale se\u0161ly jsme se na p\u0159\u00e1n\u00ed Mirky v \u010dokol\u00e1dovn\u011b Wedel- no a ta se bohu\u017eel tak\u00e9 na posledn\u00ed chv\u00edli omluvila, proto\u017ee ji onemocn\u011bl synek.<br \/>Jinak v\u0161e dokonal\u00e9.<br \/><br \/>Vybraly jsme nejbli\u017e\u0161\u00ed pobo\u010dku Wedelu\u00a0k zast\u00e1vce autobusu a u\u017e\u00edvaly si \u010dokol\u00e1dy\u00a0<a href=\"https:\/\/www.wedelpijalnie.pl\/pl\">https:\/\/www.wedelpijalnie.pl\/pl<\/a>.\u00a0\u00a0Nejv\u00edce otestovala asi Lucka, kter\u00e1 je na \u010dokol\u00e1d\u011b p\u0159\u00edmo z\u00e1visl\u00e1 (a je z n\u00e1s nejhuben\u011bj\u0161\u0161\u00ed!).<\/div>\n<div class=\"moz-text-html\" lang=\"x-unicode\"><br \/>P\u0159ed 12 hodinou u\u017e \u010dek\u00e1me jako prvn\u00ed na zast\u00e1vce &#8211; jak jsme ale pozd\u011bji zjistily na rozpise j\u00edzd, pojedeme a\u017e ve 12.40. Nevad\u00ed, aspo\u0148 \u201cchytnem\u201d dobr\u00e1 m\u00edsta, za n\u00e1mi u\u017e tak\u00e9 \u010dek\u00e1 skupina Ind\u016f a p\u0159ich\u00e1zej\u00ed dal\u0161\u00ed turist\u00e9.<br \/>Cel\u00e9 nat\u011b\u0161en\u00e9 vyhl\u00ed\u017e\u00edme n\u00e1\u0161 autobus. M\u00e1me kr\u00e1sn\u00e1 m\u00edsta naho\u0159e na pat\u0159e s otev\u0159enou st\u0159echou a nastavujeme si sluch\u00e1tka.<br \/><img loading=\"lazy\" decoding=\"async\" class=\"shrinkToFit\" src=\"https:\/\/d3rhqa464i8zgs.cloudfront.net\/large\/warsawweb.jpg_P_80_cf865c6f-c6d5-4ef9-8ad7-e4af893f79b4\" alt=\"https:\/\/d3rhqa464i8zgs.cloudfront.net\/large\/warsawweb.jpg_P_80_cf865c6f-c6d5-4ef9-8ad7-e4af893f79b4\" width=\"1004\" height=\"671\" \/><br \/>\n<div>Autobus jede po dvou okruz\u00edch- n\u00e1s dnes \u010dek\u00e1 modr\u00fd na trase Palac Kultury a Nauky &#8211;\u00a0 Muzeum Powstania Warszawskiego &#8211; Muzeum Zach\u0119ta &#8211; Stare Miasto &#8211; Plac Zamkowy &#8211; Muzeum Chopin &#8211;\u00a0 Plac Trzech Krzy\u017cy\u00a0 &#8211; park Lazienki.<\/div>\n<div>\u00a0<\/div>\n<div>L\u00edstek plat\u00ed na 24 hodin, tak se dokonce domlouv\u00e1me na dal\u0161\u00ed den na okruh \u010derven\u00fd- ten vede i na druhou stranu \u0159eky Visly na Pragu a vrac\u00ed se pak okolo \u017eidovsk\u00e9ho muzea Polin.<\/div>\n<br \/>Fot\u00edme, pozorujeme, poslouch\u00e1me zaj\u00edmav\u00e9 informace o Var\u0161av\u011b ze sluch\u00e1tek- no a hlavn\u011b si spojujeme m\u00edsta, kter\u00e1 jsme u\u017e osobn\u011b nav\u0161t\u00edvily a l\u00e9pe poznaly. <br \/>Up\u0159\u00edmn\u011b- osobn\u011b jsme myslela, \u017ee si \u201cto\u201d spoj\u00edm v\u00edce, ale asi bych musela jezdit \u010dast\u011bji a to by u\u017e se mnou holky nedaly&#8230;Ale i tak u\u017e dnes (aspo\u0148 tedy mysl\u00edm) tref\u00edm k zelen\u00e9 budov\u011b Nejvy\u0161\u0161\u00edho soudu nebo k muzeu Var\u0161avsk\u00e9ho povst\u00e1n\u00ed. Do Polinu si zat\u00edm netroufnu.<br \/><br \/>St\u00edh\u00e1me i trochu pozdn\u00ed ob\u011bd- v restauraci Bravo eat&amp;drink, kde sice celkem dob\u0159e va\u0159\u00ed, ale ru\u0161\u00ed n\u00e1s hlu\u010dn\u00e1 hiphopov\u00e1 muzika. I kdy\u017e jsme tu sami a pan majitel tak\u00e9 nen\u00ed, nem\u016f\u017ee ji obsluha vypnout- je to p\u0159\u00edkaz z veden\u00ed, pr\u00fd aby se vz\u00e1jemn\u011b neodposlouch\u00e1vali host\u00e9 od vedlej\u0161\u00edch stol\u016f. Moc nech\u00e1peme&#8230;a dal\u0161\u00ed den rad\u011bji ob\u011bdv\u00e1me jinde, ve fast foodu v obchodn\u00edm centru Zlote terasy (no zas tak \u0161patn\u00e9 to ale nebylo..).<br \/><br \/>Za v\u0161echny, kter\u00e9 byly na t\u00e9to turistick\u00e9 \u201catrakci\u201d mohu \u0159\u00edci, \u017ee to bylo super, u\u017eily jsme si to. Je zaj\u00edmav\u00e9 vid\u011bt zn\u00e1m\u00e1 m\u00edsta zase z jin\u00e9ho pohledu. A jak \u0159ekla Petra, p\u0159ipadala si chv\u00edli jak na dovolen\u00e9.<\/div>\n<div lang=\"x-unicode\">\u00a0<\/div>\n<div lang=\"x-unicode\">\n<p>Pro Kulturn\u00ed \u010dtvrtek napsala Monika.<\/p>\n<p><a href=\"https:\/\/photos.app.goo.gl\/Cq2x6e2hwgCowjif8\">Zde<\/a> si m\u016f\u017eete prohl\u00e9dnout dal\u0161\u00ed fotografie z t\u00e9to akce.<\/p>\n<\/div>\n<div lang=\"x-unicode\">\u00a0<\/div>\n","protected":false},"excerpt":{"rendered":"<p>Kone\u010dn\u011b se splnil m\u016fj osobn\u00ed VELK\u00dd VAR\u0160AVSK\u00dd SEN &#8211; jely jsme turistick\u00fdm autobusem hip on-hip off!Byl kr\u00e1sn\u00fd, \u010derven\u00fd, dvoupatrov\u00fd se zasouvac\u00ed st\u0159echou a mil\u00fdm \u0159idi\u010dem ve slu\u0161iv\u00e9 uniform\u011b. Sraz nebyl tentokr\u00e1t u Dany- musela do Prahy a pr\u00fd ji to moc mrzelo, \u017ee nem\u016f\u017ee jet tak\u00e9- ale se\u0161ly jsme se na p\u0159\u00e1n\u00ed Mirky v \u010dokol\u00e1dovn\u011b [&hellip;]<\/p>\n","protected":false},"author":67,"featured_media":0,"comment_status":"open","ping_status":"closed","sticky":false,"template":"","format":"standard","meta":{"ngg_post_thumbnail":0,"footnotes":""},"categories":[2],"tags":[],"class_list":["post-5439","post","type-post","status-publish","format-standard","hentry","category-kulturni-ctvrtky"],"_links":{"self":[{"href":"https:\/\/www.infopoint.cz\/polsko\/wp-json\/wp\/v2\/posts\/5439","targetHints":{"allow":["GET"]}}],"collection":[{"href":"https:\/\/www.infopoint.cz\/polsko\/wp-json\/wp\/v2\/posts"}],"about":[{"href":"https:\/\/www.infopoint.cz\/polsko\/wp-json\/wp\/v2\/types\/post"}],"author":[{"embeddable":true,"href":"https:\/\/www.infopoint.cz\/polsko\/wp-json\/wp\/v2\/users\/67"}],"replies":[{"embeddable":true,"href":"https:\/\/www.infopoint.cz\/polsko\/wp-json\/wp\/v2\/comments?post=5439"}],"version-history":[{"count":4,"href":"https:\/\/www.infopoint.cz\/polsko\/wp-json\/wp\/v2\/posts\/5439\/revisions"}],"predecessor-version":[{"id":5471,"href":"https:\/\/www.infopoint.cz\/polsko\/wp-json\/wp\/v2\/posts\/5439\/revisions\/5471"}],"wp:attachment":[{"href":"https:\/\/www.infopoint.cz\/polsko\/wp-json\/wp\/v2\/media?parent=5439"}],"wp:term":[{"taxonomy":"category","embeddable":true,"href":"https:\/\/www.infopoint.cz\/polsko\/wp-json\/wp\/v2\/categories?post=5439"},{"taxonomy":"post_tag","embeddable":true,"href":"https:\/\/www.infopoint.cz\/polsko\/wp-json\/wp\/v2\/tags?post=5439"}],"curies":[{"name":"wp","href":"https:\/\/api.w.org\/{rel}","templated":true}]}}