{"id":5446,"date":"2019-06-10T16:13:52","date_gmt":"2019-06-10T14:13:52","guid":{"rendered":"https:\/\/www.infopoint.cz\/polsko\/?p=5446"},"modified":"2019-10-16T16:17:16","modified_gmt":"2019-10-16T14:17:16","slug":"muzeum-neonu","status":"publish","type":"post","link":"https:\/\/www.infopoint.cz\/polsko\/muzeum-neonu\/","title":{"rendered":"Muzeum neonu"},"content":{"rendered":"\n<p>\u00dater\u00fd 4. \u010dervna 2018 byl kr\u00e1sn\u00fd slune\u010dn\u00fd den. Krom\u011b pravideln\u00e9 d\u00e1vky kultury byl tento den ale trochu jin\u00fd. P\u0159i rann\u00ed sn\u00eddani jsme uspo\u0159\u00e1daly rozlu\u010dkovou chvilku s\u00a0jednou na\u0161\u00ed \u010dlenkou. M\u00e1riou. \u010cekal ji n\u00e1vrat do vlasti.<\/p>\n<p><img loading=\"lazy\" decoding=\"async\" class=\"SzDcob alignright\" src=\"https:\/\/lh3.googleusercontent.com\/r-_9YY_EkqJCrTsYA61iSRZ8huctlryr4jTSNvER5luRsmpzi7Ot-HmbqASejBt1--ZkYF1T9bzfU0UH8J9LViTN6ZdSu4Kba0qO3Ref7GWanvq7KRn4QenggojtLKxiOinTxADz2s44jAT-GegAei2UrkxkRRtdo3-cU7vaSyD2Bg_zKLsRt_tojQT4o3efbdvfcqrSFMxODZ8S5CIn-Ri4ZeOFE1Q25jsfd99TiHnfosnX9PoyS8BqsC0Y-vX-zMej7qc033pxNNB4IKCa6F67RGvw0_fIOmEFuF8awt43va39cw_HaGE_sf5n2HAdVmRoUINprP4mET9UBH9Q4rtkSGNNOhVDAjGzrOZh7ESgNMZpmsdo3m1iUKLlR3ReRPMou7FZEiyoIBSXRHMxoA9J5WMWlUMBYf49hb_bvzIjs0tBWfZJ2w6Hko-21E1ryoRrqPG7do0lYwW45LZn9i6c99C2kFcHKDjCGkbUofUwaW1mrnY1SvXisK9AWXpiJru-6xcYUfNpehAf2IKwvLvyNaiy2tNfrqnHb80uWHDw0-n5WYv-z8ttqPSuJgU9VXKOxoK7dmoJsy358VA32L-34oYg2guBLXEWmgKrCXikR37djXOOJsmE_s0HDC2jZHhaAip0-ZVsKB5FtCv5M3oML-Y8-dJSpWuI8N9zgnGH1phKP5ePMVI1cHi3mTEHYf93l4CM0ofoTqsOD0ZV0oyo6GnBZSj95J2B_8MPxp4iawA=w1560-h881-no\" width=\"460\" height=\"881\" aria-label=\"Fotka \u2013 Na \u0161\u00ed\u0159ku \u2013 4. 6. 2019 10:08:47\" \/><\/p>\n<p>Je to takov\u00e9 zvl\u00e1\u0161tn\u00ed, kdy\u017e si uv\u011bdom\u00edm, \u017ee na\u0161e var\u0161avsk\u00e1 komunita nen\u00ed n\u011bjakou p\u0159irozenou soci\u00e1ln\u00ed skupinou, kter\u00e1 se vytvo\u0159ila nap\u0159\u00edklad po letech p\u0159\u00e1telstv\u00ed nebo po spole\u010dn\u011b str\u00e1ven\u00e9m dosp\u00edv\u00e1n\u00ed\u2026 Jsme spolu, proto\u017ee se zrovna nach\u00e1z\u00edme ve stejn\u00e9m \u010dase na stejn\u00e9m m\u00edst\u011b, a chceme b\u00fdt spolu. P\u0159itom n\u011bkde uvnit\u0159 v\u00edme, \u017ee to je jen jaksi p\u0159echodn\u00e9. \u017de p\u0159ijde \u010das, kdy sbal\u00edme kufry a poputujeme zase na jin\u00e9 m\u00edsto, kde bude t\u0159eba jin\u00e1 dal\u0161\u00ed a stejn\u011b p\u0159\u00edjemn\u00e1 komunita. M\u00e1ria se z\u00a0Var\u0161avy vracela dom\u016f, na Slovensko, ke sv\u00e9 rodin\u011b. Od n\u00e1s dostala kr\u00e1sn\u00fd d\u00e1rek: kuchy\u0148skou z\u00e1st\u011bru s\u00a0fotografiemi z\u00a0r\u016fzn\u00fdch na\u0161ich setk\u00e1n\u00ed. To proto, aby na pobyt ve Var\u0161av\u011b mohla vzpom\u00ednat i p\u0159i t\u011bch nejoby\u010dejn\u011bj\u0161\u00edch dom\u00e1c\u00edch chv\u00edl\u00edch.<\/p>\n<p>\u00a0<\/p>\n<p>\u00a0Proto\u017ee bylo venku teplo a slune\u010dno, netrvalo dlouho a vyrazili jsme ven. Padlo rozhodnut\u00ed, \u017ee dnes za kulturou vyraz\u00edme na kole. Je\u0161t\u011b, \u017ee m\u00e1 Dana velkou rodinu s\u00a0velkou gar\u00e1\u017e\u00ed a spoustou kol.<\/p>\n<p>Nejd\u0159\u00edve je pot\u0159eba \u0159\u00edct, \u017ee c\u00edl na\u0161\u00ed v\u00fdpravy byl zhruba 12 km vzd\u00e1len\u00fd are\u00e1l b\u00fdval\u00e9 tov\u00e1rny a v\u00a0n\u011bm Muzeum Neon\u00f3w. Moc hezk\u00fd \u010dl\u00e1nek o tomto muzeu najdete na <a href=\"http:\/\/www.ceskavevarsave.eu\/ceska-ve-varsave\/mista\/muzeum-neonow\/\">http:\/\/www.ceskavevarsave.eu\/ceska-ve-varsave\/mista\/muzeum-neonow\/<\/a>, tak\u017ee se o n\u011bm nebudu n\u011bjak moc rozepisovat. Jen ve zkratce chci \u0159\u00edct, \u017ee m\u00edsto v\u010detn\u011b cel\u00e9ho are\u00e1lu ur\u010dit\u011b stoj\u00ed za shl\u00e9dnut\u00ed. Cel\u00e9 je to tam takov\u00e9 streetartov\u00e9. Ov\u0161em mus\u00edm \u0159\u00edct, \u017ee ten den mou pozornost poutal mnohem v\u00edce jin\u00fd z\u00e1\u017eitek: cesta z\u00a0bodu A do bodu B, tedy z\u00a0domu Dany do muzea. A zp\u011bt. Na kole!<img loading=\"lazy\" decoding=\"async\" class=\"SzDcob alignright\" src=\"https:\/\/lh3.googleusercontent.com\/nRZUfQqRRvSCe25fSFGELqWkj9tCBVwIDprt7JLya9MMEvl1Y0eq_e_sqJW90WNNzcwnhW-W3kmF_x7X0gkzQCw6ktCAAM4AWx8ugyNtJ6bgyJW1m3eshTmm7ntZDgWQNH4FkmxJRK_vGSU4Ka5cRY0DwN31zIK-xRG-XN_xgiy9V651PvpYL94qAmIUFRv_2YI37dwn2xFW1DIQdwtkkmLuYJG0MvUTYhIUnXqQUW5cwdCXmw2Qvto6Lvih6ERLZPTgK--o633m_ke5mVaXU9InPynDa4SweaHV9d-WuvbSo4HaFEQYGlwKsb_FZDp9vhSvTl5P5t-1Gxth8lEAnrtWGrFrPAfK53dkNLPwjf8PAnb39q--wAT6K3EhHOAXrP1P5_RUVMK4v1C1aalubQ9cM02qvYEk81s_PCcwXxDD4nHl4pfKzAlsLy8J81v9rjPonsJ5bLOmlNDy1pD_pAvQqJB2yDEXEvQ0mCkxOvtE_PH08TTMmqnCsbsb5hpJZo-2E4EchMi2gDWHotlcCjGDbU6W5j5dLlpnaO4CaynpSX8l54znWJm5Y7xjzXHnY6aGcgIgOeGP54Ue54qNMqGgAvV4ibrLVKO80i37A1BMnB5EBU21eXpwWUgZuiXecDULFrrJMbBqGApvFL7alS63lGyLtakwzvbub4HK4UrO9ihoQaaHb50u6rBuuXjED4yt4qDehoJqxJYi7ambrylsF9-gAYPUkDr_ZiiktktxSxM=w1560-h881-no\" width=\"560\" height=\"881\" aria-label=\"Fotka \u2013 Na \u0161\u00ed\u0159ku \u2013 4. 6. 2019 11:27:43\" \/><\/p>\n<p>Dvan\u00e1ct kilometr\u016f na kole jsem naposledy ujela n\u011bkdy v\u00a0sedmn\u00e1cti letech. I kdy\u017e Var\u0161ava je jedna velk\u00e1 placka, tak\u017ee j\u00edzda nemus\u00ed b\u00fdt nijak n\u00e1ro\u010dn\u00e1, pro m\u011b byla nap\u016fl smrt\u00edc\u00ed J. Fakt \u017ee jo. Z\u00e1vodn\u00edk, kter\u00fd n\u00e1\u0161 peloton vedl, n\u00e1m nedal nic zadarmo, jak se tak \u0159\u00edk\u00e1. Ale b\u011bhem t\u011bch dvan\u00e1cti kilometr\u016f, tedy cestou tam, jsem byla schopn\u00e1 vn\u00edmat okol\u00ed. A to bylo moc hezk\u00e9. Trasa vedla p\u0159ev\u00e1\u017en\u011b po cyklostezk\u00e1ch, kter\u00fdch je ve Var\u0161av\u011b mraky. Velkou \u010d\u00e1st jsme jely m\u011bstskou p\u0159\u00edrodou, kolem v\u0161elijak\u00fdch z\u00e1to\u010din \u0159eky Visly, r\u016fzn\u00fdmi par\u010d\u00edky i zcela zapomenut\u00fdmi kouty m\u011bsta, kter\u00e9 jakoby zamrzly v\u00a0\u010dase.<\/p>\n<p>C\u00edl na\u0161\u00ed cesty, are\u00e1l b\u00fdval\u00e9 tov\u00e1rny ve \u010dtvrti Praga-Poludnie, je zaj\u00edmav\u00fd tich\u00fd prostor pln\u00fd strom\u016f a um\u011bleck\u00fdch artefakt\u016f. Moc hezk\u00e9 m\u00edsto. A ta restaurace! Gessler sohofactory. P\u0159izn\u00e1v\u00e1m, \u017ee po vy\u010derp\u00e1vaj\u00edc\u00ed j\u00edzd\u011b jsem se tu c\u00edtila jako v\u00a0r\u00e1ji. Slunce h\u0159\u00e1lo, pt\u00e1ci zp\u00edvali, ani se m\u011b necht\u011blo zp\u00e1tky. Na kole. Asi jsem vypadala fakt zoufale, proto\u017ee se \u017eeny nade mnou ustrnuly a zap\u016fj\u010dily mi elektrokolo. Popravd\u011b si v\u0161ak cestu zp\u011bt moc nevybavuji. M\u00e1m pocit, \u017ee jsme jely jinou trasou. Byla jsem ale tak hotov\u00e1, \u017ee mi bylo v\u0161echno jedno. Ulice i parky mi spl\u00fdvaly v\u00a0jednu dlouhou nekone\u010dnou \u010d\u00e1ru. V\u00a0jistou chv\u00edli jsem si v\u00a0duchu \u0159\u00edkala, \u017ee kdybych te\u010f na m\u00edst\u011b zhynula, v\u0161imnou si toho ostatn\u00ed a\u017e v\u00a0Sadyb\u011b J . Ale p\u0159e\u017eila jsem. Zp\u011bt jsme dojely \u017eivy. V\u0161echny.<\/p>\n<p>\u00a0<\/p>\n<p>Pro kulturn\u00ed \u010dtvrtek napsala Lenka Sel\u010danov\u00e1<\/p>\n<p><img loading=\"lazy\" decoding=\"async\" class=\"SzDcob\" src=\"https:\/\/lh3.googleusercontent.com\/Otv0PnSy_8TGO6cxTwOeosZnn08gGEGsKkpdusuS0zaxjwH9YTaPdLbnL5gM2s8U8PRdwEi_34KyRjGjbYdHyUXYyYNM8ElrE2l098oxp4YZbka0vjj9UCgcHUXk1_AoRLInMQp3IJYszkulbzwzKHZ15TUJyfNFS6HMC2C-2-DBQma1UZsmOvp8EAD_fwUZnxA6xo52fuuWUX54y87o3r6yDvABN7iacbqFWaYQOXTUNsFhOWqiysPyWqpfb_JxuEsq9DgfuWS8kzDpZ5VZ4myHury9PRvWmURxrd4oc6f0BXPnIun_ZKMDD_OL5A0jQf7neUjRNPUg29jtJ89yHnPckEYFH6Mk5a_Bj-GxPgVh-uZ6VTcLq_gR7hVr8VWFV5MWEe-Xgb-C_jgXmycDuuKuzG5vIRg3nvZTkgwdtKjHsib0U3oRGp6gBcKjk1jAcuF89fxn7uF2WEx3D8cyaMZMnnSqLYRoQWO2PLMkG36GJdvIf62uP5RpcCx3yLDTzpYbrqn2ZJvp8j8pOiysvK00BzMFpxc2NTcwD3xD3CuAPKxYwh2pmvKVGg-a2ZtWgsbEAtdnjQohOZLpmhTnS1EKyLljQO41kwgK_58oOiVgDL-PZt2bEpbqDavXEEoBMs8YokJrt50gPFWBGkZG79974C-QHPsqUS2tRIHAZP24el3L7omRd3OYqwuwkpOiqsKEUvbH51ieQtDlF17qUPaLH9NzrbGPp-0EIyeDXzy3Uw=w1189-h671-no\" width=\"1189\" height=\"671\" aria-label=\"Fotka \u2013 Na \u0161\u00ed\u0159ku \u2013 4. 6. 2019 13:05:36\" \/><\/p>\n<p>\u00a0<\/p>\n<p><a href=\"https:\/\/photos.app.goo.gl\/YkLFmppzH6RRvQdC6\">Fotografie z t\u00e9to akce<\/a><\/p>\n<p>\u00a0<\/p>\n<p>\u00a0<\/p>\n<p>\u00a0<\/p>\n<p>\u00a0<\/p>\n","protected":false},"excerpt":{"rendered":"<p>\u00dater\u00fd 4. \u010dervna 2018 byl kr\u00e1sn\u00fd slune\u010dn\u00fd den. Krom\u011b pravideln\u00e9 d\u00e1vky kultury byl tento den ale trochu jin\u00fd. P\u0159i rann\u00ed sn\u00eddani jsme uspo\u0159\u00e1daly rozlu\u010dkovou chvilku s\u00a0jednou na\u0161\u00ed \u010dlenkou. M\u00e1riou. \u010cekal ji n\u00e1vrat do vlasti. Je to takov\u00e9 zvl\u00e1\u0161tn\u00ed, kdy\u017e si uv\u011bdom\u00edm, \u017ee na\u0161e var\u0161avsk\u00e1 komunita nen\u00ed n\u011bjakou p\u0159irozenou soci\u00e1ln\u00ed skupinou, kter\u00e1 se vytvo\u0159ila nap\u0159\u00edklad po [&hellip;]<\/p>\n","protected":false},"author":67,"featured_media":0,"comment_status":"open","ping_status":"closed","sticky":false,"template":"","format":"standard","meta":{"ngg_post_thumbnail":0,"footnotes":""},"categories":[2],"tags":[],"class_list":["post-5446","post","type-post","status-publish","format-standard","hentry","category-kulturni-ctvrtky"],"_links":{"self":[{"href":"https:\/\/www.infopoint.cz\/polsko\/wp-json\/wp\/v2\/posts\/5446","targetHints":{"allow":["GET"]}}],"collection":[{"href":"https:\/\/www.infopoint.cz\/polsko\/wp-json\/wp\/v2\/posts"}],"about":[{"href":"https:\/\/www.infopoint.cz\/polsko\/wp-json\/wp\/v2\/types\/post"}],"author":[{"embeddable":true,"href":"https:\/\/www.infopoint.cz\/polsko\/wp-json\/wp\/v2\/users\/67"}],"replies":[{"embeddable":true,"href":"https:\/\/www.infopoint.cz\/polsko\/wp-json\/wp\/v2\/comments?post=5446"}],"version-history":[{"count":10,"href":"https:\/\/www.infopoint.cz\/polsko\/wp-json\/wp\/v2\/posts\/5446\/revisions"}],"predecessor-version":[{"id":5624,"href":"https:\/\/www.infopoint.cz\/polsko\/wp-json\/wp\/v2\/posts\/5446\/revisions\/5624"}],"wp:attachment":[{"href":"https:\/\/www.infopoint.cz\/polsko\/wp-json\/wp\/v2\/media?parent=5446"}],"wp:term":[{"taxonomy":"category","embeddable":true,"href":"https:\/\/www.infopoint.cz\/polsko\/wp-json\/wp\/v2\/categories?post=5446"},{"taxonomy":"post_tag","embeddable":true,"href":"https:\/\/www.infopoint.cz\/polsko\/wp-json\/wp\/v2\/tags?post=5446"}],"curies":[{"name":"wp","href":"https:\/\/api.w.org\/{rel}","templated":true}]}}