{"id":5454,"date":"2019-09-13T15:28:31","date_gmt":"2019-09-13T13:28:31","guid":{"rendered":"https:\/\/www.infopoint.cz\/polsko\/?p=5454"},"modified":"2019-09-15T10:48:27","modified_gmt":"2019-09-15T08:48:27","slug":"botanicka-zahrada-a-vystava-znudeneho-leoparda","status":"publish","type":"post","link":"https:\/\/www.infopoint.cz\/polsko\/botanicka-zahrada-a-vystava-znudeneho-leoparda\/","title":{"rendered":"Botanick\u00e1 zahrada a v\u00fdstava znud\u011bn\u00e9ho leoparda"},"content":{"rendered":"\n<p>V\u00a0srpnu 2019 jsme se p\u0159est\u011bhovali do Var\u0161avy. M\u011bla jsem \u0161t\u011bst\u00ed, \u017ee jsem se ve \u0161kole sezn\u00e1mila s\u00a0Monikou, Mirkou a Sofi\u00ed &#8211; \u010ce\u0161kami, \u017eij\u00edc\u00edmi ve Var\u0161av\u011b, kter\u00e9 mi se v\u0161\u00edm ochotn\u011b poradily a pozvaly m\u011b na n\u011bkolik akc\u00ed. Vzaly m\u011b na akci, kter\u00e1 se zpravidla kon\u00e1 ve \u010dtvrtky a nav\u0161t\u011bvuj\u00ed se r\u016fzn\u00e1 zaj\u00edmav\u00e1 m\u00edsta a kulturn\u00ed akce.<\/p>\n<p>Prvn\u00ed popr\u00e1zdninov\u00fd kulturn\u00ed \u010dtvrtek se konal 5. z\u00e1\u0159\u00ed 2019. S\u00a0Monikou, Mirkou a Margitou, jsme se se\u0161ly u Dany. V\u0161echny jsme se shodly, \u017ee n\u00e1v\u0161t\u011bva botanick\u00e9 zahrady bude to prav\u00e9. Dana tak\u00e9 objevila v\u00fdstavu pod \u0161ir\u00fdm nebem v\u00a0parku hned vedle botanick\u00e9 zahrady.<img loading=\"lazy\" decoding=\"async\" class=\"SzDcob alignright\" src=\"https:\/\/lh3.googleusercontent.com\/Lf-iO1VFCeBVzlRTIadvcoo49cBKBHlNISKbXjJ7AIwGDiv13KaoaRoErf71uXG2Ue2H2BMMJdwRtj9Y0k5L5A70nOuZ1-COH2hXQRY2_5I0_iro3m1ErxhPjhVBC3cSy-Tu-COyVaM5Cqb0OhoXK1J2PV3JSNImAG3XrRkPiC3pV-otqTcKhvNGx-wajX9-RchRlE0cFtsIS0rOAmZKeRmHLUV3CUXf3XXnrRPcFP47nhA5yJL-YRyunCrzkgF9ivXRVGBQO0WpFNtpthgvSGLIztVnKmuZ0DuzbOtUdlxYkblWJDQKepTMpO0ffCExL-aztHvx332rnPy2CPw8TsrjradaGVEMIW7HKvSyMjg7ZQ9mE-y1pNy90QCoWoeulZzV2FpvKqrp5TQJeZorKtpa-33769W5u44RMGAQ_ZPpEn25xesdAnj0tuD9Hc85UMJUuvPS-jXEUvgCnX7S8Uj3QSG830uWbDiRYQ6Qs9LisHc7Cmxws93f8p1zpkuQ7B7HB7nCjpkieXeuQN_IgGHyu0g-btrZAGK-vaopLeDgWP904i4sxIaVJlRn-VExz2kaxTudoegAz_YURxqYfsP7FaSrr1JDX4S1MDhAYk8leDQ1hapVkvTxB-iP5tQGiV2HZ6-vuWK50BbTFFQ0trs6mdlclxVwJy6u53DcJSyvLPC-0A4Y7rNWgibiJiePVpp6ziJ2vooBSpuFURyiyRmQaqyPp03XhajLkUy2-i7Jxg=w504-h671-no\" width=\"204\" height=\"671\" aria-label=\"Photo - Portrait - Sep 5, 2019, 12:28:21 PM\" \/><\/p>\n<p>Po rann\u00ed v\u00fdborn\u00e9 k\u00e1vi\u010dce jsme vyrazily m\u011bstsk\u00fdm autobusem do botanick\u00e9 zahrady Var\u0161avsk\u00e9 univerzity. Po\u010das\u00ed bylo kr\u00e1sn\u00e9 a letn\u00ed.\u00a0 V\u00a0zahrad\u011b to st\u00e1le kvetlo.<\/p>\n<p>Po t\u00e9 jsme se p\u0159esunuly hned vedle botanick\u00e9 zahrady do parku, kde byla instalov\u00e1na v\u00fdstava pod \u0161ir\u00fdm nebem. Zaj\u00edmav\u00e1 expozice s\u00a0n\u00e1zvem Distopie, je um\u00edst\u011bna p\u0159ed z\u00e1mkem mezi stromy. Sou\u010d\u00e1st\u00ed jsou vodn\u00ed prvky, l\u00e1vky, um\u011bl\u00e9 materi\u00e1ly a zav\u011b\u0161en\u00e9 makety \u010dern\u00fdch pt\u00e1k\u016f. Vodn\u00ed plocha m\u00e1 tvar dra\u010d\u00edho dr\u00e1pu. Distopie m\u00e1 p\u0159edstavovat znepokojuj\u00edc\u00ed vizi krajiny, kter\u00e1 um\u00edr\u00e1 pod n\u00e1nosem plastu. I p\u0159es uveden\u00fd z\u00e1m\u011br nep\u016fsob\u00ed instalace negativn\u011b, ale celkem p\u0159\u00edjemn\u011b. Mo\u017en\u00e1 se to ale zm\u011bn\u00ed, a\u017e stromy opadaj\u00ed a v\u00a0hladin\u011b se nebudou odr\u00e1\u017eet zelen\u00e9 listy, ale hol\u00e9 v\u011btve strom\u016f.<\/p>\n<p>Dana n\u00e1s tak\u00e9 upozornila na dal\u0161\u00ed projekt. Stromy p\u0159ed z\u00e1mkem jsou ovinuty zelen\u00fdmi p\u00e1skami s textem. Autor na p\u00e1sech popisuje \u201ediagn\u00f3zu\u201c jednotliv\u00fdch strom\u016f. Upozor\u0148uje na to, jak se strom v\u00a0konkr\u00e9tn\u00edm m\u00edst\u011b deformoval a jak\u00e9 dal\u0161\u00ed probl\u00e9my m\u00e1. Text je v\u00a0pol\u0161tin\u011b a v\u00a0angli\u010dtin\u011b.<\/p>\n<p>Za pov\u0161imnut\u00ed tak\u00e9 stoj\u00ed vyryt\u00e9 texty \u2013 cit\u00e1ty na kamenn\u00fdch lavi\u010dk\u00e1ch p\u0159ed z\u00e1mkem.<\/p>\n<p>Vrcholem dne ov\u0161em byla v\u00fdstava s\u00a0n\u00e1zvem \u010di motem \u201eSed\u00edm tu znud\u011bn\u00e1 jako leopard\u201c od Marie Lobody v\u00a0galerii z\u00e1mku. N\u011bkter\u00e9 expon\u00e1ty byly hezk\u00e9 (nap\u0159\u00edklad fotografie, vitr\u00e1\u017e), n\u011bkter\u00e9 byly zaj\u00edmav\u00e9 (hifi v\u011b\u017e pokryt\u00e1 jinovatkou) a n\u011bkter\u00e9 ne moc pochopiteln\u00e9 (\u017eebr\u00e1k, d\u00edvka a pt\u00e1k na \u0159et\u011bzu), u jedn\u00e9 sochy jsme nev\u011bd\u011bly, zda kovov\u00fd e\u0161us na ob\u011bd, polo\u017een\u00fd na so\u0161e je sou\u010d\u00e1st\u00ed d\u00edla, \u010di ne. Ka\u017ed\u00e1 z\u00a0n\u00e1s si ale ur\u010dit\u011b na\u0161la mezi expon\u00e1ty sv\u00e9ho favorita.<img loading=\"lazy\" decoding=\"async\" class=\"SzDcob\" src=\"https:\/\/lh3.googleusercontent.com\/SqybJwUe3xfA2BnNDrjrTt-RKyAxUMwYIOPKSZcfKIyF2HnDhIw6DVQMXxmJMZADXXmcBYcY3ICaw6pdYcaoOyVFKNsQ12Y93Ph0LDOSutoGYUQ1TmTMdBI3t3p3ZhqLF7yPm2Qx1a5AT3_lPCq5gsG5GhBmfbNFinYphaxuwGIZ7QtcmjTObIZLc8Q72VMCbFD2tiO0vz5XOMzLz9q_zJBB7euZB0EP-5JhoslDJ9LQOyuu5Ni5ucK3fhG6LuvRfGnD_6PD0CsoVPCylYvwzbibcPGdjShLm9Bc1w9K1C0C-TulitN4jLU8BGvReRwfvSMBqUvBaB6PCKZmHQm9JSEMwNLV2bInvrRJfozQLbvNxcvLd8Xfuzals_Tk5E8ys3k0i50P8mBckrwcyyjM-Yn1wWCJiN0o0DDmIJj-J5XbDSi3aUW2ezodT1fZ4hOUk8j7AKADdi1sth3Q_5SrIW-3kwzoZpqlB967PO67G8sG1l817Y4FKdMorqTxKG65VkrTJCcWXTMgVvBy-CWFGeJaK3i4TZQAJcUjlSFbPd0hQQgUYtkClqs_0UzqYVPmR4ad9_-515yKpI55BAi3lxK4_0vq7rA0mS4iXzPiGHqVVi9MiTXebbiEqPhd5GO4enIOawOeXHPxMf153eTzvTY5o_qhufsnPR1-c9ucYKEHqyMyhjw-eW_QrUJXgOeGEvaroAAxoRAz-oLEn3SuYXHYltIg2HKUNovLPLTxYKvwQQ=w571-h671-no\" width=\"571\" height=\"671\" aria-label=\"Photo - Portrait - Sep 5, 2019, 12:42:39 PM\" \/><\/p>\n<p>Po prohl\u00eddce v\u00fdstavy jsme si za\u0161ly na v\u00fdborn\u00fd ob\u011bd do um\u011bleck\u00e9 restaurace Qchnia artystyczna s\u00a0\u00fa\u017easn\u00fdm v\u00fdhledem. Restaurace je um\u00edst\u011bna p\u0159\u00edmo v\u00a0z\u00e1mku a v\u00fdborn\u011b tu va\u0159\u00ed. Prvn\u00ed popr\u00e1zdninov\u00fd kulturn\u00ed \u010dtvrtek byl skv\u011bl\u00fd, t\u011b\u0161\u00edm se na p\u0159\u00ed\u0161t\u011b ;-))<\/p>\n<p>Autor: Dana Jesensk\u00e1, kulturn\u00ed \u010dtvrtek 5. 9. 2019.<\/p>\n<p><a href=\"https:\/\/photos.app.goo.gl\/c9N97wG34kabTfbF7\">Fotogalerie<\/a><\/p>\n","protected":false},"excerpt":{"rendered":"<p>V\u00a0srpnu 2019 jsme se p\u0159est\u011bhovali do Var\u0161avy. M\u011bla jsem \u0161t\u011bst\u00ed, \u017ee jsem se ve \u0161kole sezn\u00e1mila s\u00a0Monikou, Mirkou a Sofi\u00ed &#8211; \u010ce\u0161kami, \u017eij\u00edc\u00edmi ve Var\u0161av\u011b, kter\u00e9 mi se v\u0161\u00edm ochotn\u011b poradily a pozvaly m\u011b na n\u011bkolik akc\u00ed. Vzaly m\u011b na akci, kter\u00e1 se zpravidla kon\u00e1 ve \u010dtvrtky a nav\u0161t\u011bvuj\u00ed se r\u016fzn\u00e1 zaj\u00edmav\u00e1 m\u00edsta a kulturn\u00ed [&hellip;]<\/p>\n","protected":false},"author":67,"featured_media":0,"comment_status":"open","ping_status":"closed","sticky":false,"template":"","format":"standard","meta":{"ngg_post_thumbnail":0,"footnotes":""},"categories":[2],"tags":[],"class_list":["post-5454","post","type-post","status-publish","format-standard","hentry","category-kulturni-ctvrtky"],"_links":{"self":[{"href":"https:\/\/www.infopoint.cz\/polsko\/wp-json\/wp\/v2\/posts\/5454","targetHints":{"allow":["GET"]}}],"collection":[{"href":"https:\/\/www.infopoint.cz\/polsko\/wp-json\/wp\/v2\/posts"}],"about":[{"href":"https:\/\/www.infopoint.cz\/polsko\/wp-json\/wp\/v2\/types\/post"}],"author":[{"embeddable":true,"href":"https:\/\/www.infopoint.cz\/polsko\/wp-json\/wp\/v2\/users\/67"}],"replies":[{"embeddable":true,"href":"https:\/\/www.infopoint.cz\/polsko\/wp-json\/wp\/v2\/comments?post=5454"}],"version-history":[{"count":5,"href":"https:\/\/www.infopoint.cz\/polsko\/wp-json\/wp\/v2\/posts\/5454\/revisions"}],"predecessor-version":[{"id":5625,"href":"https:\/\/www.infopoint.cz\/polsko\/wp-json\/wp\/v2\/posts\/5454\/revisions\/5625"}],"wp:attachment":[{"href":"https:\/\/www.infopoint.cz\/polsko\/wp-json\/wp\/v2\/media?parent=5454"}],"wp:term":[{"taxonomy":"category","embeddable":true,"href":"https:\/\/www.infopoint.cz\/polsko\/wp-json\/wp\/v2\/categories?post=5454"},{"taxonomy":"post_tag","embeddable":true,"href":"https:\/\/www.infopoint.cz\/polsko\/wp-json\/wp\/v2\/tags?post=5454"}],"curies":[{"name":"wp","href":"https:\/\/api.w.org\/{rel}","templated":true}]}}