{"id":5459,"date":"2019-09-13T21:09:26","date_gmt":"2019-09-13T19:09:26","guid":{"rendered":"https:\/\/www.infopoint.cz\/polsko\/?p=5459"},"modified":"2019-09-25T21:34:35","modified_gmt":"2019-09-25T19:34:35","slug":"bulwar-wislany-zari-2019","status":"publish","type":"post","link":"https:\/\/www.infopoint.cz\/polsko\/bulwar-wislany-zari-2019\/","title":{"rendered":"Bulwar Wi\u015blany z\u00e1\u0159\u00ed 2019"},"content":{"rendered":"\n<p>Kr\u00e1sn\u00e9 slune\u010dn\u00e9 po\u010das\u00ed n\u00e1s tentokr\u00e1t zl\u00e1kalo na j\u00edzdu na kolech a kulturu jsme tud\u00ed\u017e ponechaly na p\u0159\u00ed\u0161t\u011b. Po ob\u010derstven\u00ed a pov\u00edd\u00e1n\u00ed u Dany jsme nejprve popojely autobusem na\u00a0zast\u00e1vku Metro Centrum Nauki Kopernik, kde jsme si kousek od \u0159eky p\u016fj\u010dily kola.<\/p>\n<p><img loading=\"lazy\" decoding=\"async\" class=\"SzDcob\" src=\"https:\/\/lh3.googleusercontent.com\/9o5aKJUgZb8xwb7cYKxs9XGuSj0jRBxKZZ-LlZAjr8kFcR5xD5SQvntioIWuMPm82wzbpmuI37PnAcOa64hD6EVANYW-oeV5lmkWO2PX0KrMLHRcKMFlrbThNbB19QAKfN2n6kdmq5fnaGfsDYTaLL-gPHybN9n1Do9aCLMup_ek7TwOqQVa4_zf211wIcDX3rg7LQLCU2tTYimhC_jEpGdz_lmfqYQMAJQVO2y6MD33XSXZmNKnGEP1fpUzqsF-U52XHB2vccULpwUxPfULPLGPI2O7RIG8o-fBq6fndOdIkbnRCzo8iluwhpR0-h2UllZXfg3nU8-RWCQyZcRBmNXVmknrZQFUk9iisnA4PEF-eHyAiQYZS9yP7oHL5dNxSLGlXr5w6DpAUlOmglOeFWGllYgW_OmOtrrmOizM6V6Jf2npOZT_Ev7NsSIUI9_SgcPBVI34OBeX_uX0SyfHGwPiIQeoUkMUGBhdO5hSXWdTNTBK1J4CC4_1SjsMnNTD2X6yQemOBiVA5giHCx9w-ZXMGvGwnO1KozHeWHImDFVVJnmz4-VGAODXv4KGPS0xmDiIN6_3icXxvSe9YNlJbEWCiCyTTYxC93SLGvp1foBbQ7QQ3Thdy0oIkLGd0qHk1vT4F0KPU5LPkBipBc-2zN-I179tTANU5ielsY84Q4-vAMXdmo_1wjuo5exunjlwhKjrsv0BvUA3EgNDIGIaRAMTpejJsKMlrx_6Apxn7GCOlg=w435-h672-no\" width=\"398\" height=\"616\" aria-label=\"Fotka \u2013 Na v\u00fd\u0161ku \u2013 12. 9. 2019 11:07:23\" \/><\/p>\n<p>A pak u\u017e jsme se vydaly na proj\u00ed\u017e\u010fku pod\u00e9l \u0159eky. Ne\u017e jsme p\u0159ejely p\u0159es \u0159eku, ud\u011blaly jsme si po cest\u011b p\u00e1r zast\u00e1vek. P\u0159i jedn\u00e9 jsme obdivovaly zaj\u00edmavou sochu, p\u0159i druh\u00e9 zase p\u011bkn\u00e9 lavi\u010dky, p\u0159i\u010dem\u017e si Monika \u00a0hned nad\u0161en\u011b vyzkou\u0161ela, jak se na nich sed\u00ed. A bohu\u017eel a\u017e pot\u00e9 jme zjistily, \u017ee jsou \u010derstv\u011b nat\u0159en\u00e9. Tak\u017ee na tento v\u00fdlet z\u016fstala Monice opravdu nezapomenuteln\u00e1 (a dost mo\u017en\u00e1 nevyprateln\u00e1) vzpom\u00ednka. Ale vzala to sportovn\u011b a jelo se d\u00e1l.<\/p>\n<p><img loading=\"lazy\" decoding=\"async\" class=\"SzDcob alignright\" src=\"https:\/\/lh3.googleusercontent.com\/PbhaR8PahhJ_u0720Ky9B85DZkvC-3rnYsyLXRfHP5C9BqbQM6QxLjKhC-XCUSRK-DHZ7b2-aTz-9mOwQHyabCYyZ4Xoh5C5xsPxeRZianv2R_4rF7cXA_nTWuGxEVu-yWSj8V7xIyO5LSgJOqxKesKUN-9QYlhZHDmXHSE2Kj4Ft88M5_5RUQ3RlMLp5WCU_DmQGd4mLSY51RoURe87akPAe1FlZ7vi0RXdsfxPASmbxgq3bE4A7iMLndPio12GnZB2OZue4f1a7ssLVeE_OwkMlTsTPIlDI8MO58gQoCHgLpQ0S5uoW5bU0NVYDRGmew4rqrdU7FFg-Sgxq96Cb4Qkxe-r-kPBVJPuMRtLzyo_qLscBJ9btOxnWXWmEJ6FOXQPwzJt0fg12sZwDYHhvTJRnvRN7vVVV-ZUZgbDv15dMKu13k5x9HifWx1JrY3gYXfXLRIjUy2OqJfGMdaqI51i8ihKdSboAlMlosUmhVfw4abLsAPS0DsZHqC5SUdeKmx9726ddqYx5tYQJSxq3CmcvKlxqTpF4xH1PRFBjibb_ZIpYo2p_CoLaNvdNtx8Ppw6yuGMmxJj3X7H3_Wm9nbGaqoPe6Tm4TIfMFnYNeyeEspJXw6KOix-BsPR-XKoXsI6hyRxg8E1l89TJtvjjMSKf40JYDzTiRd_NNOWk5i_ObVZQxQ-AfO56p3daWfsii4koDBhLDKCgqd_QXqoi0dmso2JZR3N0crBK2vooP2bJQ=w428-h671-no\" width=\"192\" height=\"615\" aria-label=\"Fotka \u2013 Na v\u00fd\u0161ku \u2013 12. 9. 2019 11:33:40\" \/><\/p>\n<p>Na druh\u00e9 stran\u011b \u0159eky Visly jsme jen vym\u011bnily kola a cestou k\u00a0restauraci se stavily na chvilku na m\u00edstn\u00ed pl\u00e1\u017ei, odkud byl kr\u00e1sn\u00fd v\u00fdhled na druhou stranu.<\/p>\n<p>\u00a0<\/p>\n<p>P\u0159i vracen\u00ed kol jsme tentokr\u00e1t m\u011bly probl\u00e9my s\u00a0vr\u00e1cen\u00edm, ale \u0161ikovn\u00e1 polsky hovo\u0159\u00edc\u00ed d\u011bv\u010data Dana a Monika zavolala na servis linku a probl\u00e9my byly vy\u0159e\u0161eny. A my tak mohly p\u011b\u0161ky vyrazit sm\u011brem k\u00a0vegansk\u00e9 restauraci Eden bistro v\u00a0\u010d\u00e1sti Var\u0161avy zvan\u00e9 Saska Kepa. D\u00edky p\u011bkn\u00e9mu po\u010das\u00ed se dalo sed\u011bt venku, tak\u017ee jsme si r\u00e1dy vychutnaly ob\u011bd pod \u0161ir\u00fdm nebem. J\u00eddlo bylo rozmanit\u00e9 a maso n\u00e1m nechyb\u011blo.<\/p>\n<p><img loading=\"lazy\" decoding=\"async\" class=\"SzDcob alignleft\" src=\"https:\/\/lh3.googleusercontent.com\/377B0ULRCHjG8rDu8JxthiP8SXFFLd3JuJ_TtdqymAnlWBAiqiS07ktxJ0izVndiOLf0DVOtxA68Dgw2MZj8u-V73kNiVeLN7b5pdtz2x4NR7WAmUo7CSzDpk61b0o1emMl3bG_mRPPh-aMg0v3PAoLaVsfwf2hl3H_dFNzJ4tZujhfRgRt8dsqnuZrArk_SQ4txu5ehWhwRsfceFbbO7iPKIhKHz68NhgeRLdHwduF4uOAIsHZBJ-PMzhkSy_dEQeMvutZLRZdMbK83Tn45BI5ToOjkwZOfy1lR7sB0QOYzTFA99-BhbhT7xhtJfhT63aWHvGTFSY-0o1F1WYwKDHbIYM2ohJItSBhNPObo9QvKX5wFxVi390H083F4O3halXJow10lL-bCB-VSIUkmNj5MbEuLuE7NzyHCmPfhTp94l4gCJQgwm-WSaD0YHyg_IRDoZe6PfuTvGVPI7fR-xcfuCRIwvf4LK67e3F_Me4QY7O7oSlMf6mBVVBgiW3_kKdbN1qC-ZAHKstJ-513RBjkCnPwbHRvFVyMkZFTYsZS2GrNfz2cAM7bpY_ZcxHAc-UY_6gFQfEJ8JLZgOs0pglieq2RucpKUW3kYOzJsoC19aOpxm3g_H_6ldYNW85qQ7LLIldIGihTzYqGozHBPgAW0s7I7JkTKBb45JMEbf640UbJCM6vQgN0yx3RQOQrFvB2tAGFk5cIbJm0bQVTCt1v57E8XdP3NS_BsfIAjwu-ecQ=w895-h671-no\" width=\"220\" height=\"615\" aria-label=\"Fotka \u2013 Na \u0161\u00ed\u0159ku \u2013 12. 9. 2019 13:27:19\" \/><\/p>\n<p>\u00a0<\/p>\n<p>Spokojen\u00e9 po aktivn\u00edm pohybu a dobr\u00e9m ob\u011bd\u011b jsme se rozlou\u010dily a zam\u00ed\u0159ily do sv\u00fdch domov\u016f.<\/p>\n<p>Pro kulturn\u00ed \u010dtvrtek napsala Lucie<\/p>\n<p>l<a href=\"https:\/\/photos.app.goo.gl\/Q3iUfsDaMiCu2MYt8\">ink fotografie<\/a><\/p>\n\n\n\n<p>&nbsp;<\/p>\n<p>&nbsp;<\/p>\n","protected":false},"excerpt":{"rendered":"<p>Kr\u00e1sn\u00e9 slune\u010dn\u00e9 po\u010das\u00ed n\u00e1s tentokr\u00e1t zl\u00e1kalo na j\u00edzdu na kolech a kulturu jsme tud\u00ed\u017e ponechaly na p\u0159\u00ed\u0161t\u011b. Po ob\u010derstven\u00ed a pov\u00edd\u00e1n\u00ed u Dany jsme nejprve popojely autobusem na\u00a0zast\u00e1vku Metro Centrum Nauki Kopernik, kde jsme si kousek od \u0159eky p\u016fj\u010dily kola. A pak u\u017e jsme se vydaly na proj\u00ed\u017e\u010fku pod\u00e9l \u0159eky. Ne\u017e jsme p\u0159ejely p\u0159es \u0159eku, [&hellip;]<\/p>\n","protected":false},"author":67,"featured_media":0,"comment_status":"open","ping_status":"closed","sticky":false,"template":"","format":"standard","meta":{"ngg_post_thumbnail":0,"footnotes":""},"categories":[2],"tags":[],"class_list":["post-5459","post","type-post","status-publish","format-standard","hentry","category-kulturni-ctvrtky"],"_links":{"self":[{"href":"https:\/\/www.infopoint.cz\/polsko\/wp-json\/wp\/v2\/posts\/5459","targetHints":{"allow":["GET"]}}],"collection":[{"href":"https:\/\/www.infopoint.cz\/polsko\/wp-json\/wp\/v2\/posts"}],"about":[{"href":"https:\/\/www.infopoint.cz\/polsko\/wp-json\/wp\/v2\/types\/post"}],"author":[{"embeddable":true,"href":"https:\/\/www.infopoint.cz\/polsko\/wp-json\/wp\/v2\/users\/67"}],"replies":[{"embeddable":true,"href":"https:\/\/www.infopoint.cz\/polsko\/wp-json\/wp\/v2\/comments?post=5459"}],"version-history":[{"count":11,"href":"https:\/\/www.infopoint.cz\/polsko\/wp-json\/wp\/v2\/posts\/5459\/revisions"}],"predecessor-version":[{"id":5508,"href":"https:\/\/www.infopoint.cz\/polsko\/wp-json\/wp\/v2\/posts\/5459\/revisions\/5508"}],"wp:attachment":[{"href":"https:\/\/www.infopoint.cz\/polsko\/wp-json\/wp\/v2\/media?parent=5459"}],"wp:term":[{"taxonomy":"category","embeddable":true,"href":"https:\/\/www.infopoint.cz\/polsko\/wp-json\/wp\/v2\/categories?post=5459"},{"taxonomy":"post_tag","embeddable":true,"href":"https:\/\/www.infopoint.cz\/polsko\/wp-json\/wp\/v2\/tags?post=5459"}],"curies":[{"name":"wp","href":"https:\/\/api.w.org\/{rel}","templated":true}]}}