{"id":5510,"date":"2019-09-27T15:42:47","date_gmt":"2019-09-27T13:42:47","guid":{"rendered":"https:\/\/www.infopoint.cz\/polsko\/?p=5510"},"modified":"2019-09-29T15:02:54","modified_gmt":"2019-09-29T13:02:54","slug":"muzeum-veznice-pawiak","status":"publish","type":"post","link":"https:\/\/www.infopoint.cz\/polsko\/muzeum-veznice-pawiak\/","title":{"rendered":"Muzeum v\u011bznice Pawiak"},"content":{"rendered":"\n<div>Sychrav\u00e9 po\u010das\u00ed dne\u0161n\u00edho r\u00e1na a pomalu se m\u011bn\u00edc\u00ed barvy list\u00ed na stromech. N\u011bkdo to sice nerad sly\u0161\u00ed, ale podzim se n\u00e1m nezadr\u017eiteln\u011b dere do dve\u0159\u00ed.\u00a0<\/div>\n<div>\u00a0<\/div>\n<div><img loading=\"lazy\" decoding=\"async\" class=\"SzDcob alignnone\" src=\"https:\/\/lh3.googleusercontent.com\/WlbuigAqj618cYsJadD4h-Q_wwkaNoZ-ScqPczkhX8QmQ_KEgrylGAllyOlGtO6d7kfNPaGdUFhLMS2t1uSQdxAZXMzQSPUvjDzoyPysWwGM18obNyPsEopP_Bw43jX09B_GfNc4HXKVo8m9m1EQuY3AzxEqs8RCZHQL36cTISZQiFVWE0za2kC8BlstR2_mAEJBe0qdUUor-x8F-LX5LkUnRhAZyt7iPORu_g_-WabytUkPlV1MO_GHmC7HInvk3xIF51OupG7GqfYO4WKF5BO2Wa0Cwt45szgFmra5rILRZzrIZ_WG6nuWEp98ohW0pJ8U-24A_fsdlQfufR1Ki34ZKLxzJniG33iYhEAIONf6bnrj1b5z-ad1hb5Xyp5adegbb580H94Yt2HjiWbTmxOUqu-Syubu8u6z5V7QGcoXoyEsNCjsXG1D5QE49XzvUKtqdVG4weRlu0hiGUDUhI22jButk7MWgCuczcndLlKH78iP47waL92qqUdrJSMPNBvdQxGL0MFyS5I-NbFM9zaN_gmq8iQklLjUx8r0-pCL42SVBifknf6P1iAmdebv-2YxYygflkbcF7JjoeIwtxCad2N45O0CmqtTlJlEONaU8RzFxH5zK9QXiApwBG-qpeu2jj9W4NL7IYyxxIS3rot-Oan4mO589HH5mWCXqjO7tLFxzGl7SeXRnLtoGZOSq7chou1j9mL_ocj4CY7tcL4c2YqZeswdlGFbzrGt7GuzZHcV=w1274-h984-no\" width=\"574\" height=\"984\" aria-label=\"Fotka \u2013 Na \u0161\u00ed\u0159ku \u2013 26. 9. 2019 12:39:26\" \/><\/div>\n<div>\u00a0\u00a0<\/div>\n<div><hr \/>Po jednom d\u0159iv\u011bj\u0161\u00edm nevyda\u0159en\u00e9m pokusu o n\u00e1v\u0161t\u011bvu jsme dnes zam\u00ed\u0159ili do v\u011bzen\u00ed Pawiak.<\/div>\n<div>\u00a0<\/div>\n<div><img loading=\"lazy\" decoding=\"async\" class=\"SzDcob aligncenter\" src=\"https:\/\/lh3.googleusercontent.com\/HVRSqfAkQvlsOGK2EGN8PyLWZKyULYucxvJqmYQDjxy-rZkHH7dmaHWQEkPuGL4RtZq8wjqqia11Xyqxq6I9GjK3G8qi7vkm6faOpihEP10KubY6Y8d16WiKUYZGv1-TwMr17eBi_tcBECmBPKXpV3g4HkSuDgVPspNHGHtbb7NjMdUVH-UcfWtrGpoFA6d6aLzCtbLIA3aj86Sb_Bvu4txXQs-9TnlNVwLsSul8oX9fA1RHyG224S7xygYSGVnI7w1hRhiUXkI5wmSI_pBZkgxWj1wH0aB42VSl5tqvIxHmI1FuhyV4yJ9hJ7nd_8WC6BbcoT-8alb7v5jtgJcZoUr2CSAiLMLqqy4MkDIp2C-7x1JyYs9z5q8gQJY49_K_gEPoLBfD3kLjvfdJi8DiXIKmDI6kJp71lR3HolTjxXYvoyeq3mPxCIveOcDTO69tn_3DMZCRwEBspcNJPg5tqkSlfjNOXGZIHNvgFk6NvJI4wZtkLTGM1ylM3OkefUoYuvF_mgsnBdfR1pItJw-gtjsuB7Ixe5-YN58FS1Hirc1jfZhGxDkEtkMC9KInWBhufAdygsz5kfIoNM03fyPaN2WVkGHifjeK9kFFuqrA4y-w3kIKa-7fsFZcuB6o2eiwRv7ChGW1CK0f4sC1eDoNBfc6ZjlYWwUAiiWOLE7RPNsePhc2CcJ3psNtI6p6fvwIBORHogM5ffeJOkM2hSt1JmyXMumL0Yr13ZQLs2rbq2rFd_rL=w1311-h984-no\" width=\"311\" height=\"984\" aria-label=\"Fotka \u2013 Na \u0161\u00ed\u0159ku \u2013 26. 9. 2019 11:16:25\" \/><\/div>\n<h6>Muzeum v\u011bzen\u00ed Pawiak ve Var\u0161av\u011b pat\u0159\u00ed do smutn\u00e9 puzzle skl\u00e1danky\u00a0n\u00e1mi nav\u0161t\u011bvovan\u00fdch s v\u00e1lkou spojen\u00fdch m\u00edst.<\/h6>\n<div>Expozice muzea je rozd\u011blena do n\u011bkolika \u010d\u00e1st\u00ed. Historie Pawiaku za\u010d\u00edn\u00e1 j\u00ed\u017e v roce 1829, kdy se objevily prvn\u00ed n\u00e1vrhy na jeho vybudov\u00e1n\u00ed. Var\u0161ava v t\u00e9 dob\u011b pat\u0159ila do rusk\u00e9ho z\u00e1boru.\u00a0\u00a0<\/div>\n<div>Rovn\u011b\u017e v obdob\u00ed polsk\u00e9ho samostatn\u00e9ho st\u00e1tu, tedy po 1. sv\u011btov\u00e9 v\u00e1lce, byl Pawiak politick\u00fdm v\u011bzen\u00edm.<\/div>\n<div>V obdob\u00ed nacistick\u00e9 nadvl\u00e1dy v roce 1940 se stal Pawiak v\u011bznic\u00ed Gestapa. V\u011bt\u0161ina v\u011bz\u0148\u016f byla odsud deportov\u00e1na do koncentra\u010dn\u00edch t\u00e1bor\u016f. Nen\u00e1vist Pol\u00e1k\u016f s\u00edlila a v ulic\u00edch se st\u00e1le \u010dast\u011bji objevovaly n\u00e1pisy &#8222;Pawiak pomscimy&#8220;. V l\u00e9t\u011b roku 1944 bylo v\u011bzen\u00ed n\u011bmeck\u00fdmi voj\u00e1ky vyhozeno do pov\u011bt\u0159\u00ed ve snaze zni\u010dit d\u016fkazy o hr\u016fzn\u00fdch \u010dinech za jeho zdmi.<\/div>\n<div>Sou\u010dastn\u00fd Pawiak je postaven na p\u016fvodn\u00edch z\u00e1kladech. U vchodu je velmi v\u00fdsti\u017en\u011b pou\u017eita origin\u00e1ln\u00ed \u010d\u00e1st ze vstupn\u00ed br\u00e1ny. Kovov\u00fd odlitek stromu na vstupn\u00edm n\u00e1dvo\u0159\u00ed dnes p\u0159ipom\u00edn\u00e1 kmen stromu, kter\u00fd se v ruin\u00e1ch a\u017e neskute\u010dn\u011b symbolicky zachoval.\u00a0<\/div>\n<div>\u00a0<\/div>\n<div><img loading=\"lazy\" decoding=\"async\" class=\"SzDcob aligncenter\" src=\"https:\/\/lh3.googleusercontent.com\/OKyJuf7VgpuYfzbwgpa1TJ9NRLuxISiiu-o1sjE40Xq-iDh23l5qhBx4dgDGWXmGL53qcJzOEgh0P8iTzM0QkDWsekgcPaTHZEdCeAMsugv6-pPvqRP2ui-3jaN7ty0s47tcZBX0CBY8Awc69u0wxk1ZB7nx9XOxTGRwrZVRxE3wJSZiajHaq_6EpWvLy94YtL47miHSSq-2kkm0o_niRLI7KhLnDSDNQ1SNWj0f7d5JexaYWCKJnIr9s1ESzHC5Uv5gpNzdcX2ZgJPv4p92TLznUSQbay9V3wkBTcpGf9mId3wayedGRvt81y6zqeew5pg6jMyT55Li14HIYOCVQfMU1WXd2jZeW-GFAEzE4M1w3dcmWM5jTMG4Us10nFXlvAYtFmuzG0QiQ9Nxl4yZMxqVAGWJ7vJIE_2MYm72qr1G31dMjQzMcv38833zLZVviPqQw3FQo_qI0xEOTm1X-BQNntOydA87E0BEvyfp3hNVD7vp8PSHUzw-eKNOiowu2ZP-Rot_sqc59GVAbqoZooOyTFGGZn0N-F2ZDwF917fC_OJJ18Fxehw4eHUzDXb3rvNN3VaQlRy2GNChcFprj6uheusAzIPYn-rQmNOXp32YT-AWjGibzwy1VmCzRFCluVlfK-chgRRn0K0YwZSOGJBjpGS3u0H0EDAiwxg6R8ysO9CDC2kA9UvKbZ0dDBEQhWz-xUbG2QUEwKF7iW10KqzCbESPfBc8QXr-LgzqcbKtUaVR=w738-h983-no\" width=\"338\" height=\"983\" aria-label=\"Fotka \u2013 Na v\u00fd\u0161ku \u2013 26. 9. 2019 11:13:16\" \/>\u00a0<\/div>\n<div>Ponur\u00e1 atmosf\u00e9ra cel a vystaven\u00fdch v trosk\u00e1ch nalezen\u00fdch osobn\u00edch v\u011bc\u00ed v\u011bz\u0148\u016f si na na\u0161\u00ed n\u00e1lad\u011b vybrala svou da\u0148.<\/div>\n<div>B\u011bhem prohl\u00eddky prvn\u00ed \u010d\u00e1sti expozice jsme pochopili, \u017ee pl\u00e1nov\u00e1n\u00e1 n\u00e1v\u0161t\u011bva dal\u0161\u00edho muzea je dnes z \u010dasov\u00fdch i emocion\u00e1ln\u00edch d\u016fvod\u016f opravdu nad na\u0161e s\u00edly.<\/div>\n<div>V jedn\u00e9 z m\u00edstnost\u00ed n\u00e1s upoutal plak\u00e1t na film Jerzego Hoffmana, kter\u00fd je\u0161t\u011b nezn\u00e1me &#8222;1920 Bitwa Warszawska&#8220; z roku 2011. Mo\u017en\u00e1 by se mohl st\u00e1t pro n\u011bkoho tipem na jeden z dlouh\u00fdch podzimn\u00edch ve\u010der\u016f.<\/div>\n<div>\u00a0<\/div>\n<div>\u00a0<\/div>\n<div><img loading=\"lazy\" decoding=\"async\" class=\"SzDcob\" src=\"https:\/\/lh3.googleusercontent.com\/pV067ubNlcp8UZwQ9GzaevwfTvFqtEJty1zcmaOJPB2z86CXQoGqUQkSpgVbUaTtwEMWFDgVK1gLug4SFz7T-OeLIUO0rDp8HSaHBXRDR6dyB7kn_lVHid1h5UrSZwUXxlIV_MbqGNB6KTFYK_wHlIP05pvGUOKKoZfRNB4nYTUb4kpFEWNNMWOAscEgce4ZTClQoqs3_jumuM7J3BEcUqQWsyOCZ-2427H6UKe2zrxSHlEl31hDB8h1WLyC--h_rkHNwcTacY8sOYHBBJtMAOv-s8sTqMWl7n2lLCLny8Ezoo4730LgHpyg9KqKGRtoEZGGMQ0cUvxY9F8yvT4XEFaNLJUL1uN1f9IBH7l3LNE-_JSwUf4z8xu9GKm9IqTdAVm-dWbc5mR_755GnYaUxrm4kD0us9P9jh55bEaBT16cSiGupvZm5zyXH9Yflpi5vsieukH-jdQssOnX94zyU6MmdZ-0johbm1EsgrTrmXLRgaJr9uwDlgnYSGTs7xlt9kiRPpzOJbHnCedhr-na6ljj5hBysJwWXecC33hDK83h_4lN2eFueGKKJpsWSn7aDceDmixbpqAUQkPeO068GGexTbeG-jSo48CjW238s75dG52QXLz7xNxl2Q-3rgIxb--rXoJR1P9v5dl2mNFCk7U7iSo8oCSTL05vZ1aFEFJzeSSal5lYcR9pguX56gFYXTkqYjBERLfNS5RMOWEKEGLR0qoWuibe8Z7yzJybNGNGNGRq=w738-h983-no\" width=\"338\" height=\"983\" aria-label=\"Fotka \u2013 Na v\u00fd\u0161ku \u2013 26. 9. 2019 12:16:10\" \/><\/div>\n<div><hr \/><\/div>\n<div>\u00a0<\/div>\n<div>Ob\u011bd ve skv\u011bl\u00e9 restauraci Thaisty n\u00e1m v\u0161em zvedl n\u00e1ladu. P\u0159i pozorov\u00e1n\u00ed kucha\u0159sk\u00e9ho umu jsme se snad i n\u011b\u010demu p\u0159iu\u010dili. Men\u0161\u00ed roz\u010darov\u00e1n\u00ed zavl\u00e1dlo v okam\u017eiku, kdy\u017e jsme zjistili, \u017ee b\u011bhem zdatn\u00e9ho p\u0159ehazov\u00e1n\u00ed masa a zeleniny na p\u00e1nvi p\u0159\u00edmo p\u0159ed n\u00e1mi se d\u00e1 stihnout i sledov\u00e1n\u00ed<\/div>\n<div>mobiln\u00edch telefon\u016f.<\/div>\n<div>\u00a0<\/div>\n<div><img loading=\"lazy\" decoding=\"async\" class=\"SzDcob alignleft\" src=\"https:\/\/lh3.googleusercontent.com\/RTUKqPAeuEv65lEC52PYaLOmXLCH1sJoX9-C1DOqSa23UZnLRCpLWDZhxY2DY1exNVNrXXE-E1v4csYfox2CV_TQwVEBs-Gns1Ho3QfjeCj-bnEhOYCNEFGMa74qC53sCpLXGnE_IrdvJCrvibw_ro8zGLtaAI5E-80rd5Sf8TLzRh-n5z6jZsw8kTGJaCVbEYVi8ZBjig163HTP9H4H11-S0PRm3LeZhdFr4Yp3cYFy_1HBYWCk_baF3bP9rHDnM4vVKxFMB7VYyi_K5mCpRONRfGd0BNEq9lRiAFz3IIADsnzR6ytSJoMAYkpZ6YIX1kFDpTDXsFbD6k7IN7Bxje-9pVt_3x16T0oECj8bZ1731q3flYwkgYH7msi6qpn6iHQUzeAE4uMCJD5qHrAFCvSdSQ5u4U9r_AwgeilyZwcwy7Uwmy3UB_VeuhnWbZ_xAtKuQs-Pm6xliEBPSrwpnIhv_KM5K4c3ksQA8rjvwOUouYaSahF6bhuz2-iRdy9gkuc0lkFaNZ9VRNL0kc3Xm_GGn01A5G-wDySnyN2lRfOdA92isFgR7cQFttt3hbE0nVA_Nbk4YGo3hmzZKbKI9ObNiaJKucdu3YwTdzXiknwaCHJBIWr1Zi-FpR3W9rg6D8Q8v6JCF2RFhaMBVPp-f4x4W8jG_425ftVjkBKwIRFSmRN-IItUY8pr9gOA1GDRkvFMx6ZYdKdBs0NK6cB8a2p3p2x3GBvvZXsIkGFCAKCFoAbS=w1311-h983-no\" width=\"311\" height=\"983\" aria-label=\"Fotka \u2013 Na \u0161\u00ed\u0159ku \u2013 26. 9. 2019 13:13:45\" \/>My\u0161lenka, jak sleduj\u00ed p\u0159i va\u0159en\u00ed jednotliv\u00e9 recepty a postupy n\u00e1s trochu zneklidnila, a tak na\u0161e zv\u011bdavost a fantazie nabraly obr\u00e1tky. Pravda, v\u00fdhled do kuchyn\u011b t\u00edm byl trochu degradov\u00e1n, ale na druhou stranu bylo vid\u011bt, \u017ee i mu\u017ei dok\u00e1\u017eou d\u011blat v\u00edce v\u011bc\u00ed najedou. Ov\u0161em samotn\u00e9mu j\u00eddlu se vytknout nedalo opravdu v\u016fbec nic.\u00a0<\/div>\n<div>\u00a0<\/div>\n<div>Pro Kulturn\u00ed \u010dtvrtek napsala Margita<\/div>\n<div>\u00a0<\/div>\n<div><a href=\"https:\/\/photos.app.goo.gl\/wRZ257dEQ3P97mug6\">Zde si m\u016f\u017eete prohl\u00e9dnout fotografie z t\u00e9to akce.<\/a><\/div>\n","protected":false},"excerpt":{"rendered":"<p>Sychrav\u00e9 po\u010das\u00ed dne\u0161n\u00edho r\u00e1na a pomalu se m\u011bn\u00edc\u00ed barvy list\u00ed na stromech. N\u011bkdo to sice nerad sly\u0161\u00ed, ale podzim se n\u00e1m nezadr\u017eiteln\u011b dere do dve\u0159\u00ed.\u00a0 \u00a0 \u00a0\u00a0 Po jednom d\u0159iv\u011bj\u0161\u00edm nevyda\u0159en\u00e9m pokusu o n\u00e1v\u0161t\u011bvu jsme dnes zam\u00ed\u0159ili do v\u011bzen\u00ed Pawiak. \u00a0 Muzeum v\u011bzen\u00ed Pawiak ve Var\u0161av\u011b pat\u0159\u00ed do smutn\u00e9 puzzle skl\u00e1danky\u00a0n\u00e1mi nav\u0161t\u011bvovan\u00fdch s v\u00e1lkou spojen\u00fdch [&hellip;]<\/p>\n","protected":false},"author":67,"featured_media":0,"comment_status":"open","ping_status":"closed","sticky":false,"template":"","format":"standard","meta":{"ngg_post_thumbnail":0,"footnotes":""},"categories":[2],"tags":[],"class_list":["post-5510","post","type-post","status-publish","format-standard","hentry","category-kulturni-ctvrtky"],"_links":{"self":[{"href":"https:\/\/www.infopoint.cz\/polsko\/wp-json\/wp\/v2\/posts\/5510","targetHints":{"allow":["GET"]}}],"collection":[{"href":"https:\/\/www.infopoint.cz\/polsko\/wp-json\/wp\/v2\/posts"}],"about":[{"href":"https:\/\/www.infopoint.cz\/polsko\/wp-json\/wp\/v2\/types\/post"}],"author":[{"embeddable":true,"href":"https:\/\/www.infopoint.cz\/polsko\/wp-json\/wp\/v2\/users\/67"}],"replies":[{"embeddable":true,"href":"https:\/\/www.infopoint.cz\/polsko\/wp-json\/wp\/v2\/comments?post=5510"}],"version-history":[{"count":12,"href":"https:\/\/www.infopoint.cz\/polsko\/wp-json\/wp\/v2\/posts\/5510\/revisions"}],"predecessor-version":[{"id":5524,"href":"https:\/\/www.infopoint.cz\/polsko\/wp-json\/wp\/v2\/posts\/5510\/revisions\/5524"}],"wp:attachment":[{"href":"https:\/\/www.infopoint.cz\/polsko\/wp-json\/wp\/v2\/media?parent=5510"}],"wp:term":[{"taxonomy":"category","embeddable":true,"href":"https:\/\/www.infopoint.cz\/polsko\/wp-json\/wp\/v2\/categories?post=5510"},{"taxonomy":"post_tag","embeddable":true,"href":"https:\/\/www.infopoint.cz\/polsko\/wp-json\/wp\/v2\/tags?post=5510"}],"curies":[{"name":"wp","href":"https:\/\/api.w.org\/{rel}","templated":true}]}}