{"id":5532,"date":"2019-10-09T10:51:17","date_gmt":"2019-10-09T08:51:17","guid":{"rendered":"https:\/\/www.infopoint.cz\/polsko\/?p=5532"},"modified":"2019-11-19T12:11:40","modified_gmt":"2019-11-19T11:11:40","slug":"historicky-zidovsky-ustav","status":"publish","type":"post","link":"https:\/\/www.infopoint.cz\/polsko\/historicky-zidovsky-ustav\/","title":{"rendered":"Historick\u00fd \u017didovsk\u00fd \u00fastav"},"content":{"rendered":"\n<p>\u010ctvrte\u010dn\u00ed setk\u00e1n\u00ed u Dany za\u010dalo smutn\u011b, zem\u0159el Karel Gott. Vzpom\u00ednali jsme na n\u011bj, jak jinak ne\u017e hlasit\u011b a ka\u017ed\u00e1 z n\u00e1s m\u011bla sv\u016fj n\u00e1zor (Monika na\u0161t\u011bst\u00ed nebyla, jinak tam sed\u00edme je\u0161t\u011b dnes). Zap\u00e1lily jsme sv\u00ed\u010dku, s men\u0161\u00edm nesouhlasem Dany, ale byla tentokr\u00e1t p\u0159ehlasov\u00e1na a shodly jsme se na tom, \u017ee Karel byl skute\u010dn\u011b jedine\u010dn\u00fd a nezastupiteln\u00fd.<\/p>\n<p>Autem a tramvaj\u00ed jsme se p\u0159em\u00edstily do Historick\u00e9ho \u017didovsk\u00e9ho \u00fastavu, kter\u00fd s\u00eddl\u00ed v p\u016fvodn\u00ed \u017eidovsk\u00e9 knihovn\u011b, postaven\u00e9 v letech 1876 -1878 v sousedstv\u00ed Velk\u00e9 synagogy v ulici Tlomackie.<\/p>\n<p><img loading=\"lazy\" decoding=\"async\" class=\"SzDcob\" src=\"https:\/\/lh3.googleusercontent.com\/0A5BPHjTDhxbJsjecs123gGoIBia71ISs0euRzJanGQjh6_cSXwWEDuXRIq0iPDqDtzpkqR5pvtn6ID4xew3WGeKUbN4gbhSLU2_zN0TIf-7Uc0B1WKUBZGuR9K-8IZB4T2ZPy4Ge3FoXtTJBDW6u7tlwi6sQgWg4dcGVCmcM0ON3H6rxQBS3TUeKMxoB8WwPwi_0dAXI5FUa92pTuYgA9f2GGmZGgPYUKSlmxM4kJTjgLOFwaZ8-ZALEIXd2w3--E6aNKtLCWOhPIe5SDmr7LjlcGHqPfRAAeKIxcGIgVtCAVKa5xO4AogUqymO2JZc07zAds88NSFWmcPZBxvWgBE1AapDbJtjTlSCfXoKOYdnc6WFM1WbRy9lFIBBQ8An4LWJAwnPuyfqANrvngUr0ocX6zmNVXubPTzABkf9a_3r0qYedGngD5kVP0dDMEFJieFkWj4bJOuqHiJl_h4Nbh07lh_zmfPRzuXWfhHP5vdOIV7PmbTi6yqLi-Pqp4E7RPP4v_KC7fiHdoGGSXBPQ5wwzQapUTFHCybLo9mwJ1LENr2OMNJPvufaEr4HgM98ZvuiWf8sj8G102OEfjj1cCR5Rp0AbgtX9mqIYfxD_cjLLAQvVff9tJOIQyjBMTOjkb8ShrPN6mH9ZtGP1KYJbUce88QdTWsEdeA2F5fwy2IEfX8Bfh7SCYRgbNirjPGrQEj52XGWqRDLiXhfZne0quzwJupB24Pq8hTmB57CntPaPfo=w570-h350-no\" width=\"570\" height=\"350\" aria-label=\"Fotka \u2013 Na \u0161\u00ed\u0159ku \u2013 8. 10. 2019 21:56:40\" \/><br \/>B\u011bhem v\u00e1lky le\u017eela knihovna uvnit\u0159 hranic var\u0161avsk\u00e9ho gheta, v\u00e1lku i p\u0159es vyp\u00e1len\u00ed (na podlaze hlavn\u00ed haly jsou i dnes patrn\u00e9 stopy ohn\u011b) budova p\u0159est\u00e1la, na rozd\u00edl od Velk\u00e9 synagogy, kter\u00e1 byla v roce 1943 zni\u010dena.<br \/>V\u00fdstava, \u201dWhat we\u2019ve been unable to shout out to the world\u201d je v\u011bnov\u00e1na Podzemn\u00edmu archivu var\u0161avsk\u00e9ho gheta a jeho tv\u016frc\u016fm skupin\u011b Oneg Shabbat. N\u00e1zev v\u00fdstavy je cit\u00e1t z posledn\u00ed v\u016fle devaten\u00e1ctilet\u00e9ho Davida Graberaje, kter\u00fd byl jedn\u00edm ze t\u0159ech lid\u00ed, kte\u0159\u00ed skryli \u010d\u00e1st archivu. Zakladatelem a hlavn\u00edm tv\u016frcem archivu byl historik dr. Emanuel Rilgelblum. Pod\u00edvaly jsme se na origin\u00e1ln\u00ed dokumenty, dopisy a sv\u011bdectv\u00ed lid\u00ed, kte\u0159\u00ed se chystali um\u0159\u00edt i na autentick\u00fd kontejner, ve kter\u00e9m byly dokumenty zakop\u00e1ny.<\/p>\n<p><img loading=\"lazy\" decoding=\"async\" class=\"SzDcob\" src=\"https:\/\/lh3.googleusercontent.com\/_J8oakpyD-GmFppSk1SpM2x2gZXcI-fMhAQMiv0lvKWKj3ZXh7HWwEZhKKg9M8R0mwqFYMRrD09viJlDfTrBodhVxaGGBsLDA6Te8VD_iIaFX4VIBjUq8ZHSpXEGviavgQE095__p_zKBi3LnEeETjJxGilR9dl-26zhEQkPTTGbJyDwIRbgskjSU7l6AaltgJTV-sF0rUHoC3w8OhOMMeHn9UW-hzBUap4DvR5gWrr1Lx_OhCy__CLupjOybZGH-W9MI6jmvdFGEiNdIjcPKUfldduBgmUfd6zhFmDRVVCb225LQIKYedCAsDdIRkW5EOZa-mVS3eCuND7kQGivECgIuj0WIC0ZahaTdVgdCO1LGRGTpHyU8GgPrt8kFppEWjqUvKvPyBaBKFQ4pXwIazctJwWEfxW9ISpSroUBVL725zNsSm8xBt0vnYtCxlFWp0n1DmX68KuXbIoZeP-l_Q204-zVjbnfQpk92Kr0SMrBQUxiDLEGim-VXfbPAthwZxIYAxKola0ZWYSTw3kKhxSCNGYPqxP7Xhc8jQfwBtrymMn_BwoaOBGVoksCiZrLlRZvr6AJ--ittn8s6rWlFBaf684jL7kH_T543WLKvmXcMTvv4Nh-WDIhZgLWCIHgdIkqepOLO1HAB3LaX9IR2sqCbRu380BlUzrc3geOXyRi1z7hab45ezVtYGuEvA1irBM0cWg66o9zWSm9giJSsqQ0-6cAJgoRgKkqfuN9BoH6l5w=w895-h671-no\" width=\"820\" height=\"615\" aria-label=\"Fotka \u2013 Na \u0161\u00ed\u0159ku \u2013 3. 10. 2019 12:40:27\" \/><\/p>\n<p>Archiv je jedno z nejd\u016fle\u017eit\u011bj\u0161\u00edch sv\u011bdectv\u00ed holocaustu polsk\u00fdch \u017did\u016f a v roce 1999 byl za\u0159azen do seznamu UNESCO Pam\u011b\u0165<br \/>sv\u011bta.<\/p>\n<p><img loading=\"lazy\" decoding=\"async\" class=\"SzDcob\" src=\"https:\/\/lh3.googleusercontent.com\/z_8xCSXlKzzb1l9CY8TdL_lfm0xWMxcrcBDJ6G1KKgIpSzQIzOKrB-3POkLSWyxqivkMpVGDcZ6EVzkTVgySndsHKXLMmtKXN1FAAn0aLGrlzNKh0Cbt-VrP3a9k1FCLXle1cAezor2Qh1dI0B-QPSdj2yzp9drHHspwVd-BtAD5jn8ILXSJPopklnd4wRaouEuxmBp4wKTkfJMoaqAWMH-58Bck2x8of_SfbAE-mIxKB2V8TUfwIcvcyf153_g92hI_fvp3IJBxBEOR8wG7ZpI63G25XHZUUFL4qUP3A9qu9eXybiDSCX_Gjv1BSER-4r2CqURT7LJM2m5VdsF9_T27cLMtDyr5M8ZYlhBqKrMgI8uF_ZqTnM9lwuVJcR387ECgpDOQo11PFeu4TlIgJl-FfeKoMwrrShg5dvjAeTERnyYrKUxNduUdP-3yda2qjX80So9uF-SUevQfmUOHhojIqSYOMWrak7jAPk0s5hl3Y0W7EX-z30YueZEWLlEWp3CEq3tp7ZM8Fm8q-lxEPMl-450KFV_e6ykA65JICmNH_dropIY_Q1AynOS7-tzLfB7tALbp0JBwCJhsH6CAXQuXqntanMlyVpK3Be58ZoDmmo4R8wEAQKpFhRRjf89iAZEKYCwMSR5OYqolZ-GsFJhwyggCMUd4BhYIIZkxkl4Q5mf3OlaWMTap3Yqn2eyFmsfiLaPUgDqLYfmKBfh0mZXfT_Bwm0EvviimpcO4-TkqYHw=w504-h671-no\" width=\"462\" height=\"615\" aria-label=\"Fotka \u2013 Na v\u00fd\u0161ku \u2013 3. 10. 2019 12:37:47\" \/><br \/>Diskuze byly op\u011bt bou\u0159liv\u00e9 a cht\u011bly jsme se dop\u00e1trat toho, pro\u010d je lidstvo nepou\u010diteln\u00e9 a pro\u010d se historie opakuje. Kdyby jsme na to p\u0159i\u0161ly, tak by to bylo ur\u010dit\u011b na Nobelovku. Z\u00e1v\u011br byl, \u017ee se budeme chovat slu\u0161n\u011b a \u010destn\u011b a doufat v to nejlep\u0161\u00ed.<\/p>\n<p>\u00a0<\/p>\n<p><br \/>Ob\u011bd v Tel Aviv byl moc dobr\u00fd, volba j\u00eddel se povedla a p\u0159i\u0161lo na \u0159adu i tepl\u00e9 pivo s povidly a domluva, \u017ee od te\u010f zkou\u0161\u00edme nejv\u011bt\u0161\u00ed \u0161\u00edlenost z j\u00eddeln\u00edho l\u00edstku. Tepl\u00e9 pivo bylo netradi\u010dn\u00ed, zaj\u00edmav\u00e9, m\u00e9n\u011b hnusn\u00e9 a \u00fapln\u011b to asi \u017e\u00e1dn\u00e1 z n\u00e1s nebude praktikovat doma. Stihly jsme i rychlou k\u00e1vu a bezu, ale to u\u017e jsme v\u011bd\u011bly, \u017ee do \u0161koly pro d\u011bti to v\u010das nestihneme.<\/p>\n<p><img loading=\"lazy\" decoding=\"async\" class=\"SzDcob\" src=\"https:\/\/lh3.googleusercontent.com\/479hY5RyBEhTxEqTjgbkWqJG3RPmhJXRLuGhpxXKvy-sd05T7S-oTle0Z-pdHxeWlJBytnbOs_OvycjMIS6My0vv7hBtGXsDLEfe52Amu10r-HzjfG7nIZ-s0CyaEd23YT-F7ftBP0ohdvDAaq5D9zcUOYD1Dz6H-lwEV4o337KqvfhuaxipaA6XxiNkSB93WE-q858vWE_fw8yQaj1q7sb9SPWao1cj_19QTrA9x2UouhuhGRMO9Z3SJgwgGeMfDa8ftjr7yA1VX2_BrFTaWMtahrpW1TgXyU5N0tx7y_Le-DInIsBGCkQptRQRL0GzG_YEkJW4DwIdAsFG1zxEt7wAAls0s4g6kkjGWu2hHxY29ON-UofTebLztLmksPQBPJBeLH1KBnyTBc1H9JfX-e8FOfRZ_L-y9d72CWj-c0qpwo66LAWZKP3An2LVdOsQKoAIjj2nJGnnWdZSEGQ5TjGbRVavLypdRiQi2Vc7mEqzOx9TGspZWlbov3UKA-kJ3-o08lqBg6VnWnUP3jud4uekMO55VUHYDPaa3ZAUY3SadQ3nY90D6-UrWykLG3n5BHr5khKpQvpu-heQmOtu_-9oysav8uz3kXAq6xrhBb9g9au8fzcO-FvSZtCyaFjFXHstYij3EPMRkOyjpCCxI9yILg5gQg1RlQdsTDx0Lp_j2OuUsnHD7NVv9c2yfGAM59aIlh65V2lopGS7o_jWlyu6tIkAhaeTqy4pv7HFMIpvc-o=s671-no\" width=\"615\" height=\"615\" aria-label=\"Kol\u00e1\u017e \u2013 Fotka \u2013 \u010ctverec \u2013 3. 10. 2019 13:41:26\" \/><\/p>\n<p>D\u011bti si poradily i bez n\u00e1s a my si u\u017eily bezvadn\u00fd kulturn\u00ed \u010dtvrtek.<\/p>\n<p>Pro Kulturn\u00ed \u010dtvtek 3.10.2019 s radost\u00ed napsala Mirka<\/p>\n<p><a href=\"https:\/\/photos.app.goo.gl\/rhmXHzBe1xm1iEPb7\">Zde<\/a> se m\u016f\u017eete pod\u00edvat na fotografie z t\u00e9to akce.<\/p>\n<p>\u00a0<\/p>\n","protected":false},"excerpt":{"rendered":"<p>\u010ctvrte\u010dn\u00ed setk\u00e1n\u00ed u Dany za\u010dalo smutn\u011b, zem\u0159el Karel Gott. Vzpom\u00ednali jsme na n\u011bj, jak jinak ne\u017e hlasit\u011b a ka\u017ed\u00e1 z n\u00e1s m\u011bla sv\u016fj n\u00e1zor (Monika na\u0161t\u011bst\u00ed nebyla, jinak tam sed\u00edme je\u0161t\u011b dnes). Zap\u00e1lily jsme sv\u00ed\u010dku, s men\u0161\u00edm nesouhlasem Dany, ale byla tentokr\u00e1t p\u0159ehlasov\u00e1na a shodly jsme se na tom, \u017ee Karel byl skute\u010dn\u011b jedine\u010dn\u00fd a [&hellip;]<\/p>\n","protected":false},"author":67,"featured_media":0,"comment_status":"open","ping_status":"closed","sticky":false,"template":"","format":"standard","meta":{"ngg_post_thumbnail":0,"footnotes":""},"categories":[2],"tags":[],"class_list":["post-5532","post","type-post","status-publish","format-standard","hentry","category-kulturni-ctvrtky"],"_links":{"self":[{"href":"https:\/\/www.infopoint.cz\/polsko\/wp-json\/wp\/v2\/posts\/5532","targetHints":{"allow":["GET"]}}],"collection":[{"href":"https:\/\/www.infopoint.cz\/polsko\/wp-json\/wp\/v2\/posts"}],"about":[{"href":"https:\/\/www.infopoint.cz\/polsko\/wp-json\/wp\/v2\/types\/post"}],"author":[{"embeddable":true,"href":"https:\/\/www.infopoint.cz\/polsko\/wp-json\/wp\/v2\/users\/67"}],"replies":[{"embeddable":true,"href":"https:\/\/www.infopoint.cz\/polsko\/wp-json\/wp\/v2\/comments?post=5532"}],"version-history":[{"count":5,"href":"https:\/\/www.infopoint.cz\/polsko\/wp-json\/wp\/v2\/posts\/5532\/revisions"}],"predecessor-version":[{"id":5551,"href":"https:\/\/www.infopoint.cz\/polsko\/wp-json\/wp\/v2\/posts\/5532\/revisions\/5551"}],"wp:attachment":[{"href":"https:\/\/www.infopoint.cz\/polsko\/wp-json\/wp\/v2\/media?parent=5532"}],"wp:term":[{"taxonomy":"category","embeddable":true,"href":"https:\/\/www.infopoint.cz\/polsko\/wp-json\/wp\/v2\/categories?post=5532"},{"taxonomy":"post_tag","embeddable":true,"href":"https:\/\/www.infopoint.cz\/polsko\/wp-json\/wp\/v2\/tags?post=5532"}],"curies":[{"name":"wp","href":"https:\/\/api.w.org\/{rel}","templated":true}]}}