{"id":5542,"date":"2019-11-19T11:49:37","date_gmt":"2019-11-19T10:49:37","guid":{"rendered":"https:\/\/www.infopoint.cz\/polsko\/?p=5542"},"modified":"2020-01-30T16:19:03","modified_gmt":"2020-01-30T15:19:03","slug":"zodiak-warszawski-pawilon-architektury-aneb-o-potrebnosti-umelecke-duse","status":"publish","type":"post","link":"https:\/\/www.infopoint.cz\/polsko\/zodiak-warszawski-pawilon-architektury-aneb-o-potrebnosti-umelecke-duse\/","title":{"rendered":"Nigdy wiecej v Muzeu modern\u00edho um\u011bn\u00ed na Visle"},"content":{"rendered":"\n<p>Tradi\u010dn\u00ed rann\u00ed setk\u00e1n\u00ed u Dany prob\u011bhlo v\u00a0p\u0159\u00edjemn\u00e9 atmosf\u00e9\u0159e a jeliko\u017e jsme m\u011bly prohl\u00eddku v\u00fdstavy domluvenou a\u017e na dvan\u00e1ctou hodinu, bylo dost \u010dasu na probr\u00e1n\u00ed zaj\u00edmav\u00fdch t\u00e9mat.<\/p>\n<p>Na dne\u0161n\u00ed v\u00fdstavu nazvanou Nigdy wiecej v\u00a0Muzeu modern\u00edho um\u011bn\u00ed na Visle jsem se t\u011b\u0161ila, byla jsem velmi zv\u011bdav\u00e1, ale ne\u010dekala jsem, \u017ee to bude a\u017e tak n\u00e1ro\u010dn\u00e9 t\u00e9ma. Ka\u017edop\u00e1dn\u011b v\u00fdstava byla zaj\u00edmav\u00e1 v\u00a0mnoha sm\u011brech, zam\u011b\u0159en\u00e1 na v\u00e1lku a fa\u0161ismus a rozd\u011blen\u00e1 do 3 obdob\u00ed \u2013 p\u0159ed 2. sv\u011btovou v\u00e1lkou, b\u011bhem n\u00ed a po n\u00ed.<\/p>\n<p>Op\u011bt se n\u00e1s ujal pan C\u00e9sare a pozd\u011bji se k\u00a0n\u00e1m p\u0159idala i pan\u00ed Jolanta. V\u00fdstavu jsme zapo\u010daly prohl\u00ed\u017een\u00edm fotografi\u00ed monitoruj\u00edc\u00edch vytvo\u0159en\u00ed slavn\u00e9ho obrazu Guernica, kter\u00fd v\u00a0roce 1937 namaloval \u0161pan\u011blsk\u00fd mal\u00ed\u0159 Pablo Picasso. D\u00edky t\u011bmto fotografi\u00edm jsme m\u011bly mo\u017enost poprv\u00e9 vid\u011bt, jak se obraz vytv\u00e1\u0159el a p\u0159etv\u00e1\u0159el.<img loading=\"lazy\" decoding=\"async\" class=\"SzDcob\" src=\"https:\/\/lh3.googleusercontent.com\/ejxWLS-44szB3LtfMtPJcsKq2PywMa1L6x-kUFTlF_JjQ3--zzTgG_coDmMFYSI802Q855ODrwrSGDKP7inOqnIojhc4V2RcB0zi54bcjtRdnU4PvBVNyuh9tvWKMn5jVlhm_kwtGpuDPsee51MNh0B25fYb-epTdEcRuR4Gfe7LDAwyU7LID9ZlsbbvKhQ86upK75mWkAm3hk8Mex1Lnh1fagqYPsfjpVzjaII_DBSzTUJ2hpoLsC0NG2UKSgTXGA7zlRjPGOY7cC8kWnNkenIOAunBcgazdohxGEc1Ls-rFiwQKeWjVjdFvwBuMFBBSJE8g3nsc1bolqRKGHcS5Pn7bCbgYBTawitAQWmQ4PtwkQSPdLzmXBpnbHgErCvf8GMVQ1wwTg7lfuu4tHhsZ2SC_vqyglsbqs9Rmx06MIg6JlsIpqf-92vN4MVDsmRSDu6p_l6LNILaTysRLYluXsb87uiArx_7SwHnmijBZrWvR8sC9UvbYO9g7aqgy6tUc_pPxjFI5-3JFxi8j1Io42rpWOIbvKgytGGzSmN26fpdtxS3ZBSls7wupE9dMREa5kUnWlbdyUDn8j_pPpDsdEt-nuvzSwCDq87hmfxUqVIYmYI60wwomgNnWTH5iBPQVi72vysZZwcUaYpbXZxbfJNZ4CrZP0X1ngkqIpkrOuNzu5GlZEOv19JPIFEYZ66bF-Xvh4PALgpbwwChr0X7ZhjAgTIdJrSkZxd_Xtd-YkVjW6Y=s671-no\" width=\"615\" height=\"615\" aria-label=\"Kol\u00e1\u017e \u2013 Fotka \u2013 \u010ctverec \u2013 10. 10. 2019 13:44:42\" \/><\/p>\n<p>N\u011bkolik fotografi\u00ed, kol\u00e1\u017e\u00ed, obr\u00e1zk\u016f a karikatur bylo zam\u011b\u0159eno na Hitlera a nacismus v\u00a0t\u0159ic\u00e1t\u00fdch a \u010dty\u0159ic\u00e1t\u00fdch letech dvac\u00e1t\u00e9ho stolet\u00ed. Za n\u011bkter\u00e9 z\u00a0t\u011bchto posm\u011b\u0161n\u00fdch obr\u00e1zk\u016f byla polsk\u00e1 karikaturistka Maja Berezowska, \u017eij\u00edc\u00ed n\u011bjak\u00fd \u010das ve Francii, zat\u010dena gestapem a uv\u011bzn\u011bna ve var\u0161avsk\u00e9m v\u011bzen\u00ed Pawiak, kde i nad\u00e1le kreslila. Shodou okolnost\u00ed jsme toto v\u011bzen\u00ed nav\u0161t\u00edvily ned\u00e1vno.<\/p>\n<p>Velmi zaj\u00edmav\u00e9 byly kol\u00e1\u017ee fotografi\u00ed, propojuj\u00edc\u00ed pohodov\u00fd americk\u00fd styl \u017eivota a v\u00fdjevy z\u00a0v\u00e1lek, nap\u0159. z\u00a0Vietnamu.<\/p>\n<p>Sou\u010d\u00e1st\u00ed v\u00fdstavy byly i obrazy z\u00a0pades\u00e1t\u00fdch let, kdy v\u011bt\u0161ina lid\u00ed je\u0161t\u011b v\u011b\u0159ila komunist\u016fm, ale v\u00edc a v\u00edc se objevovali i pochybova\u010di.<\/p>\n<p>P\u0159ekvapiv\u00e9 bylo tak\u00e9 d\u00edlo p\u0159edstavuj\u00edc\u00ed n\u00e1pis Arbeit macht frei rozd\u011blen\u00fd na 3 \u010d\u00e1sti, jeho\u017e origin\u00e1l byl p\u0159ed n\u011bkolika ukraden z br\u00e1ny b\u00fdval\u00e9ho nacistick\u00e9ho koncentra\u010dn\u00edho t\u00e1bora v\u00a0Osv\u011btimi, roz\u0159ez\u00e1n na 3 d\u00edly a m\u011bl b\u00fdt prod\u00e1n mu\u017ei ze \u0160v\u00e9dska, kter\u00fd si kr\u00e1de\u017e objednal. Zar\u00e1\u017eej\u00edc\u00ed na tom je, \u017ee je\u0161t\u011b i v\u00a0sou\u010dasn\u00e9 dob\u011b se najdou lid\u00e9, kte\u0159\u00ed cht\u011bj\u00ed m\u00edt i za cenu kr\u00e1de\u017ee a zaplacen\u00ed vysok\u00e9 \u010d\u00e1stky takov\u00fdto v\u00fdznamn\u00fd nacistick\u00fd artefakt doma, ve sv\u00e9 sb\u00edrce.<\/p>\n<p>V\u00fdstava se se\u0161la s\u00a0nelibost\u00ed pravicov\u011b orientovan\u00fdch lid\u00ed, kte\u0159\u00ed tvrdili, \u017ee v\u00a0Polsku u\u017e fa\u0161ist\u00e9 nejsou. Z\u0159ejm\u011b necht\u011bli p\u0159iznat, bu\u010f sob\u011b nebo ve\u0159ejnosti, \u017ee fa\u0161istick\u00e9 projevy bohu\u017eel p\u0159etrv\u00e1vaj\u00ed dodnes i v Polsku, co\u017e je velmi smutn\u00e1 a zar\u00e1\u017eej\u00edc\u00ed skute\u010dnost.<\/p>\n<p>S\u00a0pon\u011bkud nep\u0159\u00edli\u0161 optimistick\u00fdmi my\u0161lenkami jsme si pot\u00e9 byly zp\u0159\u00edjemnit na\u0161i n\u00e1ladu dobr\u00fdm ob\u011bdem v\u00a0nedalek\u00e9 restauraci, kde jsme po j\u00eddle obdr\u017eely kol\u00e1\u010dky \u0161t\u011bst\u00ed s\u00a0v\u011b\u0161tbou. Ne ka\u017ed\u00e1 v\u0161ak byla s\u00a0jej\u00edm zn\u011bn\u00edm spokojena ?. Ale i p\u0159esto jsme se n\u00e1sledn\u011b lou\u010dily s\u00a0\u00fasm\u011bvem.<\/p>\n<p><img loading=\"lazy\" decoding=\"async\" class=\"SzDcob\" src=\"https:\/\/lh3.googleusercontent.com\/s4K1HYvVPI2_CiVg5c6rYf0PJaVbsA7tpd0qnn45wtwTX8CNUssSppeaYVFLGn5uLfqcfHTgP8AS_q42tpGXv-OPfuAC8-zDnc9-sqfI4GUWULLJgCdflE-YVYu_6u4Sx6F-4TCgAnvxQ_jGkE4cqepYXG8hs7pC0uqYyamZjhwzQTxjnkhaht8icCnq2q4s9PF8G1WMS2HBObq7zYGM2eO3qftNdAMko6QxZurvj_VUSJ3qOBWDtbf8qJpwNWLGMuoirSVjx2qDz4C-hslqvkGyxNU18AGRyqPzJIE9GvyNzYzFMtJWu1QYHmt4hVnGUvcVDjXOyru6a7fZ42Wf8eFe17mDptykE1JYzyJ6I2dYzluAAvtPMSi2uaQQ_f9es99h5qgG4ZwlcdlCHFcJoZsLeCU0RRlqGrdnZRWEieU_LWVK1-UT9FGJFDzJZgJrsRGTNOR2kaxssD-a0zwRaP8pmlwGniICyHlV75L4Jumri09xdjepmyyV5iVgonETqSbfIbFTspKwRjxDzK4VGOUUjHgei9UHM2129T4mfuRGA3V2yNgCbrRsVzDAl7saijYsgGo6d5SHWL5gzNVftgK6tu7_llcKC4tOQHAfZM0K07sFOqdjgC2x6hiBLm8J-T_KG_Sh5ysEKs95D5fyVuWdVQEaM7qYKSXlbNlyE0BSQAxu8jiKOGxND4m58xzfDFEc1LhjmbP9HXQZbm4VEzyNI7uFzCCYIf7y7v1sLohIgIc=w581-h671-no\" width=\"532\" height=\"615\" aria-label=\"Fotka \u2013 Na v\u00fd\u0161ku \u2013 10. 10. 2019 14:55:27\" \/><\/p>\n<p>\u00a0<\/p>\n<p>Pro Kulturn\u00ed \u010dtvrtek 10.10.2019 napsala Lucie.<\/p>\n<p>\u00a0<\/p>\n<p><a href=\"https:\/\/photos.app.goo.gl\/4GQbSSRLjfKBX3rn7\">Zde<\/a> si m\u016f\u017eete prohl\u011bdnout fotografie z akce.<\/p>\n<p>\u00a0<\/p>\n","protected":false},"excerpt":{"rendered":"<p>Tradi\u010dn\u00ed rann\u00ed setk\u00e1n\u00ed u Dany prob\u011bhlo v\u00a0p\u0159\u00edjemn\u00e9 atmosf\u00e9\u0159e a jeliko\u017e jsme m\u011bly prohl\u00eddku v\u00fdstavy domluvenou a\u017e na dvan\u00e1ctou hodinu, bylo dost \u010dasu na probr\u00e1n\u00ed zaj\u00edmav\u00fdch t\u00e9mat. Na dne\u0161n\u00ed v\u00fdstavu nazvanou Nigdy wiecej v\u00a0Muzeu modern\u00edho um\u011bn\u00ed na Visle jsem se t\u011b\u0161ila, byla jsem velmi zv\u011bdav\u00e1, ale ne\u010dekala jsem, \u017ee to bude a\u017e tak n\u00e1ro\u010dn\u00e9 t\u00e9ma. Ka\u017edop\u00e1dn\u011b [&hellip;]<\/p>\n","protected":false},"author":67,"featured_media":0,"comment_status":"open","ping_status":"closed","sticky":false,"template":"","format":"standard","meta":{"ngg_post_thumbnail":0,"footnotes":""},"categories":[2],"tags":[],"class_list":["post-5542","post","type-post","status-publish","format-standard","hentry","category-kulturni-ctvrtky"],"_links":{"self":[{"href":"https:\/\/www.infopoint.cz\/polsko\/wp-json\/wp\/v2\/posts\/5542","targetHints":{"allow":["GET"]}}],"collection":[{"href":"https:\/\/www.infopoint.cz\/polsko\/wp-json\/wp\/v2\/posts"}],"about":[{"href":"https:\/\/www.infopoint.cz\/polsko\/wp-json\/wp\/v2\/types\/post"}],"author":[{"embeddable":true,"href":"https:\/\/www.infopoint.cz\/polsko\/wp-json\/wp\/v2\/users\/67"}],"replies":[{"embeddable":true,"href":"https:\/\/www.infopoint.cz\/polsko\/wp-json\/wp\/v2\/comments?post=5542"}],"version-history":[{"count":10,"href":"https:\/\/www.infopoint.cz\/polsko\/wp-json\/wp\/v2\/posts\/5542\/revisions"}],"predecessor-version":[{"id":5623,"href":"https:\/\/www.infopoint.cz\/polsko\/wp-json\/wp\/v2\/posts\/5542\/revisions\/5623"}],"wp:attachment":[{"href":"https:\/\/www.infopoint.cz\/polsko\/wp-json\/wp\/v2\/media?parent=5542"}],"wp:term":[{"taxonomy":"category","embeddable":true,"href":"https:\/\/www.infopoint.cz\/polsko\/wp-json\/wp\/v2\/categories?post=5542"},{"taxonomy":"post_tag","embeddable":true,"href":"https:\/\/www.infopoint.cz\/polsko\/wp-json\/wp\/v2\/tags?post=5542"}],"curies":[{"name":"wp","href":"https:\/\/api.w.org\/{rel}","templated":true}]}}