{"id":5552,"date":"2019-11-21T17:06:34","date_gmt":"2019-11-21T16:06:34","guid":{"rendered":"https:\/\/www.infopoint.cz\/polsko\/?p=5552"},"modified":"2019-12-11T15:36:14","modified_gmt":"2019-12-11T14:36:14","slug":"zodiak","status":"publish","type":"post","link":"https:\/\/www.infopoint.cz\/polsko\/zodiak\/","title":{"rendered":"Zodiak"},"content":{"rendered":"\n<p>Ve \u010dtvrtek 18. \u0159\u00edjna jsme se po obvykl\u00e9 sn\u00eddani u Dany vypravily do Zodiaku, var\u0161avsk\u00e9ho pavilonu architektury. \u0160ly jsme na jisto na v\u00fdstavu nazvanou velmi v\u0161edn\u011b: <strong>Pomnikomania.<\/strong><\/p>\n<p>\u00a0\u00a0\u00a0\u00a0\u00a0\u00a0\u00a0\u00a0\u00a0\u00a0\u00a0 Celou cestu tam jsem ve skrytu du\u0161e p\u0159em\u00fd\u0161lela, co asi budou v pavilonu vystavovat. V\u017edy\u0165 co m\u016f\u017ee b\u00fdt zaj\u00edmav\u00e9ho na n\u011bjak\u00fdch pomn\u00edc\u00edch? Ve m\u011bst\u011b, zvl\u00e1\u0161t\u011b ve Var\u0161av\u011b, jich je plno. M\u00edj\u00edme je, ani\u017e bychom nad nimi p\u0159em\u00fd\u0161leli. Vn\u00edm\u00e1me je jako p\u0159irozenou sou\u010d\u00e1st m\u011bsta a na\u0161i pozornost p\u0159it\u00e1hnou maxim\u00e1ln\u011b ve chv\u00edli, kdy jsou oblo\u017een\u00e9 kv\u011btinov\u00fdmi v\u011bnci.<\/p>\n<p>\u00a0\u00a0\u00a0\u00a0\u00a0\u00a0\u00a0\u00a0\u00a0\u00a0\u00a0<img loading=\"lazy\" decoding=\"async\" class=\"SzDcob alignleft\" src=\"https:\/\/lh3.googleusercontent.com\/iUSMN_RUwxaMOkixEW6IQ30eYLhFvLv4WG77ye4SmIvp6caIuS1DNODtNzqzo2rFQS0nowW99CUjnJwFiMSxGZEPUSNE6fHI48-KVNTp5wNY13WAhgsej9XkX-ZiPzfc18wC_9-4kVTdx73Lq8Rtn16n0xm9L1rYX1_JLeA7fNlmqn5F4JyRIIP0biMLqTdkf-xphsCSaw0vuXPB9sKnzrUi_DYnYZSzOOsBMfUElQKS4rO26mHZUybzekl_vebRwVOo2DIix5NfXSPp1eZtuJNZDZAo0jLUEC5DPFbKght7lC2nXsCpV9qIaEE5MBze1MsuNS7uNXrxZdkljVi6WoLmQc0dGvAEolkIXNazknrR5UMILzvPwHNMeVUnumH3S2Oc-xSjv7H_GEqxugfR5vm6_ksK28yMNie_yeC1WvufUsEtjsnV2H1UcAQ34g_5Qr20vTW8WmtOBf5SefbNNwYjC8sO09z1K_GA6QC6lXAkCNOsVwCzpY8VbGm8ItIUZW7B060QuP-iOmcoHqaFbYccmjTLWbSCGTgjY9Q4hcXFOtE0yZonss--C37JdV9dNE8OeoLV1dK_JrDfF_hoxBylk7-9XkKKQu50dVQx-q7PyPIV_liacq9wRUegjWud_f4NoCztRu1a6LvP5XytGZsFCiRYkmAgB1ufcPHjzxDiw9_FIEkMJ3p7TcgF41AlkGGoYEZ-QUTPp748ZqIK6_qTF58ocQ11outKEU7x1w6kgsI=w562-h671-no\" width=\"215\" height=\"615\" aria-label=\"Fotka \u2013 Na v\u00fd\u0161ku \u2013 17. 10. 2019 12:57:16\" \/> Pavilon Zodiak je v bl\u00edzkosti stanice metra Centrum, ale je tak \u0161ikovn\u011b schov\u00e1n mezi domy, \u017ee, i kdy\u017e jsem m\u00edstem proj\u00ed\u017ed\u011bla, \u010di proch\u00e1zela, mnohokr\u00e1t, v\u0161imla jsem si ho a\u017e te\u010f. Z ru\u0161n\u00e9 n\u011bkolikaproud\u00e9 ulice mus\u00edte proj\u00edt mezi bloky panel\u00e1k\u016f a dostanete se na pom\u011brn\u011b p\u011bknou a architektonicky zaj\u00edmavou pas\u00e1\u017e Wiecha. Tam s\u00eddl\u00ed Zodiak. S naprost\u00fdm sebev\u011bdom\u00edm v\u00e1s modern\u00ed um\u011bn\u00ed p\u0159ekvap\u00ed u\u017e na samotn\u00e9 pas\u00e1\u017ei. Architektonick\u00e9 monumenty v\u00fdstavy Pomnikomanie v\u00e1s vt\u00e1hnou do d\u011bje, je\u0161t\u011b ne\u017e vstoup\u00edte do pavilonu.<\/p>\n<p>\u00a0\u00a0\u00a0\u00a0\u00a0\u00a0\u00a0\u00a0\u00a0\u00a0\u00a0 K um\u011bleck\u00e9mu z\u00e1\u017eitku by mi sta\u010dila u\u017e jen kr\u00e1sn\u011b zrekonstruovan\u00e1 hala Zodiaku, kter\u00e1 d\u0159\u00edve byla, sv\u011bte div se, oby\u010dejnou prodejnou kv\u011btin. Nicm\u00e9n\u011b jsme m\u011bli velik\u00e9 \u0161t\u011bst\u00ed, \u017ee n\u00e1s do vystavovan\u00fdch expon\u00e1t\u016f zasv\u011btil m\u00edstn\u00ed odborn\u00edk \u201emu\u017e s bradkou\u201c. A tak jsme m\u011bli mo\u017enost proniknout do mysli architekt\u016f, kte\u0159\u00ed se pomn\u00edky zab\u00fdvaj\u00ed. Mrz\u00ed m\u011b, \u017ee nedok\u00e1\u017eu vypsat, v\u0161e, co jsme se dozv\u011bd\u011bli, nicm\u00e9n\u011b, jak jsem nejd\u0159\u00edv m\u011bla strach, \u017ee to bude celkem nuda, bylo to nakonec velmi zaj\u00edmav\u00e9 a \u201cnov\u00e9obzoryotv\u00edraj\u00edc\u00ed\u201c. Mysl\u00edm, \u017ee nejen u m\u011b, ale i u v\u011bt\u0161iny z n\u00e1s do\u0161lo k jak\u00e9musi momentu \u201eaha\u201c. A to je dob\u0159e. Proto\u017ee moment \u201eaha\u201c je c\u00edlem ka\u017ed\u00e9ho um\u011bn\u00ed. Jsem si jist\u00e1, \u017ee po t\u00e9to v\u00fdstav\u011b ji\u017e nebudeme m\u011bstsk\u00e9 pomn\u00edky jen tak ledabyle m\u00edjet.<\/p>\n<p><img loading=\"lazy\" decoding=\"async\" class=\"SzDcob\" src=\"https:\/\/lh3.googleusercontent.com\/hOLui6Qza9lP0GrYQPaVjB_iuSiEp9x2n5qs1Auhkye_kHSnN5cCbILpdLWzFB2L4ZOmXDGzwuGhfhpMsD070lj-3ewowDyDuAxdae8j2sER0LTSmM7BeqlRoL52_cKLn1E_u2U5mav0jBJhGKVnCSj6rGX8h5hMivLEzGQH3pyn4GTDNcQEbuMeQ3O_AqdEx4_SHMd6RaTfOrBWyMr5Ta3NnxgGapUwLIHfSDN09tXcSbhb0EJl5T1q98u4aywUuc2vVHInetdHDQtpYI7DB_kWhezcxMAIuGBniHzb1BBCnqrgftWCPlUi0bfpnyMLvLTOoYTIDK_G3xkal4AjHJJtJCxYEgsNnopZS_swLL2ouI_GB8Axes08PGAArhm6qSg_xmHQrlojCddYf8GOVrIJx_OHydjMKDY8T6tFGleiFvhhxxEGP1_A2VhZ61aqMaveA6tW0e6jiJL07wntfeihx4GizAhDYFAtF0XOIejcZ7sLlRzgXwusfQxJopfbkLz8appdFtzVeAyAjcP-9Lg7TowSNr_bW9JYCscqBOky2RHVgn3EcVJyfQ15plaSwr7-HraBRDK1YD810S2Rfoowf76Csz15RTiOhLTW0IbHhpUzXuruUmwwfCdFOA797oDvjrpnuy_uaq6cPEcBtT6Eya9gdUU0yi92uG1oUdbZF8EahSSzHio=s983-no\" width=\"983\" height=\"983\" aria-label=\"Kol\u00e1\u017e \u2013 Fotka \u2013 \u010ctverec \u2013 17. 10. 2019 13:24:12\" data-atf=\"false\" \/><\/p>\n<p>\u00a0\u00a0\u00a0\u00a0\u00a0\u00a0\u00a0\u00a0\u00a0\u00a0\u00a0 Uv\u011bdomila jsem si, jak moc sv\u011bt pot\u0159ebuje um\u011blce. My, oby\u010dejn\u00ed smrteln\u00edci, jsme tak n\u011bjak k n\u011bkter\u00fdm v\u011bcem lhostejn\u00ed, mo\u017en\u00e1 bych \u0159ekla tup\u00ed. Za\u017e\u00edv\u00e1me pocity, kter\u00e9 c\u00edt\u00edme, ale nedovedeme je p\u0159\u00edli\u0161 identifikovat nebo vyj\u00e1d\u0159it a tak v n\u00e1s tak n\u011bjak hnij\u00ed a \u010dekaj\u00ed, a\u017e na n\u011b p\u0159ijde \u0159ada. Naproti tomu ultracitliv\u00e1 du\u0161e um\u011blce velmi dob\u0159e um\u00ed nejen identifikovat, ale i zhmotnit mnoh\u00e9 pocity z lidsk\u00e9ho nitra. A pr\u00e1v\u011b d\u00edky t\u011bmto um\u011blc\u016fm pak m\u016f\u017ee kus t\u00e9 na\u0161\u00ed hloubky, co tam n\u011bkde uvnit\u0159 du\u0161e \u010dek\u00e1, vyplout ven, na povrch a souzn\u00edt s um\u011blcov\u00fdm d\u00edlem. Tak\u017ee jsme pak o n\u011bco svobodn\u011bj\u0161\u00ed, voln\u011bj\u0161\u00ed, o\u010di\u0161t\u011bn\u011bj\u0161\u00ed. D\u011bkuji za to, \u017ee existuj\u00ed um\u011blci. I kdy\u017e jsou asi pro norm\u00e1ln\u00ed \u017eivot nepou\u017eiteln\u00ed, pro na\u0161i du\u0161i jsou po\u017eehn\u00e1n\u00edm. U\u017e mus\u00edm p\u0159estat ps\u00e1t, nebo to bude hrozn\u011b dlouh\u00e9 a nudn\u00e9.<\/p>\n<p><img loading=\"lazy\" decoding=\"async\" class=\"SzDcob\" src=\"https:\/\/lh3.googleusercontent.com\/_Dkw-nZNsdyZ_ocPhZlc-j2l3YkRtP_axQJVMF6sjXF_sPZI8afKoS99Ssc--04rUcdyec1f2AlXlAzKe7BCUIQPgn9BFMcLXFevZjJjknio0v8uorchKYxmQloAlPbgEYBvN_6fTM0AwvV25Rbd-MfJU1_Wzod2y8qskdC5PSXmJwBM-OYW_SFndBGim1f-exq-1ABFhgcT48rQkXc3Gs39hq8o2HTW4ouJPOmczz5wcajeUWxPXVL23hU_a_yUnS9T8SraUcx_UfCfvmK177O44znUlWKnZSOXR7SGwERItbPcED6dahkwOd8sKgNeV8zt-WaVmhbn7dAea1OEmb13bmlL_2hxzD_sw7umv2Mr0-Ye-ONycIh_gFMWmaBThLe16ZWh2zPUGoPqdxl_tq7d-76m7AU92Qv6HtAVS42mQGYJCOUJRwKA9PQzhpZyqJO610uvBT-z_mV9Ralb1xvWM-EgKRu9M01N07CF3cL5VwQt6CrUyXucZGuXlBx-pkEhCxDnAML4WreB8Wn6WFrAdYl0V8_TIFRfXJKePOXSi77JoVK4Z37iiwKkdE1g2ZjvjufuOEchVFtp8brUJBCm3W2SKzud331hrnyHl7j79XxW_eqXQkMMCaQGMPc5h77vsOhi2SPTA9ZN2ve69ruNIcLf31GZwC_fpUqtF2-nVmIjAWmawdzPqc95isoUJynBdC3gO5Qwguviy1ZaPkmkKGx3vtbyVAavGGzvP9KoctY=w1366-h446-no\" width=\"1252\" height=\"408\" aria-label=\"Fotka \u2013 Na \u0161\u00ed\u0159ku \u2013 19. 10. 2019 18:03:13\" \/><\/p>\n<p>\u00a0\u00a0\u00a0\u00a0\u00a0\u00a0\u00a0\u00a0\u00a0\u00a0\u00a0 Miluji na na\u0161ich kulturn\u00edch \u010dtvrtc\u00edch, \u017ee dok\u00e1\u017eeme nasytit du\u0161i i t\u011blo. Tak nap\u00ed\u0161u u\u017e jen dv\u011b slova: Soul Kitchen. Vau\u2026\u2026!!!! Byla jsem tam poprv\u00e9 a v\u00edm, \u017ee ne naposled!<\/p>\n<p>\u00a0Pro Kulturn\u00ed \u010dtvrtek napsala Lenka.<\/p>\n<p><a href=\"https:\/\/photos.app.goo.gl\/iSKP6mmUZgLXyf8m7\">Zde<\/a> si m\u016f\u017eete prohl\u00e9dnout fotografie z t\u00e9to akce.<\/p>\n<p>\u00a0<\/p>\n","protected":false},"excerpt":{"rendered":"<p>Ve \u010dtvrtek 18. \u0159\u00edjna jsme se po obvykl\u00e9 sn\u00eddani u Dany vypravily do Zodiaku, var\u0161avsk\u00e9ho pavilonu architektury. \u0160ly jsme na jisto na v\u00fdstavu nazvanou velmi v\u0161edn\u011b: Pomnikomania. \u00a0\u00a0\u00a0\u00a0\u00a0\u00a0\u00a0\u00a0\u00a0\u00a0\u00a0 Celou cestu tam jsem ve skrytu du\u0161e p\u0159em\u00fd\u0161lela, co asi budou v pavilonu vystavovat. V\u017edy\u0165 co m\u016f\u017ee b\u00fdt zaj\u00edmav\u00e9ho na n\u011bjak\u00fdch pomn\u00edc\u00edch? Ve m\u011bst\u011b, zvl\u00e1\u0161t\u011b ve Var\u0161av\u011b, [&hellip;]<\/p>\n","protected":false},"author":67,"featured_media":0,"comment_status":"open","ping_status":"closed","sticky":false,"template":"","format":"standard","meta":{"ngg_post_thumbnail":0,"footnotes":""},"categories":[2],"tags":[],"class_list":["post-5552","post","type-post","status-publish","format-standard","hentry","category-kulturni-ctvrtky"],"_links":{"self":[{"href":"https:\/\/www.infopoint.cz\/polsko\/wp-json\/wp\/v2\/posts\/5552","targetHints":{"allow":["GET"]}}],"collection":[{"href":"https:\/\/www.infopoint.cz\/polsko\/wp-json\/wp\/v2\/posts"}],"about":[{"href":"https:\/\/www.infopoint.cz\/polsko\/wp-json\/wp\/v2\/types\/post"}],"author":[{"embeddable":true,"href":"https:\/\/www.infopoint.cz\/polsko\/wp-json\/wp\/v2\/users\/67"}],"replies":[{"embeddable":true,"href":"https:\/\/www.infopoint.cz\/polsko\/wp-json\/wp\/v2\/comments?post=5552"}],"version-history":[{"count":5,"href":"https:\/\/www.infopoint.cz\/polsko\/wp-json\/wp\/v2\/posts\/5552\/revisions"}],"predecessor-version":[{"id":5600,"href":"https:\/\/www.infopoint.cz\/polsko\/wp-json\/wp\/v2\/posts\/5552\/revisions\/5600"}],"wp:attachment":[{"href":"https:\/\/www.infopoint.cz\/polsko\/wp-json\/wp\/v2\/media?parent=5552"}],"wp:term":[{"taxonomy":"category","embeddable":true,"href":"https:\/\/www.infopoint.cz\/polsko\/wp-json\/wp\/v2\/categories?post=5552"},{"taxonomy":"post_tag","embeddable":true,"href":"https:\/\/www.infopoint.cz\/polsko\/wp-json\/wp\/v2\/tags?post=5552"}],"curies":[{"name":"wp","href":"https:\/\/api.w.org\/{rel}","templated":true}]}}