{"id":5561,"date":"2019-09-02T08:32:55","date_gmt":"2019-09-02T06:32:55","guid":{"rendered":"https:\/\/www.infopoint.cz\/polsko\/?p=5561"},"modified":"2020-06-24T09:39:48","modified_gmt":"2020-06-24T07:39:48","slug":"chovani-ruska-ukazalo-ze-nejde-jen-o-polskou-hysterii","status":"publish","type":"post","link":"https:\/\/www.infopoint.cz\/polsko\/chovani-ruska-ukazalo-ze-nejde-jen-o-polskou-hysterii\/","title":{"rendered":"\u201eChov\u00e1n\u00ed Ruska uk\u00e1zalo, \u017ee nejde jen o polskou hysterii\u201c"},"content":{"rendered":"\n<blockquote>\n<p>Cel\u00fd sv\u011bt si p\u0159ipom\u00edn\u00e1 vypuknut\u00ed druh\u00e9 sv\u011btov\u00e9 v\u00e1lky, kterou 1. z\u00e1\u0159\u00ed 1939 odstartoval n\u011bmeck\u00fd \u00fatok proti Polsku. \u0160estn\u00e1ct dn\u00ed pot\u00e9, bez&nbsp;form\u00e1ln\u00edho vyhl\u00e1\u0161en\u00ed v\u00e1lky, n\u00e1sledovala sov\u011btsk\u00e1 invaze do&nbsp;Polska. Polsk\u00fd historik a&nbsp;publicista Andrzej Nowak (58) pat\u0159\u00ed mezi nejuzn\u00e1van\u011bj\u0161\u00ed experty na&nbsp;modern\u00ed d\u011bjiny v\u00fdchodn\u00ed Evropy, se&nbsp;zvl\u00e1\u0161tn\u00edm d\u016frazem na&nbsp;Rusko. Je pr\u016fkopn\u00edkem p\u0159\u00edstupu zvan\u00e9ho imperiologie, kter\u00fd do&nbsp;pop\u0159ed\u00ed anal\u00fdzy stav\u00ed pohnutky velmoc\u00ed v\u016f\u010di&nbsp;periferi\u00edm. V&nbsp;\u010cesku mu vy\u0161la kniha <em>Imp\u00e9rium a&nbsp;ti druz\u00ed<\/em> (2010).<\/p>\n<\/blockquote>\n<p>Zdroj: <a href=\"https:\/\/echo24.cz\/a\/SCKcS\/chovani-ruska-ukazalo-ze-nejde-jen-o-polskou-hysterii\">https:\/\/echo24.cz\/a\/SCKcS\/chovani-ruska-ukazalo-ze-nejde-jen-o-polskou-hysterii<\/a><\/p>\n","protected":false},"excerpt":{"rendered":"<p>Cel\u00fd sv\u011bt si p\u0159ipom\u00edn\u00e1 vypuknut\u00ed druh\u00e9 sv\u011btov\u00e9 v\u00e1lky, kterou 1. z\u00e1\u0159\u00ed 1939 odstartoval n\u011bmeck\u00fd \u00fatok proti Polsku. \u0160estn\u00e1ct dn\u00ed pot\u00e9, bez&nbsp;form\u00e1ln\u00edho vyhl\u00e1\u0161en\u00ed v\u00e1lky, n\u00e1sledovala sov\u011btsk\u00e1 invaze do&nbsp;Polska. Polsk\u00fd historik a&nbsp;publicista Andrzej Nowak (58) pat\u0159\u00ed mezi nejuzn\u00e1van\u011bj\u0161\u00ed experty na&nbsp;modern\u00ed d\u011bjiny v\u00fdchodn\u00ed Evropy, se&nbsp;zvl\u00e1\u0161tn\u00edm d\u016frazem na&nbsp;Rusko. Je pr\u016fkopn\u00edkem p\u0159\u00edstupu zvan\u00e9ho imperiologie, kter\u00fd do&nbsp;pop\u0159ed\u00ed anal\u00fdzy stav\u00ed pohnutky velmoc\u00ed [&hellip;]<\/p>\n","protected":false},"author":2,"featured_media":0,"comment_status":"open","ping_status":"closed","sticky":false,"template":"","format":"standard","meta":{"ngg_post_thumbnail":0,"footnotes":""},"categories":[24],"tags":[],"class_list":["post-5561","post","type-post","status-publish","format-standard","hentry","category-zajimavosti"],"_links":{"self":[{"href":"https:\/\/www.infopoint.cz\/polsko\/wp-json\/wp\/v2\/posts\/5561","targetHints":{"allow":["GET"]}}],"collection":[{"href":"https:\/\/www.infopoint.cz\/polsko\/wp-json\/wp\/v2\/posts"}],"about":[{"href":"https:\/\/www.infopoint.cz\/polsko\/wp-json\/wp\/v2\/types\/post"}],"author":[{"embeddable":true,"href":"https:\/\/www.infopoint.cz\/polsko\/wp-json\/wp\/v2\/users\/2"}],"replies":[{"embeddable":true,"href":"https:\/\/www.infopoint.cz\/polsko\/wp-json\/wp\/v2\/comments?post=5561"}],"version-history":[{"count":1,"href":"https:\/\/www.infopoint.cz\/polsko\/wp-json\/wp\/v2\/posts\/5561\/revisions"}],"predecessor-version":[{"id":5562,"href":"https:\/\/www.infopoint.cz\/polsko\/wp-json\/wp\/v2\/posts\/5561\/revisions\/5562"}],"wp:attachment":[{"href":"https:\/\/www.infopoint.cz\/polsko\/wp-json\/wp\/v2\/media?parent=5561"}],"wp:term":[{"taxonomy":"category","embeddable":true,"href":"https:\/\/www.infopoint.cz\/polsko\/wp-json\/wp\/v2\/categories?post=5561"},{"taxonomy":"post_tag","embeddable":true,"href":"https:\/\/www.infopoint.cz\/polsko\/wp-json\/wp\/v2\/tags?post=5561"}],"curies":[{"name":"wp","href":"https:\/\/api.w.org\/{rel}","templated":true}]}}