{"id":5563,"date":"2019-11-21T08:36:54","date_gmt":"2019-11-21T07:36:54","guid":{"rendered":"https:\/\/www.infopoint.cz\/polsko\/?p=5563"},"modified":"2020-06-24T09:41:30","modified_gmt":"2020-06-24T07:41:30","slug":"tomas-halik-bude-v-polsku-ocenen-za-boj-se-zlem-udeli-mu-medaili-svateho-jiri","status":"publish","type":"post","link":"https:\/\/www.infopoint.cz\/polsko\/tomas-halik-bude-v-polsku-ocenen-za-boj-se-zlem-udeli-mu-medaili-svateho-jiri\/","title":{"rendered":"Tom\u00e1\u0161 Hal\u00edk bude v Polsku ocen\u011bn za boj se zlem. Ud\u011bl\u00ed mu medaili svat\u00e9ho Ji\u0159\u00ed"},"content":{"rendered":"\n<blockquote>\n<p class=\"perex\">Medaili svat\u00e9ho Ji\u0159\u00edho ud\u00edlenou ka\u017edoro\u010dn\u011b v&nbsp;Polsku za&nbsp;boj se&nbsp;zlem a&nbsp;vytrval\u00e9 kon\u00e1n\u00ed dobra ve&nbsp;ve\u0159ejn\u00e9m \u017eivot\u011b dostane \u010desk\u00fd kn\u011bz&nbsp;a&nbsp;filozof Tom\u00e1\u0161 Hal\u00edk. \u010cTK to dnes sd\u011blila \u0159editelka \u010cesk\u00e9 k\u0159es\u0165ansk\u00e9 akademie Ilona Trnkov\u00e1. Hal\u00edk&nbsp;cenu p\u0159evezme v&nbsp;sobotu v&nbsp;Krakov\u011b. V&nbsp;minulosti tuto cenu obdr\u017eeli nap\u0159\u00edklad V\u00e1clav Havel, Adam Michnik, polsk\u00fd premi\u00e9r Tadeusz Mazowiecki, filozof Leszek Kolakowski nebo astronom a&nbsp;jedin\u00fd polsk\u00fd nositel Tempeltonovy ceny Michal Heller.<\/p>\n<\/blockquote>\n<p>Zdroj: <a href=\"https:\/\/echo24.cz\/a\/SeHRg\/tomas-halik-bude-v-polsku-ocenen-za-boj-se-zlem-udeli-mu-medaili-svateho-jiri\">https:\/\/echo24.cz\/a\/SeHRg\/tomas-halik-bude-v-polsku-ocenen-za-boj-se-zlem-udeli-mu-medaili-svateho-jiri<\/a><\/p>\n","protected":false},"excerpt":{"rendered":"<p>Medaili svat\u00e9ho Ji\u0159\u00edho ud\u00edlenou ka\u017edoro\u010dn\u011b v&nbsp;Polsku za&nbsp;boj se&nbsp;zlem a&nbsp;vytrval\u00e9 kon\u00e1n\u00ed dobra ve&nbsp;ve\u0159ejn\u00e9m \u017eivot\u011b dostane \u010desk\u00fd kn\u011bz&nbsp;a&nbsp;filozof Tom\u00e1\u0161 Hal\u00edk. \u010cTK to dnes sd\u011blila \u0159editelka \u010cesk\u00e9 k\u0159es\u0165ansk\u00e9 akademie Ilona Trnkov\u00e1. Hal\u00edk&nbsp;cenu p\u0159evezme v&nbsp;sobotu v&nbsp;Krakov\u011b. V&nbsp;minulosti tuto cenu obdr\u017eeli nap\u0159\u00edklad V\u00e1clav Havel, Adam Michnik, polsk\u00fd premi\u00e9r Tadeusz Mazowiecki, filozof Leszek Kolakowski nebo astronom a&nbsp;jedin\u00fd polsk\u00fd nositel Tempeltonovy ceny [&hellip;]<\/p>\n","protected":false},"author":2,"featured_media":0,"comment_status":"open","ping_status":"closed","sticky":false,"template":"","format":"standard","meta":{"ngg_post_thumbnail":0,"footnotes":""},"categories":[24],"tags":[],"class_list":["post-5563","post","type-post","status-publish","format-standard","hentry","category-zajimavosti"],"_links":{"self":[{"href":"https:\/\/www.infopoint.cz\/polsko\/wp-json\/wp\/v2\/posts\/5563","targetHints":{"allow":["GET"]}}],"collection":[{"href":"https:\/\/www.infopoint.cz\/polsko\/wp-json\/wp\/v2\/posts"}],"about":[{"href":"https:\/\/www.infopoint.cz\/polsko\/wp-json\/wp\/v2\/types\/post"}],"author":[{"embeddable":true,"href":"https:\/\/www.infopoint.cz\/polsko\/wp-json\/wp\/v2\/users\/2"}],"replies":[{"embeddable":true,"href":"https:\/\/www.infopoint.cz\/polsko\/wp-json\/wp\/v2\/comments?post=5563"}],"version-history":[{"count":1,"href":"https:\/\/www.infopoint.cz\/polsko\/wp-json\/wp\/v2\/posts\/5563\/revisions"}],"predecessor-version":[{"id":5564,"href":"https:\/\/www.infopoint.cz\/polsko\/wp-json\/wp\/v2\/posts\/5563\/revisions\/5564"}],"wp:attachment":[{"href":"https:\/\/www.infopoint.cz\/polsko\/wp-json\/wp\/v2\/media?parent=5563"}],"wp:term":[{"taxonomy":"category","embeddable":true,"href":"https:\/\/www.infopoint.cz\/polsko\/wp-json\/wp\/v2\/categories?post=5563"},{"taxonomy":"post_tag","embeddable":true,"href":"https:\/\/www.infopoint.cz\/polsko\/wp-json\/wp\/v2\/tags?post=5563"}],"curies":[{"name":"wp","href":"https:\/\/api.w.org\/{rel}","templated":true}]}}